{"id":289892,"date":"2026-07-09T17:56:23","date_gmt":"2026-07-09T17:56:23","guid":{"rendered":"https:\/\/www.europesays.com\/no\/289892\/"},"modified":"2026-07-09T17:56:23","modified_gmt":"2026-07-09T17:56:23","slug":"motorsyklist-til-sykehus-etter-ulykke","status":"publish","type":"post","link":"https:\/\/www.europesays.com\/no\/289892\/","title":{"rendered":"Motorsyklist til sykehus etter ulykke"},"content":{"rendered":"<p> (<a href=\"https:\/\/www.dt.no\" rel=\"nofollow noopener\" target=\"_blank\">Drammens Tidende<\/a>) <\/p>\n<p><b>ASKER:<\/b> Politi og ambulanse rykket onsdag kveld ut til Tofteveien, mellom Tofte og Kana, hvor det har v\u00e6rt en MC-ulykke.<\/p>\n<p>If\u00f8lge politiet dreier det seg om en singelulykke.<\/p>\n<p>\u2013 MC-f\u00f8reren blir sett til av helsepersonell og er bevisst, melder politiets operasjonsleder \u00d8yvind Hammervold.<\/p>\n<p>Han sier til Drammens Tidende at motorsyklisten ikke skal v\u00e6re kritisk skadet. Utover det er f\u00f8rerens skadegrad forel\u00f8pig ukjent. Vedkommende kj\u00f8res til sykehus for unders\u00f8kelser.<\/p>\n<p>\u2013 F\u00f8rer sier han har havnet p\u00e5 utsiden av veien og som f\u00f8lge av dette havnet i gr\u00f8fta, melder politiet.<\/p>\n<p>   <img decoding=\"async\" width=\"2016\" height=\"1512\" fetchpriority=\"low\"  loading=\"lazy\"  src=\"https:\/\/www.europesays.com\/no\/wp-content\/uploads\/2026\/07\/17879816-9034-4f2b-9ccb-fa344c08a993.jpeg\" alt=\"\" class=\"brick-c-cFOWSL\" style=\"--brick-image-ratio: 2016 \/ 1512;\"\/><\/p>\n<p>   <img decoding=\"async\" width=\"1638\" height=\"1226\" fetchpriority=\"low\"  loading=\"lazy\"  src=\"https:\/\/www.europesays.com\/no\/wp-content\/uploads\/2026\/07\/f9772972-80c5-4fe2-8c6a-d1eb146ea3aa.jpeg\" alt=\"\" class=\"brick-c-cFOWSL\" style=\"--brick-image-ratio: 1638 \/ 1226;\"\/><\/p>\n","protected":false},"excerpt":{"rendered":"(Drammens Tidende) ASKER: Politi og ambulanse rykket onsdag kveld ut til Tofteveien, mellom Tofte og Kana, hvor det&hellip;\n","protected":false},"author":2,"featured_media":289893,"comment_status":"","ping_status":"","sticky":false,"template":"","format":"standard","meta":{"footnotes":"","_share_on_mastodon":"0"},"categories":[10],"tags":[36,996,20,21,24,25,15,22,23,13,30,28,29,14,16,1510,26,27],"class_list":["post-289892","post","type-post","status-publish","format-standard","has-post-thumbnail","category-norge","tag-art","tag-asker","tag-breaking-news","tag-breakingnews","tag-featured-news","tag-featurednews","tag-headlines","tag-latest-news","tag-latestnews","tag-news","tag-no","tag-norge","tag-norway","tag-nyheter","tag-overskrifter","tag-story","tag-top-stories","tag-topstories"],"share_on_mastodon":{"url":"https:\/\/pubeurope.com\/@no\/116891313522067363","error":""},"_links":{"self":[{"href":"https:\/\/www.europesays.com\/no\/wp-json\/wp\/v2\/posts\/289892","targetHints":{"allow":["GET"]}}],"collection":[{"href":"https:\/\/www.europesays.com\/no\/wp-json\/wp\/v2\/posts"}],"about":[{"href":"https:\/\/www.europesays.com\/no\/wp-json\/wp\/v2\/types\/post"}],"author":[{"embeddable":true,"href":"https:\/\/www.europesays.com\/no\/wp-json\/wp\/v2\/users\/2"}],"replies":[{"embeddable":true,"href":"https:\/\/www.europesays.com\/no\/wp-json\/wp\/v2\/comments?post=289892"}],"version-history":[{"count":0,"href":"https:\/\/www.europesays.com\/no\/wp-json\/wp\/v2\/posts\/289892\/revisions"}],"wp:featuredmedia":[{"embeddable":true,"href":"https:\/\/www.europesays.com\/no\/wp-json\/wp\/v2\/media\/289893"}],"wp:attachment":[{"href":"https:\/\/www.europesays.com\/no\/wp-json\/wp\/v2\/media?parent=289892"}],"wp:term":[{"taxonomy":"category","embeddable":true,"href":"https:\/\/www.europesays.com\/no\/wp-json\/wp\/v2\/categories?post=289892"},{"taxonomy":"post_tag","embeddable":true,"href":"https:\/\/www.europesays.com\/no\/wp-json\/wp\/v2\/tags?post=289892"}],"curies":[{"name":"wp","href":"https:\/\/api.w.org\/{rel}","templated":true}]}}