{"id":29021,"date":"2025-09-07T06:34:16","date_gmt":"2025-09-07T06:34:16","guid":{"rendered":"https:\/\/www.europesays.com\/no\/29021\/"},"modified":"2025-09-07T06:34:16","modified_gmt":"2025-09-07T06:34:16","slug":"steinkjer-morgenrapport-kvinne-slo-taxisjafor-mann-slo-kvinne-ekstremt-travelt","status":"publish","type":"post","link":"https:\/\/www.europesays.com\/no\/29021\/","title":{"rendered":"Steinkjer, Morgenrapport | Kvinne slo taxisj\u00e5f\u00f8r, mann slo kvinne: \u2013 Ekstremt travelt"},"content":{"rendered":"\n<p>\u2013 Det har v\u00e6rt ei ekstremt travel nattevakt, men da fortrinnsvis i Trondheim, sier operasjonsleder Einar Larsen R\u00f8stum ved Tr\u00f8ndelag politidistrikt s\u00f8ndag morgen.<\/p>\n<p>De fleste oppdragene har dreid seg om fyll, festbr\u00e5k og bortvisninger.<\/p>\n<p>Da den siste av \u00c5ge konsertene var avsluttet p\u00e5 Lerkendal var det i l\u00f8pet av de tre konsertene gjennomf\u00f8rt 17 oppdrag for ordensforstyrrelse og sl\u00e5ssing. P\u00e5 den siste konsertern ble ogs\u00e5 en person bortvist for \u00e5 ha avfyrt bluss p\u00e5 stadion.<\/p>\n<p>\u2013 Ti personer har blitt bortvist fra omr\u00e5det, mens fire ble innbragt til arresten. Tre av dem fordi de ikke fulgte politiet p\u00e5legg om \u00e5 fjerne seg.<\/p>\n<p><b>Kvinne slo til taxisj\u00e5f\u00f8r<\/b><\/p>\n<p>Men if\u00f8lge R\u00f8stum hadde natta bare s\u00e5 vidt startet. Da s\u00f8ndag n\u00e6rmet seg en time gammel m\u00e5tte politiet rykke ut til et hotell i byen. Her hadde en kvinnelig taxipassasjer i 20-\u00e5rene sl\u00e5tt til sj\u00e5f\u00f8ren, som ble p\u00e5f\u00f8rt et kutt i leppa.<\/p>\n<p>\u2013 Politiet kjenner ikke foranledningen til kvinnens reaksjon, men kvinnen er anmeldt.<\/p>\n<p><b>Vold mot kvinne<\/b><\/p>\n<p>\u00c9n time senere fikk politiet melding om vold mot en kvinne ved Lademoen kirke. Kvinnen i 40-\u00e5rene skal ha blitt dyttet i bakken, lugget og sl\u00e5tt.<\/p>\n<p>\u2013 Det var et vitne som s\u00e5 det som skjedde og varslet oss. P\u00e5 bakgrunn av det vitnet forklarte p\u00e5grep vi en mann i 50-\u00e5rene som fikk overnatte i arresten. Saken er anmeldt.<\/p>\n<p><b>Br\u00e5k i sentrum<\/b><\/p>\n<p>Like f\u00f8r kl. 5.00 rykket politiet i Steinkjer ut til en adresse i sentrum. Her \u00f8nsket tre menn i 20 og 30-\u00e5rene \u00e5 komme inn til en mann som bodde p\u00e5 stedet. Mannen p\u00e5 innsiden av huset hadde ikke noe \u00f8nske om bes\u00f8k, og dette endte med at det ble ganske mye st\u00f8y p\u00e5 utsiden av byg\u00e5rden. Hvorfor de \u00f8nsket \u00e5 bes\u00f8ke fjerdeperson, kjenner ikke politiet bakgrunnen for.<\/p>\n<p>\u2013 Alle involverte er personer politiet kjenner godt fra f\u00f8r. Hva som var anledningen for uenigheten har jeg s\u00e5 langt ikke kjennskap til. Alle tre ble bortvist fra stedet.<\/p>\n<p>Det var ogs\u00e5 knust ei rute p\u00e5 en bil p\u00e5 stedet. Alle de tre bortviste nektet for \u00e5 ha noe med dette \u00e5 gj\u00f8re.<\/p>\n<p><b>Klaget over festst\u00f8y<\/b><\/p>\n<p>Ikke lenge etter m\u00e5tte politiet ta turen til en adresse like i utkanten av Steinkjer sentrum. En adresse de har v\u00e6rt p\u00e5 flere ganger tidligere. Naboene klaget over br\u00e5k og en fest som hadde p\u00e5g\u00e5tt hele natta hos en kvinne i 30-\u00e5rene.<\/p>\n<p>Kvinnen fikk beskjed om \u00e5 senke lydniv\u00e5et og roe ned, noe hun lovte \u00e5 etterkomme.<\/p>\n<p><b>Mer regn enn sol<\/b><\/p>\n<p>S\u00f8ndagen starter med noe nedb\u00f8r. Men utover dagen blir det stort sett opphold. Det kan ogs\u00e5 bli noen sprekker i skydekket p\u00e5 ettermiddagen. I indre deler, ganske pent v\u00e6r det meste av dagen.<\/p>\n<p><b>P\u00e5 T-A i dag<\/b><\/p>\n<p>Klokka 23.04 l\u00f8rdag kveld var det hele over. Sambandet gikk over i historien. M\u00f8rket senket seg over Lerkendal. Tilbake st\u00e5r \u00c5ge Aleksandersen alene. Hva skjer n\u00e5?<\/p>\n<p>  <a href=\"https:\/\/www.t-a.no\/5-116-2216282\" class=\"related-teaser has-image default-story-teaser article--c-eRUmMG article--c-eRUmMG-jKCPdD-design-default\" rel=\"nofollow noopener\" target=\"_blank\"><\/p>\n<p>    <img decoding=\"async\" loading=\"lazy\"  src=\"https:\/\/www.europesays.com\/no\/wp-content\/uploads\/2025\/09\/DSC_7595-2.jpeg\" alt=\"\" class=\"brick-c-cFOWSL\" style=\"\"\/><\/p>\n<p>\n            Les ogs\u00e5<\/p>\n<p>              F\u00f8lelsan d\u00e6m slit i oss \u2013 ka vil fremtida gi\n        <\/p>\n<p>  <\/a><\/p>\n<p>Torild (31) og Kristoffer (31) totalrenoverte huset fra 1964. Slitsomt, ja, men det var verdt det.<\/p>\n<p>  <a href=\"https:\/\/www.t-a.no\/5-116-2207567\" class=\"related-teaser has-image default-feature-teaser article--c-eRUmMG article--c-eRUmMG-jKCPdD-design-default\" rel=\"nofollow noopener\" target=\"_blank\"><\/p>\n<p>    <img decoding=\"async\" loading=\"lazy\"  src=\"https:\/\/www.europesays.com\/no\/wp-content\/uploads\/2025\/09\/SB_60Tallshus_27.jpg\" alt=\"\" class=\"brick-c-cFOWSL\" style=\"\"\/><\/p>\n<p>\n            Les ogs\u00e5<\/p>\n<p>              Totalrenoverte huset fra 1964: \u2013 Slitsomt, men utrolig l\u00e6rerikt\n        <\/p>\n<p>  <\/a><\/p>\n<p>Da det plutselig passerte ni biler etter hverandre mens familien spiste frokost forrige l\u00f8rdag, skj\u00f8nte Morten Husby at noe hadde skjedd p\u00e5 E6.<\/p>\n<p>  <a href=\"https:\/\/www.t-a.no\/5-116-2216132\" class=\"related-teaser has-image default-story-teaser article--c-eRUmMG article--c-eRUmMG-jKCPdD-design-default\" rel=\"nofollow noopener\" target=\"_blank\"><\/p>\n<p>    <img decoding=\"async\" loading=\"lazy\"  src=\"https:\/\/www.europesays.com\/no\/wp-content\/uploads\/2025\/09\/DSC_7879+%281%29.jpg\" alt=\"\" class=\"brick-c-cFOWSL\" style=\"\"\/><\/p>\n<p>\n            Les ogs\u00e5<\/p>\n<p>              Livet ved omkj\u00f8ringsvegen: \u2013 Det ble bedre da storbilene forsvant\n        <\/p>\n<p>  <\/a><\/p>\n","protected":false},"excerpt":{"rendered":"\u2013 Det har v\u00e6rt ei ekstremt travel nattevakt, men da fortrinnsvis i Trondheim, sier operasjonsleder Einar Larsen R\u00f8stum&hellip;\n","protected":false},"author":2,"featured_media":3842,"comment_status":"","ping_status":"","sticky":false,"template":"","format":"standard","meta":{"footnotes":""},"categories":[10],"tags":[36,20,21,24,25,15,22,23,739,13,30,28,29,14,16,984,1510,26,27,4376,941],"class_list":{"0":"post-29021","1":"post","2":"type-post","3":"status-publish","4":"format-standard","5":"has-post-thumbnail","7":"category-norge","8":"tag-art","9":"tag-breaking-news","10":"tag-breakingnews","11":"tag-featured-news","12":"tag-featurednews","13":"tag-headlines","14":"tag-latest-news","15":"tag-latestnews","16":"tag-morgenrapport","17":"tag-news","18":"tag-no","19":"tag-norge","20":"tag-norway","21":"tag-nyheter","22":"tag-overskrifter","23":"tag-steinkjer","24":"tag-story","25":"tag-top-stories","26":"tag-topstories","27":"tag-trondelag-politidistrikt","28":"tag-ulykker-og-hendelser"},"share_on_mastodon":{"url":"","error":""},"_links":{"self":[{"href":"https:\/\/www.europesays.com\/no\/wp-json\/wp\/v2\/posts\/29021","targetHints":{"allow":["GET"]}}],"collection":[{"href":"https:\/\/www.europesays.com\/no\/wp-json\/wp\/v2\/posts"}],"about":[{"href":"https:\/\/www.europesays.com\/no\/wp-json\/wp\/v2\/types\/post"}],"author":[{"embeddable":true,"href":"https:\/\/www.europesays.com\/no\/wp-json\/wp\/v2\/users\/2"}],"replies":[{"embeddable":true,"href":"https:\/\/www.europesays.com\/no\/wp-json\/wp\/v2\/comments?post=29021"}],"version-history":[{"count":0,"href":"https:\/\/www.europesays.com\/no\/wp-json\/wp\/v2\/posts\/29021\/revisions"}],"wp:featuredmedia":[{"embeddable":true,"href":"https:\/\/www.europesays.com\/no\/wp-json\/wp\/v2\/media\/3842"}],"wp:attachment":[{"href":"https:\/\/www.europesays.com\/no\/wp-json\/wp\/v2\/media?parent=29021"}],"wp:term":[{"taxonomy":"category","embeddable":true,"href":"https:\/\/www.europesays.com\/no\/wp-json\/wp\/v2\/categories?post=29021"},{"taxonomy":"post_tag","embeddable":true,"href":"https:\/\/www.europesays.com\/no\/wp-json\/wp\/v2\/tags?post=29021"}],"curies":[{"name":"wp","href":"https:\/\/api.w.org\/{rel}","templated":true}]}}