{"id":290264,"date":"2026-07-10T06:29:16","date_gmt":"2026-07-10T06:29:16","guid":{"rendered":"https:\/\/www.europesays.com\/no\/290264\/"},"modified":"2026-07-10T06:29:16","modified_gmt":"2026-07-10T06:29:16","slug":"sommerhytta-tv2-vant-sommerhytta-na-avslorer-de-store-planer","status":"publish","type":"post","link":"https:\/\/www.europesays.com\/no\/290264\/","title":{"rendered":"Sommerhytta, TV2 | Vant \u00abSommerhytta\u00bb \u2013 n\u00e5 avsl\u00f8rer de store planer"},"content":{"rendered":"\n<p>I ti intense uker har de fire deltakerparene i \u00abSommerhytta\u00bb p\u00e5 TV 2 kjempet med nebb og kl\u00f8r for \u00e5 lage den fineste hytta. Torsdag gikk finalen endelig av stabelen.<\/p>\n<p>Det var en jevn finale, men det var til slutt Adam O. Ellingsen (26) og Sindre \u00d8vrum Konger\u00f8d (29) fra Porsgrunn som fikk overtaket og hanket inn de avgj\u00f8rende gullhammerne som sikret seieren.<\/p>\n<p>Ikke bare sto de igjen som vinnere av \u00abSommerhytta\u00bb, de er ogs\u00e5 n\u00e5 heldige eiere av hytta de brukt utallige arbeidstimer og krefter p\u00e5.<\/p>\n<p>Overfor Nettavisen sier paret at de har store planer for hytta.<\/p>\n<p>\u2013 Ikke forventet<\/p>\n<p>Til Nettavisen forteller Sindre Konger\u00f8d at de gikk inn i konkurransen med m\u00e5l om \u00e5 gi alt fra f\u00f8rste sekund.<\/p>\n<p>\u2013 Vi forventet ikke \u00e5 vinne, men vi hadde selvf\u00f8lgelig et stort h\u00e5p. Vi ville gj\u00f8re alt i v\u00e5r makt og ikke angre p\u00e5 at vi ikke hadde gjort alt, sier Konger\u00f8d til Nettavisen, og legger til:<\/p>\n<p>\u2013 Vi h\u00f8rte mye p\u00e5 ekspertene og r\u00e5dene de kom med, men samtidig var vi hele veien tro til v\u00e5r egen stil og egne ideer.<\/p>\n<p>   <img decoding=\"async\" width=\"7008\" height=\"4672\" fetchpriority=\"low\"  loading=\"lazy\"  src=\"https:\/\/www.europesays.com\/no\/wp-content\/uploads\/2026\/07\/DSC03989.JPG\" alt=\"\" class=\"brick-c-cFOWSL\" style=\"--brick-image-ratio: 7008 \/ 4672;\"\/><\/p>\n<p>      IKKE FORVENTET: Adam O. Ellingsen og Sindre \u00d8vrum Konger\u00f8d hadde ikke sett for seg \u00e5 vinne.<br \/>\n      Foto: TV 2\n    <\/p>\n<p>P\u00e5 sp\u00f8rsm\u00e5l om det hadde v\u00e6rt aktuelt \u00e5 kj\u00f8pe egen hytte dersom de ikke gikk helt til topps, svarer Ellingsen:<\/p>\n<p>\u2013 Hvis vi ikke hadde vunnet hadde det v\u00e6rt ganske s\u00e5rt, men det er et veldig dyrt omr\u00e5de. S\u00e5 det er ikke bare \u00e5 kj\u00f8pe den om man ikke vinner.<\/p>\n<p>   <img decoding=\"async\" width=\"1600\" height=\"900\" fetchpriority=\"low\"  loading=\"lazy\"  src=\"https:\/\/www.europesays.com\/no\/wp-content\/uploads\/2026\/07\/sommerhytta1 %281%29.jpg\" alt=\"\" class=\"brick-c-cFOWSL\" style=\"--brick-image-ratio: 1600 \/ 900;\"\/><\/p>\n<p>      STORE PLANER: Adam O. Ellingsen og Sindre \u00d8vrum har planene klare for hytta.<br \/>\n      Foto: Thea Nielsen (TV 2)\n    <\/p>\n<p>  Dette gj\u00f8r de med hytta<\/p>\n<p>Som nevnt f\u00e5r vinnerparet sin helt egen hytte, verdt rundt 3,5 millioner kroner. N\u00e5 kan de fortelle at de allerede har planer om flere endringer p\u00e5 eiendommen.<\/p>\n<p>\u2013 Vi skal beholde hytta. Vi har lyst til \u00e5 fortsette med flere prosjekter der. Vi vil heve tomten, bygge ut og har flere store planer, sier Adam.<\/p>\n<p>    Vil du se neste video?<\/p>\n<p>    <a href=\"https:\/\/www.ta.no\/her-faller-bruden\/v\/5-50-2376493\" class=\"recommend-poster\" data-adp-clicklabel=\"video-recommend\" data-adp-clickvalue=\"poster\" rel=\"nofollow noopener\" target=\"_blank\"><br \/>\n      <img decoding=\"async\" width=\"200\" height=\"200\" loading=\"lazy\" src=\"https:\/\/www.europesays.com\/no\/wp-content\/uploads\/2026\/07\/v-i-08a46ab9-54ec-4b84-a00c-dbab226f54cc-1.jpg\" alt=\"\" class=\"brick-c-cFOWSL\" style=\"--brick-image-ratio: 200 \/ 200;\"\/><\/p>\n<p>Her faller bruden0:12<\/p>\n<p>    <\/a><\/p>\n<p>Konger\u00f8d trekker ogs\u00e5 fram at \u00e5rets hytter kommer med st\u00f8rre tomter enn tidligere, noe som gir dem flere muligheter.<\/p>\n<p>\u2013 Ett av privilegiene i \u00e5r er at vi har s\u00e5 store tomter, og da har vi muligheten til \u00e5 gj\u00f8re ganske mye. S\u00e5 det kommer vi til \u00e5 utnytte, sier Sindre.<\/p>\n<p>Under innspillingen har deltakerne ikke brukt noen av sine egne penger, men det er planen at de skal investere i hytta fremover.<\/p>\n<p>Forel\u00f8pig har de imidlertid ikke satt noe konkret budsjett.<\/p>\n<p>\u2013 Vi har ikke satt noe budsjett. Planen er at vi skal bo oss litt inn n\u00e5r vi overtar og ser hva slags l\u00f8sninger vi trenger, avslutter Ellingsen.<\/p>\n","protected":false},"excerpt":{"rendered":"I ti intense uker har de fire deltakerparene i \u00abSommerhytta\u00bb p\u00e5 TV 2 kjempet med nebb og kl\u00f8r&hellip;\n","protected":false},"author":2,"featured_media":290265,"comment_status":"","ping_status":"","sticky":false,"template":"","format":"standard","meta":{"footnotes":"","_share_on_mastodon":"0"},"categories":[59],"tags":[36,30,28,29,1370,10862,83,82,1510,1130],"class_list":["post-290264","post","type-post","status-publish","format-standard","has-post-thumbnail","category-sport","tag-art","tag-no","tag-norge","tag-norway","tag-porsgrunn","tag-sommerhytta","tag-sport","tag-sports","tag-story","tag-tv2"],"share_on_mastodon":{"url":"https:\/\/pubeurope.com\/@no\/116894274130385216","error":""},"_links":{"self":[{"href":"https:\/\/www.europesays.com\/no\/wp-json\/wp\/v2\/posts\/290264","targetHints":{"allow":["GET"]}}],"collection":[{"href":"https:\/\/www.europesays.com\/no\/wp-json\/wp\/v2\/posts"}],"about":[{"href":"https:\/\/www.europesays.com\/no\/wp-json\/wp\/v2\/types\/post"}],"author":[{"embeddable":true,"href":"https:\/\/www.europesays.com\/no\/wp-json\/wp\/v2\/users\/2"}],"replies":[{"embeddable":true,"href":"https:\/\/www.europesays.com\/no\/wp-json\/wp\/v2\/comments?post=290264"}],"version-history":[{"count":0,"href":"https:\/\/www.europesays.com\/no\/wp-json\/wp\/v2\/posts\/290264\/revisions"}],"wp:featuredmedia":[{"embeddable":true,"href":"https:\/\/www.europesays.com\/no\/wp-json\/wp\/v2\/media\/290265"}],"wp:attachment":[{"href":"https:\/\/www.europesays.com\/no\/wp-json\/wp\/v2\/media?parent=290264"}],"wp:term":[{"taxonomy":"category","embeddable":true,"href":"https:\/\/www.europesays.com\/no\/wp-json\/wp\/v2\/categories?post=290264"},{"taxonomy":"post_tag","embeddable":true,"href":"https:\/\/www.europesays.com\/no\/wp-json\/wp\/v2\/tags?post=290264"}],"curies":[{"name":"wp","href":"https:\/\/api.w.org\/{rel}","templated":true}]}}