{"id":290304,"date":"2026-07-10T07:21:16","date_gmt":"2026-07-10T07:21:16","guid":{"rendered":"https:\/\/www.europesays.com\/no\/290304\/"},"modified":"2026-07-10T07:21:16","modified_gmt":"2026-07-10T07:21:16","slug":"norske-supportere-lager-vm-fest-hjemme","status":"publish","type":"post","link":"https:\/\/www.europesays.com\/no\/290304\/","title":{"rendered":"Norske supportere lager VM-fest hjemme"},"content":{"rendered":"\n<p class=\"_paragraph_145nj_4 _paragraph_6fko5_10 layout-component text-serif-m layout-normal text-serif-m layout-padded\">I Bergen har et helt borettslag gjort parkeringsplassen om til en fotballfest. Med projektor, gipsplater som lerret og egen VM-kiosk, samles naboer i alle aldre for \u00e5 se Norge spille.<\/p>\n<p class=\"_paragraph_145nj_4 _paragraph_6fko5_10 layout-component text-serif-m layout-normal text-serif-m layout-padded\">\u2013 Her er absolutt alle velkomne, sier arrang\u00f8r og nabolagsmann Vegard Lund Bergheim til VG.<\/p>\n<p class=\"_paragraph_145nj_4 _paragraph_6fko5_10 layout-component text-serif-m layout-normal text-serif-m layout-padded\"><strong class=\"_strong_145nj_25\">Blir hagen din forvandlet til en liten supporterarena p\u00e5 l\u00f8rdag? Da vil VG gjerne h\u00f8re fra deg. <a href=\"https:\/\/www.vg.no\/tips-oss\" class=\"_link_145nj_39\" rel=\"nofollow noopener\" target=\"_blank\">Tips oss her!<\/a><\/strong><\/p>\n<p class=\"_paragraph_145nj_4 _paragraph_6fko5_10 layout-component text-serif-m layout-normal text-serif-m layout-padded\">Ideen har han hatt lenge.<\/p>\n<p class=\"_paragraph_145nj_4 _paragraph_6fko5_10 layout-component text-serif-m layout-normal text-serif-m layout-padded\">\u2013 Jeg har en projektor som jeg lenge har hatt lyst til \u00e5 bruke ute. Da Norge kom til VM, og det skulle spilles i USA, ble jeg s\u00e5 glad for at flere av kampene gikk p\u00e5 natten, for da kunne den endelig brukes ute.<\/p>\n<p><img alt=\"Borettslaget har laget en egen kiosk i garasjen der supporterne kan kj\u00f8pe snacks til innkj\u00f8pspris.  Foto: Privat\" class=\"_image_jw3bv_65 layout-component layout-normal\" data-fullscreen- data-track-element-type=\"Article image fullscreen\" data-track-name=\"ImageFullscreen\" decoding=\"async\" loading=\"lazy\" height=\"1907\" itemprop=\"image\"  src=\"https:\/\/www.europesays.com\/no\/wp-content\/uploads\/2026\/07\/4f4601a7-c537-3e39-9b9d-db45212f43f8.png\"  style=\"object-position:50.727513227513235% 49.632931305715786%\" width=\"1512\"\/>Borettslaget har laget en egen kiosk i garasjen der supporterne kan kj\u00f8pe snacks til innkj\u00f8pspris.  Foto: Privat<\/p>\n<p class=\"_paragraph_145nj_4 _paragraph_6fko5_10 layout-component text-serif-m layout-normal text-serif-m layout-padded\">Sammen med tre andre sm\u00e5barnsfedre i nabolaget begynte snekringen like f\u00f8r mesterskapet. Utgiftene har v\u00e6rt p\u00e5 rundt 6000 kroner, og det har borettslaget delt p\u00e5.<\/p>\n<p class=\"_paragraph_145nj_4 _paragraph_6fko5_10 layout-component text-serif-m layout-normal text-serif-m layout-padded\">Under den f\u00f8rste kampen mellom Norge og Irak dukket det opp rundt 80 stykker.<\/p>\n<ul class=\"_gallery_1qa3s_23\" tabindex=\"0\">\n<li class=\"_item_1qa3s_37\" data-index=\"0\"><img decoding=\"async\" class=\"_image_foru8_23 _articleGallery_foru8_39\" data-fullscreen- width=\"4080\" height=\"3072\" itemprop=\"image\" loading=\"lazy\"  src=\"https:\/\/www.europesays.com\/no\/wp-content\/uploads\/2026\/07\/665810fc-2cf7-335f-b32a-acc81c99430c.jpeg\"  style=\"object-position:50% 50%;aspect-ratio:var(--gallery-aspect-ratio, 16 \/ 9)\"\/>Arrang\u00f8rene av nabolagsfesten har lagt kunstgress p\u00e5 asfalten for anledningen. Foto: Privat<\/li>\n<li class=\"_item_1qa3s_37\" data-index=\"1\"><img decoding=\"async\" class=\"_image_foru8_23 _articleGallery_foru8_39\" data-fullscreen- width=\"3072\" height=\"4080\" itemprop=\"image\" loading=\"lazy\"  src=\"https:\/\/www.europesays.com\/no\/wp-content\/uploads\/2026\/07\/a69c3b6e-6c52-3edf-84ba-bb3b77d6092f.jpeg\"  style=\"object-position:50% 50%;aspect-ratio:var(--gallery-aspect-ratio, 16 \/ 9)\"\/>Lerretet ble bygget p\u00e5 noen timer. Foto: Privat<\/li>\n<li class=\"_item_1qa3s_37\" data-index=\"2\"><img decoding=\"async\" class=\"_image_foru8_23 _articleGallery_foru8_39\" data-fullscreen- width=\"3072\" height=\"4080\" itemprop=\"image\" loading=\"lazy\"  src=\"https:\/\/www.europesays.com\/no\/wp-content\/uploads\/2026\/07\/4ae27a31-2fd9-349b-97a7-936992e7e79f.jpeg\"  style=\"object-position:50% 50%;aspect-ratio:var(--gallery-aspect-ratio, 16 \/ 9)\"\/>\u2013 Rema-butikken p\u00e5 andre siden av veien har sponset potetgull som naboene kan kj\u00f8pe til innkj\u00f8pspris i kiosken i garasjen, sier Bergheim. Foto: Privat<\/li>\n<\/ul>\n<p>Arrang\u00f8rene av nabolagsfesten har lagt kunstgress p\u00e5 asfalten for anledningen. Foto: Privat<\/p>\n<p class=\"_paragraph_145nj_4 _paragraph_6fko5_10 layout-component text-serif-m layout-normal text-serif-m layout-padded\">\u2013 En ting jeg ikke hadde tenkt p\u00e5, var det ansvaret man f\u00e5r. Folk kom jo for \u00e5 se kamp, og det ble litt komplikasjoner med internettdekning og teknisk svikt. Jeg hadde skyh\u00f8y puls, og klarte ikke helt \u00e5 nyte den f\u00f8rste kampen.<\/p>\n<p class=\"_paragraph_145nj_4 _paragraph_6fko5_10 layout-component text-serif-m layout-normal text-serif-m layout-padded\">Til l\u00f8rdagens kamp skal invitasjonene sendes ut til enda flere. P\u00e5 sp\u00f8rsm\u00e5l om dette blir en tradisjon til neste store idrettsarrangement er talen klar:<\/p>\n<p class=\"_paragraph_145nj_4 _paragraph_6fko5_10 layout-component text-serif-m layout-normal text-serif-m layout-padded\">\u2013 Absolutt! N\u00e5 er parkeringsplassen etablert som en festarena, det er helt sikkert, sier Bergheim.<\/p>\n<p class=\"_paragraph_145nj_4 _paragraph_6fko5_10 layout-component text-serif-m layout-normal text-serif-m layout-padded\">Ogs\u00e5 i hovedstaten er stemningen spent f\u00f8r l\u00f8rdagens kvartfinale. <\/p>\n<p class=\"_paragraph_145nj_4 _paragraph_6fko5_10 layout-component text-serif-m layout-normal text-serif-m layout-padded\">Fotballentusiasten Trym Skaare p\u00e5 Rodel\u00f8kka i Oslo har rigget opp storskjerm i bakg\u00e5rden for hele nabolaget. N\u00e5 venter en ny stor kamp p\u00e5 l\u00f8rdag.<\/p>\n<p class=\"_paragraph_145nj_4 _paragraph_6fko5_10 layout-component text-serif-m layout-normal text-serif-m layout-padded\">Riggingen har han st\u00e5tt for selv, og selv om han ikke er en t\u00f8mrer er han forn\u00f8yd med resultatet.<\/p>\n<p><img alt=\"Fotballfest p\u00e5 Rodel\u00f8kka.  Foto: Privat\" class=\"_image_jw3bv_65 layout-component layout-normal\" data-fullscreen- data-track-element-type=\"Article image fullscreen\" data-track-name=\"ImageFullscreen\" decoding=\"async\" loading=\"lazy\" height=\"3024\" itemprop=\"image\"  src=\"https:\/\/www.europesays.com\/no\/wp-content\/uploads\/2026\/07\/e5f35a8f-52a7-37b9-a4be-6f47037a1d4f.jpeg\"  style=\"object-position:48.735119047619044% 56.28306878306878%\" width=\"4032\"\/>Fotballfest p\u00e5 Rodel\u00f8kka.  Foto: Privat<\/p>\n<p class=\"_paragraph_145nj_4 _paragraph_6fko5_10 layout-component text-serif-m layout-normal text-serif-m layout-padded\">\u2013 Det er egentlig et under at den fremdeles st\u00e5r, men folk synes det er sjarmerende tror jeg, sier han til VG.<\/p>\n<p class=\"_paragraph_145nj_4 _paragraph_6fko5_10 layout-component text-serif-m layout-normal text-serif-m layout-padded\">Han fikk med seg borettslaget p\u00e5 ideen om \u00e5 vise kampene gratis for nabolaget, i stedet for at folk m\u00e5 ut med store summer p\u00e5 utesteder.<\/p>\n<p>Vil skape minner for livet<\/p>\n<p class=\"_paragraph_145nj_4 _paragraph_6fko5_10 layout-component text-serif-m layout-normal text-serif-m layout-padded\">Ideen om \u00e5 sette opp storskjerm i bakg\u00e5rden kom tidlig, og inspirasjonen g\u00e5r helt tilbake til 1998, da han var syv \u00e5r gammel.<\/p>\n<p class=\"_paragraph_145nj_4 _paragraph_6fko5_10 layout-component text-serif-m layout-normal text-serif-m layout-padded\">\u2013 Det var da Norge slo Brasil, og jeg husker det s\u00e5 godt. Moren min hadde bursdag, og alle fedrene i selskapet rullet ut en stor TV med h\u00f8yttalere slik at vi s\u00e5 kampen ute. Det er den beste sankthansfeiringen jeg har v\u00e6rt med p\u00e5.<\/p>\n<p class=\"_paragraph_145nj_4 _paragraph_6fko5_10 layout-component text-serif-m layout-normal text-serif-m layout-padded\">Forventningene til kvartfinalen er h\u00f8ye.<\/p>\n<p class=\"_paragraph_145nj_4 _paragraph_6fko5_10 layout-component text-serif-m layout-normal text-serif-m layout-padded\">\u2013 Den blir garantert bra. Enten s\u00e5 g\u00e5r det over all forventning nok en gang, eller s\u00e5 g\u00e5r vi ut med stil. Det at vi har gjort det vi har gjort n\u00e5, er over all forventning. S\u00e5 jeg kan liksom ikke h\u00e5pe p\u00e5 mer, sier han.<\/p>\n<p class=\"_paragraph_145nj_4 _paragraph_6fko5_10 layout-component text-serif-m layout-normal text-serif-m layout-padded\">Litt lenger \u00f8st, hjemme hos Adis Jakupovi\u0107 p\u00e5 Kjels\u00e5s, er planleggingen godt i gang med en ny VM-fest p\u00e5 l\u00f8rdag.<\/p>\n<p class=\"_paragraph_145nj_4 _paragraph_6fko5_10 layout-component text-serif-m layout-normal text-serif-m layout-padded\">Forrige Norge-kamp ble et fullskala arrangement, med leid 78 tommer TV og 25 gjester.<\/p>\n<p><img alt=\"Jakupovi\u0107 rigget opp med telt over TV-en i tilfelle det skulle regne. Sofaen tok han ut fra stuen.  Foto: Privat\" class=\"_image_jw3bv_65 layout-component layout-normal\" data-fullscreen- data-track-element-type=\"Article image fullscreen\" data-track-name=\"ImageFullscreen\" decoding=\"async\" loading=\"lazy\" height=\"3024\" itemprop=\"image\"  src=\"https:\/\/www.europesays.com\/no\/wp-content\/uploads\/2026\/07\/530d2016-6d93-3160-81c7-912eb3fc724d.jpeg\"  style=\"object-position:51.252480158730165% 53.505291005291%\" width=\"4032\"\/>Jakupovi\u0107 rigget opp med telt over TV-en i tilfelle det skulle regne. Sofaen tok han ut fra stuen.  Foto: Privat<\/p>\n<p class=\"_paragraph_145nj_4 _paragraph_6fko5_10 layout-component text-serif-m layout-normal text-serif-m layout-padded\">Under kvartfinalen blir det litt annerledes.<\/p>\n<p class=\"_paragraph_145nj_4 _paragraph_6fko5_10 layout-component text-serif-m layout-normal text-serif-m layout-padded\">\u2013 TV-en var utleid, s\u00e5 da m\u00e5tte jeg tenke nytt. Jeg fikk ordnet en projektor som en venninne av meg hadde, sier han.<\/p>\n<p class=\"_paragraph_145nj_4 _paragraph_6fko5_10 layout-component text-serif-m layout-normal text-serif-m layout-padded\">Motivasjonen hans bak hageopplegget handler om mer enn bare fotball.<\/p>\n<p class=\"_paragraph_145nj_4 _paragraph_6fko5_10 layout-component text-serif-m layout-normal text-serif-m layout-padded\">\u2013 Hovedmotivasjonen er \u00e5 skape minner. Det er veldig g\u00f8y for oss voksne, men du kan tenke deg hvordan det er for barna. De kommer forh\u00e5pentligvis til \u00e5 huske dette for alltid.<\/p>\n<p><img alt=\"Jakupovic hadde ogs\u00e5 tenkt ut soveplasser til barna dersom de skulle bli slitne.  Foto: Privat\" class=\"_image_jw3bv_65 layout-component layout-normal\" data-fullscreen- data-track-element-type=\"Article image fullscreen\" data-track-name=\"ImageFullscreen\" decoding=\"async\" loading=\"lazy\" height=\"3024\" itemprop=\"image\"  src=\"https:\/\/www.europesays.com\/no\/wp-content\/uploads\/2026\/07\/8c511790-84fa-359f-a84a-929413fd86be.jpeg\"  style=\"object-position:53.385416666666664% 64.74867724867724%\" width=\"4032\"\/>Jakupovic hadde ogs\u00e5 tenkt ut soveplasser til barna dersom de skulle bli slitne.  Foto: Privat<\/p>\n<p class=\"_paragraph_145nj_4 _paragraph_6fko5_10 layout-component text-serif-m layout-normal text-serif-m layout-padded\">Til helgen skal han f\u00e5 bes\u00f8k av seks kompiser, s\u00e5 det blir if\u00f8lge han selv et roligere opplegg enn sist.<\/p>\n<p class=\"_paragraph_145nj_4 _paragraph_6fko5_10 layout-component text-serif-m layout-normal text-serif-m layout-padded\">\u2013 Det er jeg glad for denne gangen. Vi skal ta oss noen pils og kose oss.<\/p>\n<p class=\"_paragraph_145nj_4 _paragraph_6fko5_10 layout-component text-serif-m layout-normal text-serif-m layout-padded\">Han mener at det \u00e5 se fotballkamper utend\u00f8rs gj\u00f8r noe helt spesielt med stemningen.<\/p>\n<p class=\"_paragraph_145nj_4 _paragraph_6fko5_10 layout-component text-serif-m layout-normal text-serif-m layout-padded\">\u2013 Det er noe stemningsskapende ved det. Lydbildet, folk som g\u00e5r forbi p\u00e5 gaten og kan ta en del av det &#8230; Det er noe helt spesielt.<\/p>\n","protected":false},"excerpt":{"rendered":"I Bergen har et helt borettslag gjort parkeringsplassen om til en fotballfest. Med projektor, gipsplater som lerret og&hellip;\n","protected":false},"author":2,"featured_media":290305,"comment_status":"","ping_status":"","sticky":false,"template":"","format":"standard","meta":{"footnotes":"","_share_on_mastodon":"0"},"categories":[5],"tags":[1880,20,21,24,25,4472,15,19,22,23,17,18,24160,13,30,28,29,14,16,26,27,23301],"class_list":["post-290304","post","type-post","status-publish","format-standard","has-post-thumbnail","category-overskrifter","tag-bakgarden","tag-breaking-news","tag-breakingnews","tag-featured-news","tag-featurednews","tag-fotball-vm","tag-headlines","tag-hovedoppslag","tag-latest-news","tag-latestnews","tag-main-news","tag-mainnews","tag-nabolaget","tag-news","tag-no","tag-norge","tag-norway","tag-nyheter","tag-overskrifter","tag-top-stories","tag-topstories","tag-vm-fest"],"share_on_mastodon":{"url":"https:\/\/pubeurope.com\/@no\/116894478955145637","error":""},"_links":{"self":[{"href":"https:\/\/www.europesays.com\/no\/wp-json\/wp\/v2\/posts\/290304","targetHints":{"allow":["GET"]}}],"collection":[{"href":"https:\/\/www.europesays.com\/no\/wp-json\/wp\/v2\/posts"}],"about":[{"href":"https:\/\/www.europesays.com\/no\/wp-json\/wp\/v2\/types\/post"}],"author":[{"embeddable":true,"href":"https:\/\/www.europesays.com\/no\/wp-json\/wp\/v2\/users\/2"}],"replies":[{"embeddable":true,"href":"https:\/\/www.europesays.com\/no\/wp-json\/wp\/v2\/comments?post=290304"}],"version-history":[{"count":0,"href":"https:\/\/www.europesays.com\/no\/wp-json\/wp\/v2\/posts\/290304\/revisions"}],"wp:featuredmedia":[{"embeddable":true,"href":"https:\/\/www.europesays.com\/no\/wp-json\/wp\/v2\/media\/290305"}],"wp:attachment":[{"href":"https:\/\/www.europesays.com\/no\/wp-json\/wp\/v2\/media?parent=290304"}],"wp:term":[{"taxonomy":"category","embeddable":true,"href":"https:\/\/www.europesays.com\/no\/wp-json\/wp\/v2\/categories?post=290304"},{"taxonomy":"post_tag","embeddable":true,"href":"https:\/\/www.europesays.com\/no\/wp-json\/wp\/v2\/tags?post=290304"}],"curies":[{"name":"wp","href":"https:\/\/api.w.org\/{rel}","templated":true}]}}