{"id":290549,"date":"2026-07-10T11:56:17","date_gmt":"2026-07-10T11:56:17","guid":{"rendered":"https:\/\/www.europesays.com\/no\/290549\/"},"modified":"2026-07-10T11:56:17","modified_gmt":"2026-07-10T11:56:17","slug":"kathy-griffin-avslorer-ny-kjaereste-43-ar-yngre-mann-vekker-oppsikt","status":"publish","type":"post","link":"https:\/\/www.europesays.com\/no\/290549\/","title":{"rendered":"Kathy Griffin avsl\u00f8rer ny kj\u00e6reste: 43 \u00e5r yngre mann vekker oppsikt"},"content":{"rendered":"<p class=\"kicker \" style=\"\">Kj\u00e6rligheten blomstrer:<\/p>\n<p class=\"subtitle \" style=\"\">Komikeren har selv innr\u00f8mmet at hun er glad i yngre menn. Hennes nye flamme, er dog den yngste hun har datet &#8211; til n\u00e5.<\/p>\n<p>\n    HER ER HAN: Komikeren ankom Broadway-showet i juni med sin mystiske flamme. N\u00e5 bekrefter hun forholdet &#8211; og alderen. Foto: NTB\n  <\/p>\n<p>Komiker Kathy Griffin (65) har igjen skapt reaksjoner etter \u00e5 ha presentert sin nye kj\u00e6reste i sosiale medier. I et Instagram-innlegg delte hun et bilde av paret og skrev kort;<\/p>\n<p class=\"font-weight-bold m-font-weight-bold\" data-lab-font_weight=\"font-weight-bold\">\u00a0\u00abHan er 22. V\u00e6rs\u00e5god, internett\u00bb. En kommentar som raskt utl\u00f8ste stor oppmerksomhet p\u00e5 nettet, skriver<a href=\"https:\/\/www.news.com.au\/entertainment\/celebrity-life\/hook-ups-break-ups\/kathy-griffin-65-launches-new-boyfriend-on-social-media-hes-22\/news-story\/3fc8055e0e07e2fc2819f9fcb61f9af8\" rel=\"nofollow noopener\" target=\"_blank\"> Australske News.<\/a><\/p>\n<p>Forholdet kommer bare f\u00e5 m\u00e5neder etter at Griffin offentliggjorde en annen romanse p\u00e5 Instagram. Det tidligere innlegget er siden slettet, noe som har f\u00f8rt til spekulasjoner om at forholdet tok slutt. <\/p>\n<p>    <a itemprop=\"url\" href=\"https:\/\/www.seher.no\/kjendis\/funnet-dod-i-soppelsekker\/84885433\" rel=\"nofollow noopener\" target=\"_blank\"><\/p>\n<p>        <img loading=\"lazy\" decoding=\"async\" src=\"https:\/\/www.europesays.com\/no\/wp-content\/uploads\/2026\/07\/84886316.webp\" width=\"980\" height=\"441\" alt=\"\" class=\"lazyload\" style=\"--aspect-ratio-image: 2.22; \"\/><\/p>\n<p>        Funnet d\u00f8d i s\u00f8ppelsekker<\/p>\n<p>    <\/a><\/p>\n<p>Den amerikanske komikeren har tidligere v\u00e6rt \u00e5pen om at hun ofte dater yngre menn. Etter skilsmissen fra eksmannen Randy Bick fortalte hun i en kommentar p\u00e5 <a href=\"https:\/\/www.thecut.com\/article\/comedian-kathy-griffin-dating-after-60-love-sex-aging.html\" rel=\"nofollow noopener\" target=\"_blank\">The Cut<\/a> at hun forelsket seg i en 23-\u00e5ring.\u00a0<\/p>\n<p>        \u00abMAMMABLOGGEREN FRA HELVETE\u00bb: P\u00e5 NRK kan du se dokumentaren om Ruby Franke. Video: Nora Skavhaug\/R\u00f8d L\u00f8per, \u00abMammabloggeren fra helvete\u00bb\/NRK.<\/p>\n<p>Griffin skrev der at aldersforskjellen ga forholdet en annen dynamikk enn hun hadde opplevd tidligere, men at hun til slutt valgte \u00e5 avslutte romansen fordi hun mente de befant seg p\u00e5 ulike steder i livet. <\/p>\n<p>        <img loading=\"lazy\" decoding=\"async\" src=\"https:\/\/www.europesays.com\/no\/wp-content\/uploads\/2026\/07\/84886875.webp\" width=\"686\" height=\"1139\" alt=\"\" class=\"\" style=\"--aspect-ratio-image: 0.60; \"\/><\/p>\n<p>\n        TATT P\u00c5 FERSKEN: Hjertevennene ble observert p\u00e5 et Broadway-show allerede i juni. Den gang ville ikke komikeren bekrefte forholdet. Foto: NTB\n    <\/p>\n<p>Den nye Instagram-posten har f\u00e5tt en rekke positive reaksjoner fra b\u00e5de fans og kjente profiler, som har \u00f8nsket Griffin lykke til med den nye kj\u00e6rligheten. Identiteten til den 22 \u00e5r gamle kj\u00e6resten er forel\u00f8pig ikke offentlig kjent. <\/p>\n<p>            <a href=\"https:\/\/www.seher.no\/reise\/gratulerer-du-fant-flaskeposten\/73889659?utm_tags=ext-camp&amp;utm_source=se%20og%20h\u00f8r%20artikkel&amp;utm_medium=web&amp;utm_campaign=flaskeposten-trafikk&amp;utm_term=vinner-banner\" rel=\"nofollow noopener\" target=\"_blank\"><img decoding=\"async\" src=\"https:\/\/www.europesays.com\/no\/wp-content\/uploads\/2026\/07\/1783684577_344_980x441_Flaskeposten 2025_medium.gif\"\/><\/a><\/p>\n","protected":false},"excerpt":{"rendered":"Kj\u00e6rligheten blomstrer: Komikeren har selv innr\u00f8mmet at hun er glad i yngre menn. Hennes nye flamme, er dog&hellip;\n","protected":false},"author":2,"featured_media":290550,"comment_status":"","ping_status":"","sticky":false,"template":"","format":"standard","meta":{"footnotes":"","_share_on_mastodon":"0"},"categories":[58],"tags":[4104,71,10686,479,30,28,29,72],"class_list":["post-290549","post","type-post","status-publish","format-standard","has-post-thumbnail","category-underholdning","tag-eksklusivt","tag-entertainment","tag-kjaerlighet","tag-kjendis","tag-no","tag-norge","tag-norway","tag-underholdning"],"share_on_mastodon":{"url":"https:\/\/pubeurope.com\/@no\/116895560029205825","error":""},"_links":{"self":[{"href":"https:\/\/www.europesays.com\/no\/wp-json\/wp\/v2\/posts\/290549","targetHints":{"allow":["GET"]}}],"collection":[{"href":"https:\/\/www.europesays.com\/no\/wp-json\/wp\/v2\/posts"}],"about":[{"href":"https:\/\/www.europesays.com\/no\/wp-json\/wp\/v2\/types\/post"}],"author":[{"embeddable":true,"href":"https:\/\/www.europesays.com\/no\/wp-json\/wp\/v2\/users\/2"}],"replies":[{"embeddable":true,"href":"https:\/\/www.europesays.com\/no\/wp-json\/wp\/v2\/comments?post=290549"}],"version-history":[{"count":0,"href":"https:\/\/www.europesays.com\/no\/wp-json\/wp\/v2\/posts\/290549\/revisions"}],"wp:featuredmedia":[{"embeddable":true,"href":"https:\/\/www.europesays.com\/no\/wp-json\/wp\/v2\/media\/290550"}],"wp:attachment":[{"href":"https:\/\/www.europesays.com\/no\/wp-json\/wp\/v2\/media?parent=290549"}],"wp:term":[{"taxonomy":"category","embeddable":true,"href":"https:\/\/www.europesays.com\/no\/wp-json\/wp\/v2\/categories?post=290549"},{"taxonomy":"post_tag","embeddable":true,"href":"https:\/\/www.europesays.com\/no\/wp-json\/wp\/v2\/tags?post=290549"}],"curies":[{"name":"wp","href":"https:\/\/api.w.org\/{rel}","templated":true}]}}