{"id":290918,"date":"2026-07-10T20:01:15","date_gmt":"2026-07-10T20:01:15","guid":{"rendered":"https:\/\/www.europesays.com\/no\/290918\/"},"modified":"2026-07-10T20:01:15","modified_gmt":"2026-07-10T20:01:15","slug":"pierce-brosnan-fra-forlatt-baby-til-hyllet-pappa","status":"publish","type":"post","link":"https:\/\/www.europesays.com\/no\/290918\/","title":{"rendered":"Pierce Brosnan: Fra forlatt baby til hyllet pappa"},"content":{"rendered":"<p class=\"kicker \" style=\"\">Pierce Brosnan<\/p>\n<p class=\"subtitle \" style=\"\">Pierce Brosnan har sjarmert publikum i \u00abMamma Mia\u00bb og \u00abJames Bond\u00bb. Hans eget liv er som en dramafilm!<\/p>\n<p>\n    DATTEREN D\u00d8DE: Pierce Brosnan med barna Sean, Chris og Charlotte feiret St. Patricks Day Party i 2003. Han adopterte Chris og Charlotte da de mistet sin far &#8211; eksen til hans dav\u00e6rende kone Cassandra. B\u00e5de kona og datteren d\u00f8de av kreft. Foto: NTB\n  <\/p>\n<p>\u00abJames Bond\u00bb-legenden Pierce Brosnan (73) har v\u00e6rt gift to ganger og er far til fem barn, hvorav fire lever i dag.\u00a0<\/p>\n<p>    <a itemprop=\"url\" href=\"https:\/\/www.seher.no\/kongelig\/flytter-hit-vekker-oppsikt\/84805092\" rel=\"nofollow noopener\" target=\"_blank\"><\/p>\n<p>        <img loading=\"lazy\" decoding=\"async\" src=\"https:\/\/www.europesays.com\/no\/wp-content\/uploads\/2026\/07\/1783713672_584_84805277.webp\" width=\"147\" height=\"98\" alt=\"\" class=\"lazyload\" style=\"--aspect-ratio-image: 1.50; \"\/><\/p>\n<p>        Flytter hit &#8211; vekker oppsikt<\/p>\n<p>    <\/a><\/p>\n<p>Og det er nettopp papparollen han hylles for, av kona Keely Shaye-Smith (62). I forbindelse med farsdagen i USA delte hun en r\u00f8rende hyllest til ham.<\/p>\n<p class=\"font-weight-bold m-font-weight-bold\" data-lab-font_weight=\"font-weight-bold\">\u00abGratulerer med farsdagen, min kj\u00e6re. Og gratulerer med farsdagen til alle fedre som gir hjertet og sjelen sin til familien og barna sine\u00bb, skrev hun til bildet. <\/p>\n<p>Irskf\u00f8dte Pierce hadde selv null erfaring med farsrollen ettersom faren hans, Thomas Brosnan, forlot familien da han fortsatt var spedbarn.<\/p>\n<p>        <img loading=\"lazy\" decoding=\"async\" src=\"https:\/\/www.europesays.com\/no\/wp-content\/uploads\/2026\/07\/84805750.webp\" width=\"667\" height=\"534\" alt=\"\" class=\"\" style=\"--aspect-ratio-image: 1.25; \"\/><\/p>\n<p>\n        NY FAMILIE: Etter \u00e5 ha blitt enkemann fant Pierce kj\u00e6rligheten p\u00e5 ny med Keely Shaye-Smith. De har s\u00f8nnene Dylan og Paris sammen. Her p\u00e5 Golden Globe i 2020. Foto: NTB\n    <\/p>\n<p>&#8211; Jeg vet hvordan det er \u00e5 oppdra s\u00f8nner. Det kan v\u00e6re en krevende reise. Mine farsinstinkter er utelukkende mine egne. De stammer ikke fra noen andre, fordi det ikke var noen der, har \u00abMamma Mia\u00bb-stjernen sagt i et intervju med Esquire.<\/p>\n<p>Da Pierce var liten flyttet moren May til London for \u00e5 tjene penger til familien, mens s\u00f8nnen ble tatt h\u00e5nd om av slektninger. Han st\u00e5r fortsatt moren sv\u00e6rt n\u00e6r, men har bare m\u00f8tt faren \u00e9n gang i livet.<\/p>\n<p>        Spesiell detalj vekker oppsikt \/ Foto: Privat, NTB, Instagram  \/\/ Stemme: AI \/\/ Klipp: Nico Aagaard<\/p>\n<p>M\u00f8tet fant sted da Pierce var 31 \u00e5r gammel og spilte inn en episode av TV-serien \u00abRemington Steele\u00bb.<\/p>\n<p class=\"font-weight-bold m-font-weight-bold\" data-lab-font_weight=\"font-weight-bold\">&#8211; Jeg tilbrakte en s\u00f8ndag ettermiddag sammen med ham. Vi snakket om l\u00f8st og fast, tok noen halvlitere Guinness og sa farvel, fortalte han.<\/p>\n<p>        <img loading=\"lazy\" decoding=\"async\" src=\"https:\/\/www.europesays.com\/no\/wp-content\/uploads\/2026\/07\/84805776.webp\" width=\"667\" height=\"741\" alt=\"\" class=\"\" style=\"--aspect-ratio-image: 0.90; filter: brightness(1.3);\"\/><\/p>\n<p>\n        FLOTT PAR: Keely og Pierce har et godt samliv. Begge er sv\u00e6rt milj\u00f8-engasjerte &#8211; men kan ogs\u00e5 kose seg sammen p\u00e5 r\u00f8d l\u00f8per! Foto: NTB\n    <\/p>\n<p>&#8211; Jeg skulle gjerne ha kjent ham bedre. Han var flink til \u00e5 plystre, og han hadde en god gange. Det er omtrent alt jeg vet om ham, la Pierce til.<\/p>\n<p>Selv har han tatt jobben som pappa p\u00e5 alvor &#8211; og vel s\u00e5 det.<\/p>\n<p>    <a itemprop=\"url\" href=\"https:\/\/www.seher.no\/kongelig\/frykter-fremtidige-besok\/84798443\" rel=\"nofollow noopener\" target=\"_blank\"><\/p>\n<p>        <img loading=\"lazy\" decoding=\"async\" src=\"https:\/\/www.europesays.com\/no\/wp-content\/uploads\/2026\/07\/84801110.webp\" width=\"147\" height=\"125\" alt=\"\" class=\"lazyload\" style=\"--aspect-ratio-image: 1.18; \"\/><\/p>\n<p>        Frykter lekkasje<\/p>\n<p>    <\/a><\/p>\n<p>Han m\u00f8tte den australske skuespilleren Cassandra Harris kort tid etter at han var ferdig p\u00e5 teaterskolen, og paret giftet seg i 1980. Sammen fikk de s\u00f8nnen Sean. Pierce adopterte senere Cassandras to barn fra et tidligere ekteskap, Charlotte og Chris, etter at deres far d\u00f8de i 1986.\u00a0<\/p>\n<p>        REAGERER: Fansen reagerer p\u00e5 \u00abLove Island UK\u00bb-br\u00f8drenes oppf\u00f8rsel i villaen. Video: TV 2 Play\/ \u00abLove Island UK\u00bb, Sanne Holt\/ R\u00f8d L\u00f8per<\/p>\n<p class=\"\">Familien flyttet til California p\u00e5 begynnelsen av 1980-tallet, da Pierce fikk sitt store gjennombrudd i TV-serien \u00abRemington Steele\u00bb.\u00a0<\/p>\n<p class=\"font-weight-bold m-font-weight-bold no_italic m-no_italic\" data-lab-italic=\"\" data-lab-font_weight=\"font-weight-bold\">I 1991 d\u00f8de Cassandra av eggstokkreft, bare 43 \u00e5r gammel, etter flere \u00e5rs sykdom.\u00a0<\/p>\n<p>        <img loading=\"lazy\" decoding=\"async\" src=\"https:\/\/www.europesays.com\/no\/wp-content\/uploads\/2026\/07\/84805761.webp\" width=\"667\" height=\"614\" alt=\"\" class=\"\" style=\"--aspect-ratio-image: 1.09; \"\/><\/p>\n<p>\n        BOR I MALIBU: Pierce og Keely har oppdratt s\u00f8nnene Dylan og Paris i Malibu i California. Den irske fattiggutten er blitt styrtrik p\u00e5 sine mange store roller. Foto: NTB\n    <\/p>\n<p>Pierce ble enkemann med tre barn og har senere beskrevet tapet av kona som en livsendrende tragedie som preget b\u00e5de ham og barna dypt. Sorgen rammet familien p\u00e5 nytt da adoptivdatteren Charlotte d\u00f8de av samme kreftsykdom i 2013.\u00a0<\/p>\n<p>    <a itemprop=\"url\" href=\"https:\/\/www.seher.no\/kjendis\/her-blir-de-tatt-pa-fersken\/84804926\" rel=\"nofollow noopener\" target=\"_blank\"><\/p>\n<p>        <img loading=\"lazy\" decoding=\"async\" src=\"https:\/\/www.europesays.com\/no\/wp-content\/uploads\/2026\/07\/1783713675_917_84805194.webp\" width=\"147\" height=\"98\" alt=\"\" class=\"lazyload\" style=\"--aspect-ratio-image: 1.50; \"\/><\/p>\n<p>        Her blir de tatt p\u00e5 fersken<\/p>\n<p>    <\/a><\/p>\n<p>Da hadde Pierce for lengst funnet kj\u00e6rlighetne p\u00e5 nytt, med den amerikanske journalisten Keely Shaye Smith. De fikk s\u00f8nnene Dylan og Paris og giftet seg deretter i Irland i 2001.\u00a0<\/p>\n<p>I dag bor familien hovedsakelig i Malibu i California, der Pierce i dag ogs\u00e5 er bestefar til fire barnebarn. <\/p>\n","protected":false},"excerpt":{"rendered":"Pierce Brosnan Pierce Brosnan har sjarmert publikum i \u00abMamma Mia\u00bb og \u00abJames Bond\u00bb. Hans eget liv er som&hellip;\n","protected":false},"author":2,"featured_media":290919,"comment_status":"","ping_status":"","sticky":false,"template":"","format":"standard","meta":{"footnotes":"","_share_on_mastodon":"0"},"categories":[58],"tags":[24183,4104,71,24185,479,24184,30,28,29,11252,72],"class_list":["post-290918","post","type-post","status-publish","format-standard","has-post-thumbnail","category-underholdning","tag-cassandra-harris","tag-eksklusivt","tag-entertainment","tag-keely-shaye-smith","tag-kjendis","tag-mamma-mia","tag-no","tag-norge","tag-norway","tag-pierce-brosnan","tag-underholdning"],"share_on_mastodon":{"url":"https:\/\/pubeurope.com\/@no\/116897468323647823","error":""},"_links":{"self":[{"href":"https:\/\/www.europesays.com\/no\/wp-json\/wp\/v2\/posts\/290918","targetHints":{"allow":["GET"]}}],"collection":[{"href":"https:\/\/www.europesays.com\/no\/wp-json\/wp\/v2\/posts"}],"about":[{"href":"https:\/\/www.europesays.com\/no\/wp-json\/wp\/v2\/types\/post"}],"author":[{"embeddable":true,"href":"https:\/\/www.europesays.com\/no\/wp-json\/wp\/v2\/users\/2"}],"replies":[{"embeddable":true,"href":"https:\/\/www.europesays.com\/no\/wp-json\/wp\/v2\/comments?post=290918"}],"version-history":[{"count":0,"href":"https:\/\/www.europesays.com\/no\/wp-json\/wp\/v2\/posts\/290918\/revisions"}],"wp:featuredmedia":[{"embeddable":true,"href":"https:\/\/www.europesays.com\/no\/wp-json\/wp\/v2\/media\/290919"}],"wp:attachment":[{"href":"https:\/\/www.europesays.com\/no\/wp-json\/wp\/v2\/media?parent=290918"}],"wp:term":[{"taxonomy":"category","embeddable":true,"href":"https:\/\/www.europesays.com\/no\/wp-json\/wp\/v2\/categories?post=290918"},{"taxonomy":"post_tag","embeddable":true,"href":"https:\/\/www.europesays.com\/no\/wp-json\/wp\/v2\/tags?post=290918"}],"curies":[{"name":"wp","href":"https:\/\/api.w.org\/{rel}","templated":true}]}}