{"id":29163,"date":"2025-09-07T10:06:11","date_gmt":"2025-09-07T10:06:11","guid":{"rendered":"https:\/\/www.europesays.com\/no\/29163\/"},"modified":"2025-09-07T10:06:11","modified_gmt":"2025-09-07T10:06:11","slug":"kriminalitet-og-rettsvesen-lillehammer-kvinne-i-40-arene-gjorde-haerverk-pa-flere-biler-utenfor-festivalomrade","status":"publish","type":"post","link":"https:\/\/www.europesays.com\/no\/29163\/","title":{"rendered":"Kriminalitet og rettsvesen, Lillehammer | Kvinne i 40-\u00e5rene gjorde h\u00e6rverk p\u00e5 flere biler utenfor festivalomr\u00e5de"},"content":{"rendered":"\n<p>Politiet har hatt flere oppdrag i GD-distriktet i l\u00f8pet av natta.<\/p>\n<p>Like f\u00f8r midnatt m\u00e5tte en patrulje til Biri, like ved travbanen, hvor en mann i 50-\u00e5rene pr\u00f8vde \u00e5 dra i gang sl\u00e5ssing med andre.<\/p>\n<p>\u2013 Mannen, som er i 50-\u00e5rene, ble gitt et p\u00e5legg om \u00e5 holde seg unna omr\u00e5det til s\u00f8ndag klokka 10, opplyser politiet.<\/p>\n<p>\u2013 Dytta politiet<\/p>\n<p>Omtrent akkurat samtidig m\u00e5tte en politipatrulje til Segalstad bru, hvor flere ungdommer hadde havnet i klammeri i forbindelse med en konsert.<\/p>\n<p>En ten\u00e5ring anmeldes for skadeverk og forulemping av tjenesteperson, opplyser oppdragsleder Marthe Lysholm til GD.<\/p>\n<p>\u2013 Han har dytta politiet og v\u00e6rt ufin. Han ble p\u00e5satt h\u00e5ndjern og kj\u00f8rt hjem, sier hun.<\/p>\n<p>Ten\u00e5ringen er fra GD-distriktet og under 18 \u00e5r.<\/p>\n<p>Lillehammer Live<\/p>\n<p>Den store happeningen i dalen denne helga har v\u00e6rt Lillehammer live, og der har det i all hovedsak g\u00e5tt rolig for seg. Politiet hadde if\u00f8lge Lysholm ett oppdrag p\u00e5 stedet natt til s\u00f8ndag, og det var for \u00e5 plukke med seg ei kvinne som ikke klarte \u00e5 oppf\u00f8re seg.<\/p>\n<p>\u2013 Hun hadde blitt bortvist av vaktene, og kommet tilbake. Da hentet vi henne og kj\u00f8rte henne til arresten, hvor hun enn\u00e5 ligger og sover, sier Lysholm.<\/p>\n<p>Kvinnen hadde utf\u00f8rt skadeverk p\u00e5 flere biler, og blir anmeldt for dette. Kvinnen er i 40-\u00e5rene og ikke fra distriktet.<\/p>\n<p>Ogs\u00e5 p\u00e5 S\u00f8r-Fron har det v\u00e6rt konsert i natt. P\u00e5 Rudi gard ble to menn i 20-\u00e5rene like etter midnatt bortvist for ordensforstyrrelse, men ikke kj\u00f8rt i arresten.<\/p>\n<p>\u2013 Der snakker vi nok rett og slett om beruselse, sier Lysholm.<\/p>\n","protected":false},"excerpt":{"rendered":"Politiet har hatt flere oppdrag i GD-distriktet i l\u00f8pet av natta. Like f\u00f8r midnatt m\u00e5tte en patrulje til&hellip;\n","protected":false},"author":2,"featured_media":29164,"comment_status":"","ping_status":"","sticky":false,"template":"","format":"standard","meta":{"footnotes":""},"categories":[10],"tags":[36,3064,20,21,24,25,1428,15,3149,22,23,1427,13,30,28,29,14,16,1160,1510,26,27],"class_list":{"0":"post-29163","1":"post","2":"type-post","3":"status-publish","4":"format-standard","5":"has-post-thumbnail","7":"category-norge","8":"tag-art","9":"tag-biri","10":"tag-breaking-news","11":"tag-breakingnews","12":"tag-featured-news","13":"tag-featurednews","14":"tag-gausdal","15":"tag-headlines","16":"tag-kriminalitet-og-rettsvesen","17":"tag-latest-news","18":"tag-latestnews","19":"tag-lillehammer","20":"tag-news","21":"tag-no","22":"tag-norge","23":"tag-norway","24":"tag-nyheter","25":"tag-overskrifter","26":"tag-sor-fron","27":"tag-story","28":"tag-top-stories","29":"tag-topstories"},"share_on_mastodon":{"url":"","error":""},"_links":{"self":[{"href":"https:\/\/www.europesays.com\/no\/wp-json\/wp\/v2\/posts\/29163","targetHints":{"allow":["GET"]}}],"collection":[{"href":"https:\/\/www.europesays.com\/no\/wp-json\/wp\/v2\/posts"}],"about":[{"href":"https:\/\/www.europesays.com\/no\/wp-json\/wp\/v2\/types\/post"}],"author":[{"embeddable":true,"href":"https:\/\/www.europesays.com\/no\/wp-json\/wp\/v2\/users\/2"}],"replies":[{"embeddable":true,"href":"https:\/\/www.europesays.com\/no\/wp-json\/wp\/v2\/comments?post=29163"}],"version-history":[{"count":0,"href":"https:\/\/www.europesays.com\/no\/wp-json\/wp\/v2\/posts\/29163\/revisions"}],"wp:featuredmedia":[{"embeddable":true,"href":"https:\/\/www.europesays.com\/no\/wp-json\/wp\/v2\/media\/29164"}],"wp:attachment":[{"href":"https:\/\/www.europesays.com\/no\/wp-json\/wp\/v2\/media?parent=29163"}],"wp:term":[{"taxonomy":"category","embeddable":true,"href":"https:\/\/www.europesays.com\/no\/wp-json\/wp\/v2\/categories?post=29163"},{"taxonomy":"post_tag","embeddable":true,"href":"https:\/\/www.europesays.com\/no\/wp-json\/wp\/v2\/tags?post=29163"}],"curies":[{"name":"wp","href":"https:\/\/api.w.org\/{rel}","templated":true}]}}