{"id":292037,"date":"2026-07-12T09:55:24","date_gmt":"2026-07-12T09:55:24","guid":{"rendered":"https:\/\/www.europesays.com\/no\/292037\/"},"modified":"2026-07-12T09:55:24","modified_gmt":"2026-07-12T09:55:24","slug":"prins-harrys-rorende-ord-om-meghan-og-barna-under-storbritannia-besok","status":"publish","type":"post","link":"https:\/\/www.europesays.com\/no\/292037\/","title":{"rendered":"Prins Harrys r\u00f8rende ord om Meghan og barna under Storbritannia-bes\u00f8k"},"content":{"rendered":"<p class=\"kicker \" style=\"\">Prins Harry og hertuginne Meghan:\u00a0<\/p>\n<p class=\"subtitle t30\" style=\"\">Prins Harry \u00e5pner opp om Meghan og barna.<\/p>\n<p>\n    FAMILIEN: Prins Harry og hertuginne Meghan flyttet til USA i 2020. Det siste kjente m\u00f8tet mellom kong Charles og barnebarna skal ha v\u00e6rt i 2022. Her er paret sammen med s\u00f8nnen Archie under et tidligere offentlig oppdrag. Foto: Henk Kruuger\/ AFP\/ NTB\n  <\/p>\n<p><a href=\"https:\/\/www.seher.no\/kjendis\/foler-seg-ukomfortabel\/84836709\" rel=\"nofollow noopener\" target=\"_blank\">Prins Harry (41)<\/a> er denne uken tilbake i Storbritannia. Bes\u00f8ket skjer blant annet i forbindelse med Invictus Games, idrettsarrangementet han selv tok initiativ til for skadde og syke veteraner.<\/p>\n<p>Under oppholdet stilte prinsen opp i et intervju med Alison Hammond i det britiske TV-programmet \u00ab<a href=\"https:\/\/www.youtube.com\/watch?v=TjXSPN88doc\" target=\"_blank\" rel=\"nofollow noopener\">This Morning<\/a>\u00bb. Der fikk han sp\u00f8rsm\u00e5l om hvordan kona, hertuginne Meghan (44), og barna Archie (7) og Lilibet (5) forholder seg til arbeidet hans med Invictus Games.<\/p>\n<p>        RETTSSAK: Prins Harry og flere andre kjendiser saks\u00f8kte avisa Daily Mail. Video: Nora Skavhaug\/R\u00f8d L\u00f8per, NTB.<\/p>\n<p>&#8211; Barna dine og Meghan m\u00e5 v\u00e6re s\u00e5 stolte av deg. Sier de det til deg hver dag?,\u00a0spurte Hammond.<\/p>\n<p>Harry svarte:<\/p>\n<p>&#8211; De sier ikke hver dag at de er stolte av meg. Men ja, jeg er stolt av dem. De er stolte av meg.<\/p>\n<p>Deretter la han til:<\/p>\n<p>&#8211; Jeg elsker familien min.<\/p>\n<p>    <a itemprop=\"url\" href=\"https:\/\/www.seher.no\/kjendis\/ikke-skjedd-pa-flere-ar\/84888070\" rel=\"nofollow noopener\" target=\"_blank\"><\/p>\n<p>        <img loading=\"lazy\" decoding=\"async\" src=\"https:\/\/www.europesays.com\/no\/wp-content\/uploads\/2026\/07\/84888057.webp\" width=\"980\" height=\"441\" alt=\"\" class=\"lazyload\" style=\"--aspect-ratio-image: 2.22; \"\/><\/p>\n<p>        Ikke skjedd p\u00e5 flere \u00e5r <\/p>\n<p>    <\/a><\/p>\n<p>Gjenforent med kongefamilien\t<\/p>\n<p>Det har i lengre tid v\u00e6rt stor usikkerhet rundt prins Harrys bes\u00f8k i hjemlandet &#8211; s\u00e6rlig om hvorvidt Meghan og parets to barn skulle bli med.<\/p>\n<p>I flere m\u00e5neder ble det meldt at hele familien skulle reise sammen med prinsen. Senere kom kontrabeskjeden om at hertuginnen og barna likevel skulle bli hjemme i USA.<\/p>\n<p>        <img loading=\"lazy\" decoding=\"async\" src=\"https:\/\/www.europesays.com\/no\/wp-content\/uploads\/2026\/07\/84888451.webp\" width=\"667\" height=\"381\" alt=\"\" class=\"\" style=\"--aspect-ratio-image: 1.75; \"\/><\/p>\n<p>\n        SISTE BES\u00d8K: Meghan og Harry sammen med prins William og prinsesse Kate under begravelsen til dronning Elizabeth i 2022. Siden den gang har Meghan ikke v\u00e6rt tilbake i Storbritannia. Foto: Jacob King \/ NTB\n    <\/p>\n<p>Bakgrunnen skal v\u00e6re den langvarige striden om Harrys sikkerhet i Storbritannia, etter at han mistet sin offentlige beskyttelse da han trakk seg tilbake som arbeidende medlem av kongefamilien.<\/p>\n<p>Fredag formiddag kom imidlertid en ny vending: Meghan og barna skulle likevel reise til Storbritannia. Prins Harry ankom London allerede mandag.<\/p>\n<p>        <img loading=\"lazy\" decoding=\"async\" src=\"https:\/\/www.europesays.com\/no\/wp-content\/uploads\/2026\/07\/84888450.webp\" width=\"686\" height=\"460\" alt=\"\" class=\"\" style=\"--aspect-ratio-image: 1.49; \"\/><\/p>\n<p>\n        TOK IMOT FAMILIEN: Kong Charles og dronning Camilla skal fredag ha tatt imot prins Harry, hertuginne Meghan og barna Archie og Lilibet p\u00e5 Highgrove House, bekrefter Buckingham Palace. Foto: Chris J. Ratcliffe\/ Reuters\/ NTB\n    <\/p>\n<p>If\u00f8lge Reuters, som viser til ITV, <a href=\"https:\/\/www.seher.no\/kjendis\/ikke-skjedd-pa-flere-ar\/84888070\" rel=\"nofollow noopener\" target=\"_blank\">har kong Charles (77) og dronning Camilla (78) tatt imot prins Harry, hertuginne Meghan og deres to barn.<\/a> Buckingham Palace bekrefter at m\u00f8tet fant sted p\u00e5 Highgrove House fredag ettermiddag, melder <a href=\"https:\/\/www.bbc.com\/news\/articles\/cj4g79exkzlo\" target=\"_blank\" rel=\"nofollow noopener\">BBC<\/a> .<\/p>\n<p>Det siste kjente m\u00f8tet mellom kong Charles og barnebarna skal ha v\u00e6rt i 2022. Harry og Meghan flyttet til USA i 2020.<\/p>\n<p>    <a itemprop=\"url\" href=\"https:\/\/www.seher.no\/kongelig\/kronprinsen-pa-vei-til-usa\/84886820\" rel=\"nofollow noopener\" target=\"_blank\"><\/p>\n<p>        <img loading=\"lazy\" decoding=\"async\" src=\"https:\/\/www.europesays.com\/no\/wp-content\/uploads\/2026\/07\/84886885.webp\" width=\"980\" height=\"441\" alt=\"\" class=\"lazyload\" style=\"--aspect-ratio-image: 2.22; \"\/><\/p>\n<p>        Kronprinsen p\u00e5 vei til USA<\/p>\n<p>    <\/a><\/p>\n<p>Forvirring om Buckingham Palace\t<\/p>\n<p>Ogs\u00e5 sp\u00f8rsm\u00e5let om hvor prins Harry skulle bo under Storbritannia-bes\u00f8ket, har skapt overskrifter.<\/p>\n<p>F\u00f8rst meldte flere medier at prinsen skulle bo p\u00e5 Buckingham Palace. Deretter kom kontrabeskjeden: If\u00f8lge kilder ved hoffet skal Harry ha svart for sent p\u00e5 et tilbud om innkvartering ved en kongelig residens, og dermed f\u00e5tt beskjed om at han ikke kunne bo der likevel.<\/p>\n<p>        <img loading=\"lazy\" decoding=\"async\" src=\"https:\/\/www.europesays.com\/no\/wp-content\/uploads\/2026\/07\/84888454.webp\" width=\"686\" height=\"1029\" alt=\"\" class=\"\" style=\"--aspect-ratio-image: 0.67; \"\/><\/p>\n<p>\n        TILBAKE I STORBRITANNIA: Prins Harry er denne uken i hjemlandet i forbindelse med Invictus Games. Etter flere runder med forvirring ble det meldt at ogs\u00e5 hertuginne Meghan og barna reiste til Storbritannia. Foto: SplashNews.com\/ NTB\n    <\/p>\n<p>En talsperson for Harry har p\u00e5 sin side hevdet at tilbudet ble trukket tilbake etter at prinsens team formelt hadde takket ja.<\/p>\n<p>Buckingham Palace har ikke kommentert saken offentlig.<\/p>\n<p>    <a itemprop=\"url\" href=\"https:\/\/www.seher.no\/kongelig\/orker-ikke-meghan\/84885353\" rel=\"nofollow noopener\" target=\"_blank\"><\/p>\n<p>        <img loading=\"lazy\" decoding=\"async\" src=\"https:\/\/www.europesays.com\/no\/wp-content\/uploads\/2026\/07\/1783850124_428_84885457.webp\" width=\"980\" height=\"441\" alt=\"\" class=\"lazyload\" style=\"--aspect-ratio-image: 2.22; \"\/><\/p>\n<p>        Orker ikke Meghan<\/p>\n<p>    <\/a><\/p>\n<p>Fortsatte med offisielle oppdrag\t<\/p>\n<p>Mens spekulasjonene rundt Harrys bes\u00f8k har fortsatt, <a href=\"https:\/\/www.seher.no\/kjendis\/onsker-a-stenge-stoyen-ute\/84870618\" rel=\"nofollow noopener\" target=\"_blank\">har kong Charles gjennomf\u00f8rt flere offisielle oppdrag<\/a>.<\/p>\n<p>Tidligere denne uken bes\u00f8kte han Tanks-museet i Bovington. Der fikk han blant annet sitte i kommand\u00f8rsetet i en Challenger 2-stridsvogn. If\u00f8rt skjorte, slips, hjelm og r\u00f8de solbriller kj\u00f8rte kongen to runder foran soldater, familier og andre tilskuere.<\/p>\n<p>        STORT DILEMMA: N\u00e5r ukens Royal TV-gjest Fredrik Solvang tar steget ut av det \u00abkongelige skapet\u00bb, har han klare r\u00e5d om hvordan kongehuset skal komme seg videre fra skandalene de st\u00e5r midt i, men mener \u00e9n ting trumfer alt i tiden som kommer. Programleder: Caroline Vagle \/\/ Video: NTB \/ Getty Images \/ Aller Video \/ Instagram: @koninklijkhuis \/\/ Foto: NTB \/ Se og H\u00f8r \/\/ Klipp: Sofia Bj\u00f6rlin<\/p>\n<p>Charles ankom arrangementet i en Rolls-Royce-milit\u00e6rbil fra 1920-tallet &#8211; det samme kj\u00f8ret\u00f8yet som fraktet dronning Elizabeth under et bes\u00f8k i 1977.<\/p>\n<p>Da kongen ble spurt om hvordan turen hadde v\u00e6rt, skal han if\u00f8lge <a href=\"https:\/\/www.dailymail.com\/news\/royals\/article-15956437\/king-charles-army-tank-dorset-regiment.html\" target=\"_blank\" rel=\"nofollow noopener\">Daily Mail<\/a>\u00a0ha svart:<\/p>\n<p>&#8211; Sakte.<\/p>\n<p>If\u00f8lge avisen spekuleres det n\u00e5 i om kongefamilien fors\u00f8ker \u00e5 \u00abstenge ute st\u00f8yen\u00bb rundt Harrys bes\u00f8k ved \u00e5 holde fast ved en tett kalender med offentlige oppdrag.<\/p>\n","protected":false},"excerpt":{"rendered":"Prins Harry og hertuginne Meghan:\u00a0 Prins Harry \u00e5pner opp om Meghan og barna. FAMILIEN: Prins Harry og hertuginne&hellip;\n","protected":false},"author":2,"featured_media":292038,"comment_status":"","ping_status":"","sticky":false,"template":"","format":"standard","meta":{"footnotes":"","_share_on_mastodon":"0"},"categories":[58],"tags":[1893,3868,71,1299,2543,3994,76,30,28,29,75,72],"class_list":["post-292037","post","type-post","status-publish","format-standard","has-post-thumbnail","category-underholdning","tag-det-britiske-kongehuset","tag-dronning-camilla","tag-entertainment","tag-hertuginne-meghan","tag-kjendisdesken","tag-kong-charles","tag-kongelig","tag-no","tag-norge","tag-norway","tag-prins-harry","tag-underholdning"],"share_on_mastodon":{"url":"https:\/\/pubeurope.com\/@no\/116906408995943397","error":""},"_links":{"self":[{"href":"https:\/\/www.europesays.com\/no\/wp-json\/wp\/v2\/posts\/292037","targetHints":{"allow":["GET"]}}],"collection":[{"href":"https:\/\/www.europesays.com\/no\/wp-json\/wp\/v2\/posts"}],"about":[{"href":"https:\/\/www.europesays.com\/no\/wp-json\/wp\/v2\/types\/post"}],"author":[{"embeddable":true,"href":"https:\/\/www.europesays.com\/no\/wp-json\/wp\/v2\/users\/2"}],"replies":[{"embeddable":true,"href":"https:\/\/www.europesays.com\/no\/wp-json\/wp\/v2\/comments?post=292037"}],"version-history":[{"count":0,"href":"https:\/\/www.europesays.com\/no\/wp-json\/wp\/v2\/posts\/292037\/revisions"}],"wp:featuredmedia":[{"embeddable":true,"href":"https:\/\/www.europesays.com\/no\/wp-json\/wp\/v2\/media\/292038"}],"wp:attachment":[{"href":"https:\/\/www.europesays.com\/no\/wp-json\/wp\/v2\/media?parent=292037"}],"wp:term":[{"taxonomy":"category","embeddable":true,"href":"https:\/\/www.europesays.com\/no\/wp-json\/wp\/v2\/categories?post=292037"},{"taxonomy":"post_tag","embeddable":true,"href":"https:\/\/www.europesays.com\/no\/wp-json\/wp\/v2\/tags?post=292037"}],"curies":[{"name":"wp","href":"https:\/\/api.w.org\/{rel}","templated":true}]}}