{"id":29222,"date":"2025-09-07T11:18:08","date_gmt":"2025-09-07T11:18:08","guid":{"rendered":"https:\/\/www.europesays.com\/no\/29222\/"},"modified":"2025-09-07T11:18:08","modified_gmt":"2025-09-07T11:18:08","slug":"tett-pa-med-tk-podkast","status":"publish","type":"post","link":"https:\/\/www.europesays.com\/no\/29222\/","title":{"rendered":"Tett p\u00e5 med tk, Podkast"},"content":{"rendered":"\n<p>Max Normann Williamsen, midtstopper for KBK, r\u00f8k korsb\u00e5ndet i cupkampen mot Tr\u00e6ff i 2024. Oppmerksomheten rundt skaden overrasket han, forteller han i Tidens Krav sin podcast Tett p\u00e5 med TK.<\/p>\n<p>\u2013 Det er ingenting jeg heller vil gj\u00f8re enn \u00e5 spille fotball. Jeg vurderte aldri \u00e5 gi meg da jeg ble skadet.<\/p>\n<p><b>Podkasten er laget av Benedicte Viola Sve\u00f8y-Aae for Tidens Krav. <\/b><\/p>\n<p>Han synes nesten det ble overdrevet hvor trist mange mente situasjonen var, men han er takknemlig for st\u00f8tten.<\/p>\n<p>\u2013 Jeg ble litt irritert n\u00e5r folk begynte \u00e5 skrive at det var s\u00e5 trist at jeg ble skadet. Folk snakket som om jeg skulle d\u00f8 liksom. Jeg tenkte s\u00e5nn, jeg blir jo frisk igjen.<\/p>\n<p>   <img decoding=\"async\" width=\"2048\" height=\"1366\" fetchpriority=\"low\"  loading=\"lazy\"  src=\"https:\/\/www.europesays.com\/no\/wp-content\/uploads\/2025\/09\/525768765_1136497484962362_7348715351742451182_n.jpg\" alt=\"\" class=\"brick-c-cFOWSL\" style=\"--brick-image-ratio: 2048 \/ 1366;\"\/><\/p>\n<p>    I podcasten Tett p\u00e5 med TK snakker Benedicte Viola Sve\u00f8y-Aae med unge p\u00e5 Nordm\u00f8re som satser p\u00e5 dr\u00f8mmen sin &#8211; p\u00e5 godt og vondt. Max Normann Williamsen satser p\u00e5 fotballdr\u00f8mmen.<br \/>\n    Foto: Emil Olsen\n  <\/p>\n<p>  Familieb\u00e5nd gir styrke i motgang<\/p>\n<p>Williamsen forteller at han raskt aksepterte skaden og valgte \u00e5 se framover. Han setter pris p\u00e5 st\u00f8tten fra familien, selv om han sjelden legger merke til dem p\u00e5 tribunen n\u00e5r stadion er full.<\/p>\n<p>\u2013 Jeg tenker ikke s\u00e5 mye p\u00e5 det n\u00e5r familie og venner kommer og ser p\u00e5 egentlig. Jeg tenker at fokuset er det samme og at jeg vil gj\u00f8re det j\u00e6vlig bra uansett.<\/p>\n<p>Ringen han b\u00e6rer hver dag, har en spesiell historie. Det er gifteringen etter faren Per Arne Williamsen, som d\u00f8de da Max var 11 \u00e5r. Ringen fikk han av moren p\u00e5 18-\u00e5rsdagen.<\/p>\n<p>\u2013 Jeg har g\u00e5tt med den hver dag siden jeg ble 18 \u00e5r. Det er jo kjekt \u00e5 ha noe fra han. Ringen betyr mye, selv om folk tror jeg er gift, ler Williamsen.<\/p>\n<p><b>I podkastserien \u00abStreberne\u00bb f\u00e5r du h\u00f8re Max fortelle om presset han legger p\u00e5 seg selv, hvordan det er \u00e5 v\u00e6re tilbake p\u00e5 banen, hvordan han var p\u00e5 videreg\u00e5ende, om den nye leiligheten og framtidsplanene han har. <\/b><\/p>\n<p>I serien har vi ogs\u00e5 intervjuet musiker Tea Megaard og danser Ine Marie Roksv\u00e5g. H\u00f8r alle episodene her:<\/p>\n","protected":false},"excerpt":{"rendered":"Max Normann Williamsen, midtstopper for KBK, r\u00f8k korsb\u00e5ndet i cupkampen mot Tr\u00e6ff i 2024. Oppmerksomheten rundt skaden overrasket&hellip;\n","protected":false},"author":2,"featured_media":29223,"comment_status":"","ping_status":"","sticky":false,"template":"","format":"standard","meta":{"footnotes":""},"categories":[59],"tags":[36,3219,30,28,29,1270,83,82,1510,4721,815],"class_list":{"0":"post-29222","1":"post","2":"type-post","3":"status-publish","4":"format-standard","5":"has-post-thumbnail","7":"category-sport","8":"tag-art","9":"tag-kbk","10":"tag-no","11":"tag-norge","12":"tag-norway","13":"tag-podkast","14":"tag-sport","15":"tag-sports","16":"tag-story","17":"tag-tett-pa-med-tk","18":"tag-ung"},"share_on_mastodon":{"url":"","error":""},"_links":{"self":[{"href":"https:\/\/www.europesays.com\/no\/wp-json\/wp\/v2\/posts\/29222","targetHints":{"allow":["GET"]}}],"collection":[{"href":"https:\/\/www.europesays.com\/no\/wp-json\/wp\/v2\/posts"}],"about":[{"href":"https:\/\/www.europesays.com\/no\/wp-json\/wp\/v2\/types\/post"}],"author":[{"embeddable":true,"href":"https:\/\/www.europesays.com\/no\/wp-json\/wp\/v2\/users\/2"}],"replies":[{"embeddable":true,"href":"https:\/\/www.europesays.com\/no\/wp-json\/wp\/v2\/comments?post=29222"}],"version-history":[{"count":0,"href":"https:\/\/www.europesays.com\/no\/wp-json\/wp\/v2\/posts\/29222\/revisions"}],"wp:featuredmedia":[{"embeddable":true,"href":"https:\/\/www.europesays.com\/no\/wp-json\/wp\/v2\/media\/29223"}],"wp:attachment":[{"href":"https:\/\/www.europesays.com\/no\/wp-json\/wp\/v2\/media?parent=29222"}],"wp:term":[{"taxonomy":"category","embeddable":true,"href":"https:\/\/www.europesays.com\/no\/wp-json\/wp\/v2\/categories?post=29222"},{"taxonomy":"post_tag","embeddable":true,"href":"https:\/\/www.europesays.com\/no\/wp-json\/wp\/v2\/tags?post=29222"}],"curies":[{"name":"wp","href":"https:\/\/api.w.org\/{rel}","templated":true}]}}