{"id":292444,"date":"2026-07-12T23:31:14","date_gmt":"2026-07-12T23:31:14","guid":{"rendered":"https:\/\/www.europesays.com\/no\/292444\/"},"modified":"2026-07-12T23:31:14","modified_gmt":"2026-07-12T23:31:14","slug":"amerikanske-inflasjonstall-gir-en-pekepinn-e24","status":"publish","type":"post","link":"https:\/\/www.europesays.com\/no\/292444\/","title":{"rendered":"Amerikanske inflasjonstall: \u2013 Gir en pekepinn \u2013 E24"},"content":{"rendered":"\n<p class=\"_textTheme_1yhmn_1 _lead_16k26_2 _lead_3ue4t_18 layout-component layout-wide layout-padded _lead_o6m9k_5 body-large _wide_o6m9k_9\">Amerikanske inflasjonstall og norsk resultatbonanza kommer til \u00e5 prege uken som kommer.<\/p>\n<p> <img alt=\"Sara Midtgaard er senior makro- og rentestrateg i Nordea Markets.\" class=\"_image_1jxax_84 layout-component layout-wide\" data-fullscreen- data-track-element-type=\"Article image fullscreen\" data-track-name=\"ImageFullscreen\" fetchpriority=\"high\" decoding=\"sync\" loading=\"eager\" height=\"5464\" itemprop=\"image\"  src=\"https:\/\/www.europesays.com\/no\/wp-content\/uploads\/2026\/07\/840b962f-d709-3264-94b1-a5496256d835.jpeg\"  style=\"object-position:56.62841796875% 54.877379209370424%\" width=\"8192\"\/>Sara Midtgaard er senior makro- og rentestrateg i Nordea Markets.  Foto: Adrian NielsenVis mer<a class=\"_link_1wc6r_108\" href=\"https:\/\/e24.no\/forfatter\/haavard-myhre\" title=\"H\u00e5vard Myhre\" rel=\"nofollow noopener\" target=\"_blank\"><img alt=\"Bilde av H\u00e5vard Myhre\" class=\"_image_1wc6r_85\" fetchpriority=\"low\" decoding=\"async\" itemprop=\"image\" loading=\"lazy\"  src=\"https:\/\/www.europesays.com\/no\/wp-content\/uploads\/2026\/07\/1783899072_559_36ee5eab-4c34-3ad6-a08f-d352b9370cc4.jpeg\"  width=\"480\"\/><\/a>         <\/p>\n<p>Oppsummeringen er laget med kunstig intelligens og kvalitetssikret av E24s journalister.<\/p>\n<ul class=\"_list_16k26_3 _list_tj395_103 _unordered_16k26_103 _textTheme_1yhmn_1 body-small\">\n<li class=\"_item_16k26_63\">Amerikanske inflasjonstall og norske kvartalsresultater vil prege den kommende uken.<\/li>\n<li class=\"_item_16k26_63\">USA-inflasjonen forventes \u00e5 falle fra 4,2 til 3,8 prosent i juni, men kjerneinflasjonen kan forbli uendret p\u00e5 2,9 prosent.<\/li>\n<li class=\"_item_16k26_63\">Nordea Markets tror Fed vil \u00f8ke renten tre ganger i \u00e5r, p\u00e5 m\u00f8tene i september, oktober og desember.<\/li>\n<li class=\"_item_16k26_63\">Nye Fed-sjef Kevin Warsh skal i h\u00f8ring i Kongressen tirsdag, men forventes \u00e5 holde kortene tett til brystet.<\/li>\n<\/ul>\n<p>Vis mer  <\/p>\n<p class=\"_textTheme_1yhmn_1 _paragraph_16k26_4 _paragraph_3ue4t_27 layout-component layout-normal layout-padded body-medium\">\u2013 Det viktigste til uken blir inflasjonstallene fra USA, sier seniorstrateg Sara Midtgaard i Nordea Markets.<\/p>\n<p class=\"_textTheme_1yhmn_1 _paragraph_16k26_4 _paragraph_3ue4t_27 layout-component layout-normal layout-padded body-medium\">Hun sikter til den amerikanske konsumprisindeksen (CPI), som kommer p\u00e5 tirsdag.<\/p>\n<p class=\"_textTheme_1yhmn_1 _paragraph_16k26_4 _paragraph_3ue4t_27 layout-component layout-normal layout-padded body-medium\"><strong class=\"_strong_16k26_20\">Det ligger an til at pilene kommer til \u00e5 peke litt ned.<\/strong><\/p>\n<p> <a class=\"_link_12q07_20\" data-track-id=\"teaser:L4Wzwq\" data-track-impression=\"true\" data-track-name=\"Gullprisen: Dette tror ekspertene om veien videre\" data-track-element-size=\"small\" data-track-element-type=\"Teaser\" data-track-image-url=\"https:\/\/www.europesays.com\/no\/wp-content\/uploads\/2026\/07\/1783899073_962_60b21299-c233-3533-9880-e3377fd0204c.jpeg\" data-track-layout-name=\"image:right\" data-track-position-source=\"related-article\" href=\"https:\/\/e24.no\/internasjonal-oekonomi\/i\/L4Wzwq\/gullprisen-dette-tror-ekspertene-om-veien-videre\" rel=\"nofollow noopener\" target=\"_blank\"><img decoding=\"async\" alt=\"\" class=\"_image_12q07_77\" height=\"3716\" loading=\"lazy\"  src=\"https:\/\/www.europesays.com\/no\/wp-content\/uploads\/2026\/07\/1783899073_962_60b21299-c233-3533-9880-e3377fd0204c.jpeg\"  width=\"5500\"\/><\/p>\n<p class=\"label-small _kicker_12q07_98\">Les ogs\u00e5<\/p>\n<p>Gullprisen: Dette tror ekspertene om veien videre<\/a> \u2013 Gir en pekepinn <\/p>\n<p class=\"_textTheme_1yhmn_1 _paragraph_16k26_4 _paragraph_3ue4t_27 layout-component layout-normal layout-padded body-medium\">CPI er ikke det viktigste m\u00e5let p\u00e5 inflasjonen for Fed.<\/p>\n<p class=\"_textTheme_1yhmn_1 _paragraph_16k26_4 _paragraph_3ue4t_27 layout-component layout-normal layout-padded body-medium\">\u2013 Fed-medlemmene er mer interesserte i PCE-talleneDisse kommer f\u00f8rst 30. juli., men CPI gir en pekepinn p\u00e5 hva de ender p\u00e5, sier Midtgaard.<\/p>\n<p> <a class=\"_link_12q07_20\" data-track-id=\"teaser:M7EapJ\" data-track-impression=\"true\" data-track-name=\"Prisveksten i USA steg til 4,1 prosent i mai\" data-track-element-size=\"small\" data-track-element-type=\"Teaser\" data-track-image-url=\"https:\/\/www.europesays.com\/no\/wp-content\/uploads\/2026\/07\/0ff9c713-d1e0-30be-8666-368ccee17fe1.jpeg\" data-track-layout-name=\"image:right\" data-track-position-source=\"related-article\" href=\"https:\/\/e24.no\/internasjonal-oekonomi\/i\/M7EapJ\/prisveksten-i-usa-endte-paa-4-1-prosent-i-mai\" rel=\"nofollow noopener\" target=\"_blank\"><img decoding=\"async\" alt=\"\" class=\"_image_12q07_77\" height=\"5504\" loading=\"lazy\"  src=\"https:\/\/www.europesays.com\/no\/wp-content\/uploads\/2026\/07\/0ff9c713-d1e0-30be-8666-368ccee17fe1.jpeg\"  width=\"8256\"\/><\/p>\n<p class=\"label-small _kicker_12q07_98\">Les ogs\u00e5<\/p>\n<p>Prisveksten i USA steg til 4,1 prosent i mai<\/a> <\/p>\n<p class=\"_textTheme_1yhmn_1 _paragraph_16k26_4 _paragraph_3ue4t_27 layout-component layout-normal layout-padded body-medium\">Det er forventet at totalinflasjonen g\u00e5r ned fra 4,2 prosent i mai til 3,8 prosent i juni.<\/p>\n<p class=\"_textTheme_1yhmn_1 _paragraph_16k26_4 _paragraph_3ue4t_27 layout-component layout-normal layout-padded body-medium\"><strong class=\"_strong_16k26_20\">\u2013 Det er derimot kjerneinflasjonen Fed er mest opptatt av, og den kan fort ende uendret, forteller Midtgaard.<\/strong><\/p>\n<p class=\"_textTheme_1yhmn_1 _paragraph_16k26_4 _paragraph_3ue4t_27 layout-component layout-normal layout-padded body-medium\">I mai l\u00e5 den p\u00e5 2,9 prosent \u2013 konsensus er at den er p\u00e5 stedet hvil i juni.<\/p>\n<p> Dette skjer i uke 29Mandag 13. juli<\/p>\n<ul class=\"_list_16k26_3 _list_3ue4t_26 _list_1si9r_56 _unordered_16k26_103 _textTheme_1yhmn_1 layout-component layout-normal layout-padded body-small\" itemprop=\"text\">\n<li class=\"_item_16k26_63\">Kongsberg Gruppen publiserer kvartalsrapport.<\/li>\n<li class=\"_item_16k26_63\">Gjensidige kommer ogs\u00e5 med sine tall for andre kvartal.<\/li>\n<\/ul>\n<p>Tirsdag 14. juli<\/p>\n<ul class=\"_list_16k26_3 _list_3ue4t_26 _list_1si9r_56 _unordered_16k26_103 _textTheme_1yhmn_1 layout-component layout-normal layout-padded body-small\" itemprop=\"text\">\n<li class=\"_item_16k26_63\"><strong class=\"_strong_16k26_20\">Bureau of Labour Statistics slipper amerikanske inflasjonstall (CPI).<\/strong><\/li>\n<li class=\"_item_16k26_63\">Fed-sjef Kevin Warsh skal i h\u00f8ring i Kongressen.<\/li>\n<li class=\"_item_16k26_63\">Norwegian legger frem Q2-tall.<\/li>\n<li class=\"_item_16k26_63\">Aker Solutions presenterer sin kvartalsrapport.<\/li>\n<li class=\"_item_16k26_63\">DNB deler sine kvartalstall. <\/li>\n<\/ul>\n<p>Onsdag 15. juli<\/p>\n<ul class=\"_list_16k26_3 _list_3ue4t_26 _list_1si9r_56 _unordered_16k26_103 _textTheme_1yhmn_1 layout-component layout-normal layout-padded body-small\" itemprop=\"text\">\n<li class=\"_item_16k26_63\">Tall p\u00e5 kinesisk GDP fra andre kvartal.<\/li>\n<li class=\"_item_16k26_63\">Aker BP f\u00f8lger p\u00e5 med kvartalsrapport.<\/li>\n<li class=\"_item_16k26_63\">Obos offentliggj\u00f8r sine resultater for andre kvartal.<\/li>\n<\/ul>\n<p>Torsdag 16. juli<\/p>\n<ul class=\"_list_16k26_3 _list_3ue4t_26 _list_1si9r_56 _unordered_16k26_103 _textTheme_1yhmn_1 layout-component layout-normal layout-padded body-small\" itemprop=\"text\">\n<li class=\"_item_16k26_63\">F\u00f8rst torsdag kommer kvartalstall fra Aker-konsernet. <\/li>\n<li class=\"_item_16k26_63\">Telenor deler sine resultater for Q2. <\/li>\n<li class=\"_item_16k26_63\">Borregaard kommer med fasiten for kvartalet.<\/li>\n<\/ul>\n<p>Fredag 17. juli<\/p>\n<ul class=\"_list_16k26_3 _list_3ue4t_26 _list_1si9r_56 _unordered_16k26_103 _textTheme_1yhmn_1 layout-component layout-normal layout-padded body-small\" itemprop=\"text\">\n<li class=\"_item_16k26_63\">Inflasjonstall for Eurosonen.<\/li>\n<li class=\"_item_16k26_63\">Yara legger frem kvartalsrapport. <\/li>\n<li class=\"_item_16k26_63\">Forretningsbanken Pareto offentliggj\u00f8r Q2-resultat.<\/li>\n<\/ul>\n<p> G\u00e5r mot rentehevinger <\/p>\n<p class=\"_textTheme_1yhmn_1 _paragraph_16k26_4 _paragraph_3ue4t_27 layout-component layout-normal layout-padded body-medium\">\u2013 I Nordea Markets tror vi at Fed kommer til \u00e5 \u00f8ke renten tre ganger i \u00e5r, sier Midtgaard.<\/p>\n<p class=\"_textTheme_1yhmn_1 _paragraph_16k26_4 _paragraph_3ue4t_27 layout-component layout-normal layout-padded body-medium\">Det gjenst\u00e5r fire rentem\u00f8ter i 2026 for den amerikanske sentralbanken.<\/p>\n<p class=\"_textTheme_1yhmn_1 _paragraph_16k26_4 _paragraph_3ue4t_27 layout-component layout-normal layout-padded body-medium\"><strong class=\"_strong_16k26_20\">\u2013 Hvis de holder igjen n\u00e5 i juli, tror vi at de \u00f8ker styringsrenten p\u00e5 de gjenv\u00e6rende m\u00f8tene i september, oktober og desember.<\/strong><\/p>\n<p class=\"_textTheme_1yhmn_1 _paragraph_16k26_4 _paragraph_3ue4t_27 layout-component layout-normal layout-padded body-medium\">If\u00f8lge Midtgaard virker Fed-medlemmene rimelig samstemte om at inflasjonen n\u00e5 bekymrer mer enn arbeidsledigheten.<\/p>\n<p class=\"_textTheme_1yhmn_1 _paragraph_16k26_4 _paragraph_3ue4t_27 layout-component layout-normal layout-padded body-medium\">\u2013 Fraksjonen som tidligere i \u00e5r har \u00f8nsket renten ned, gj\u00f8r tilsynelatende ikke det lenger, sier seniorstrategen.<\/p>\n<p>    Sentralbanksjefen i h\u00f8ring <\/p>\n<p class=\"_textTheme_1yhmn_1 _paragraph_16k26_4 _paragraph_3ue4t_27 layout-component layout-normal layout-padded body-medium\">P\u00e5 tirsdag skal Kevin Warsh i h\u00f8ring i Kongressen. Det blir hans f\u00f8rste h\u00f8ring som sentralbanksjef. <\/p>\n<p class=\"_textTheme_1yhmn_1 _paragraph_16k26_4 _paragraph_3ue4t_27 layout-component layout-normal layout-padded body-medium\">Som Fed-sjef er han p\u00e5lagt \u00e5 m\u00f8te i Kongressen to ganger i \u00e5ret.<\/p>\n<p class=\"_textTheme_1yhmn_1 _paragraph_16k26_4 _paragraph_3ue4t_27 layout-component layout-normal layout-padded body-medium\"><strong class=\"_strong_16k26_20\">\u2013 Det kan bli interessant \u00e5 f\u00f8lge med p\u00e5 den h\u00f8ringen, sier Midtgaard.<\/strong><\/p>\n<p> <img alt=\"Fed-sjef Kevin Warsh fikk seg en Portugal-tur tidligere i sommer, i sammenheng med ECB-forumet i byen Sintra.\" class=\"_image_1jxax_84 layout-component layout-normal\" data-fullscreen- data-track-element-type=\"Article image fullscreen\" data-track-name=\"ImageFullscreen\" decoding=\"async\" loading=\"lazy\" height=\"3667\" itemprop=\"image\"  src=\"https:\/\/www.europesays.com\/no\/wp-content\/uploads\/2026\/07\/8b9c572a-9e1d-3ebe-843f-06946316d200.jpeg\"  style=\"object-position:51.227272727272734% 29.110989910008183%\" width=\"5500\"\/>Fed-sjef Kevin Warsh fikk seg en Portugal-tur tidligere i sommer, i sammenheng med ECB-forumet i byen Sintra. Foto: Pedro Rocha \/ Reuters \/ NTBVis mer <\/p>\n<p class=\"_textTheme_1yhmn_1 _paragraph_16k26_4 _paragraph_3ue4t_27 layout-component layout-normal layout-padded body-medium\">Hun tror imidlertid at Warsh kommer til \u00e5 holde kortene tett til brystet.<\/p>\n<p class=\"_textTheme_1yhmn_1 _paragraph_16k26_4 _paragraph_3ue4t_27 layout-component layout-normal layout-padded body-medium\"><strong class=\"_strong_16k26_20\">\u2013 Han er ikke typen som gir ut s\u00e5 mye signaler. Warsh er ingen tilhenger av \u00abforward guidanceAnslag for fremtidig renteutvikling.\u00bb.<\/strong><\/p>\n<p class=\"_textTheme_1yhmn_1 _paragraph_16k26_4 _paragraph_3ue4t_27 layout-component layout-normal layout-padded body-medium\">Det han kan komme til \u00e5 finne p\u00e5 \u00e5 snakke til Kongressen om, er hvordan han \u00f8nsker \u00e5 fornye Fed, mener Midtgaard.<\/p>\n<p class=\"_textTheme_1yhmn_1 _paragraph_16k26_4 _paragraph_3ue4t_27 layout-component layout-normal layout-padded body-medium\">Warsh har <a href=\"https:\/\/e24.no\/internasjonal-oekonomi\/i\/9p6PBM\/ny-fed-sjef-korter-ned-kommunikasjon-gaar-litt-imot-hele-tanken-bak-aapenhet-sier-sjefoekonom\" class=\"_link_16k26_32\" rel=\"nofollow noopener\" target=\"_blank\">tatt initiativ til<\/a> \u00e5 sette ned fem arbeidsgrupper som skal se p\u00e5 forbedringspotensial i sentralbanken innen hvert sitt omr\u00e5de.<\/p>\n<p> <a class=\"_link_12q07_20\" data-track-id=\"teaser:q6QQOo\" data-track-impression=\"true\" data-track-name=\"Warsh henter inn toppnavn for \u00e5 forbedre Fed\" data-track-element-size=\"small\" data-track-element-type=\"Teaser\" data-track-image-url=\"https:\/\/www.europesays.com\/no\/wp-content\/uploads\/2026\/07\/1783899074_237_6745dd07-314a-3736-b391-0a6299391964.jpeg\" data-track-layout-name=\"image:right\" data-track-position-source=\"related-article\" href=\"https:\/\/e24.no\/internasjonal-oekonomi\/i\/q6QQOo\/warsh-henter-inn-toppnavn-for-aa-forbedre-fed\" rel=\"nofollow noopener\" target=\"_blank\"><img decoding=\"async\" alt=\"\" class=\"_image_12q07_77\" height=\"2880\" loading=\"lazy\"  src=\"https:\/\/www.europesays.com\/no\/wp-content\/uploads\/2026\/07\/1783899074_237_6745dd07-314a-3736-b391-0a6299391964.jpeg\"  width=\"4320\"\/><\/p>\n<p class=\"label-small _kicker_12q07_98\">Les ogs\u00e5<\/p>\n<p>Warsh henter inn toppnavn for \u00e5 forbedre Fed<\/a> Resultatuke <\/p>\n<p class=\"_textTheme_1yhmn_1 _paragraph_16k26_4 _paragraph_3ue4t_27 layout-component layout-normal layout-padded body-medium\">Til uken har vi ogs\u00e5 et dr\u00f8ss med kvartalsrapporter i vente.<\/p>\n<p class=\"_textTheme_1yhmn_1 _paragraph_16k26_4 _paragraph_3ue4t_27 layout-component layout-normal layout-padded body-medium\">Allerede p\u00e5 mandag kommer Kongsberg Gruppen med sine resultater for andre kvartal.<\/p>\n<p>     <img decoding=\"async\" alt=\"Bilde av Ole Petter Sj\u00f8vold\" class=\"_image_xaoye_47\" height=\"40\" itemprop=\"image\" loading=\"lazy\"  src=\"https:\/\/www.europesays.com\/no\/wp-content\/uploads\/2026\/07\/2e571d55-bba0-3576-be7a-01979d0562a9.jpeg\"  width=\"40\"\/>    Ole Petter Sj\u00f8vold  <\/p>\n<p class=\"_textTheme_1yhmn_1 _paragraph_16k26_4 _title_xaoye_61 body-small\">Analytiker i SpareBank 1 Markets<\/p>\n<p class=\"_textTheme_1yhmn_1 _paragraph_16k26_4 _paragraph_3ue4t_27 layout-component layout-normal layout-padded body-medium\">\u2013 Vi venter fortsatt et sterkt kvartal fra Kongsberg Gruppen, med omsetning p\u00e5 rundt 9,7 milliarder norske kroner og EBITDA p\u00e5 rundt 2,0 milliarder norske kroner, sa analytiker Ole-Petter Sj\u00f8vold <a href=\"https:\/\/e24.no\/boers-og-finans\/i\/OkzEoq\/analytiker-foer-kongsberg-tall-kan-tynge-aksjen\" class=\"_link_16k26_32\" rel=\"nofollow noopener\" target=\"_blank\">til E24 tidligere denne uken<\/a>.<\/p>\n<p class=\"_textTheme_1yhmn_1 _paragraph_16k26_4 _paragraph_3ue4t_27 layout-component layout-normal layout-padded body-medium\"><strong class=\"_strong_16k26_20\">Utover uken f\u00e5r vi kvartalstall fra en rekke store norske selskaper som Aker, Norwegian og Telenor.<\/strong><\/p>\n","protected":false},"excerpt":{"rendered":"Amerikanske inflasjonstall og norsk resultatbonanza kommer til \u00e5 prege uken som kommer. Sara Midtgaard er senior makro- og&hellip;\n","protected":false},"author":2,"featured_media":292445,"comment_status":"","ping_status":"","sticky":false,"template":"","format":"standard","meta":{"footnotes":"","_share_on_mastodon":"0"},"categories":[56],"tags":[2732,13009,5606,60,61,16932,2455,16917,304,3209,62,30,8400,28,29,2379,18311,17740,1418,18389],"class_list":["post-292444","post","type-post","status-publish","format-standard","has-post-thumbnail","category-naeringsliv","tag-aker","tag-aker-solutions","tag-borregaard","tag-business","tag-economy","tag-eurosonen","tag-gjensidige","tag-kevin-warsh","tag-kongsberg-gruppen","tag-konsumprisindeksen","tag-naeringsliv","tag-no","tag-nordea-markets","tag-norge","tag-norway","tag-norwegian","tag-sara-midtgaard","tag-sla-av-ticker-pa-front","tag-telenor","tag-yara"],"share_on_mastodon":{"url":"https:\/\/pubeurope.com\/@no\/116909617657435358","error":""},"_links":{"self":[{"href":"https:\/\/www.europesays.com\/no\/wp-json\/wp\/v2\/posts\/292444","targetHints":{"allow":["GET"]}}],"collection":[{"href":"https:\/\/www.europesays.com\/no\/wp-json\/wp\/v2\/posts"}],"about":[{"href":"https:\/\/www.europesays.com\/no\/wp-json\/wp\/v2\/types\/post"}],"author":[{"embeddable":true,"href":"https:\/\/www.europesays.com\/no\/wp-json\/wp\/v2\/users\/2"}],"replies":[{"embeddable":true,"href":"https:\/\/www.europesays.com\/no\/wp-json\/wp\/v2\/comments?post=292444"}],"version-history":[{"count":0,"href":"https:\/\/www.europesays.com\/no\/wp-json\/wp\/v2\/posts\/292444\/revisions"}],"wp:featuredmedia":[{"embeddable":true,"href":"https:\/\/www.europesays.com\/no\/wp-json\/wp\/v2\/media\/292445"}],"wp:attachment":[{"href":"https:\/\/www.europesays.com\/no\/wp-json\/wp\/v2\/media?parent=292444"}],"wp:term":[{"taxonomy":"category","embeddable":true,"href":"https:\/\/www.europesays.com\/no\/wp-json\/wp\/v2\/categories?post=292444"},{"taxonomy":"post_tag","embeddable":true,"href":"https:\/\/www.europesays.com\/no\/wp-json\/wp\/v2\/tags?post=292444"}],"curies":[{"name":"wp","href":"https:\/\/api.w.org\/{rel}","templated":true}]}}