{"id":29297,"date":"2025-09-07T13:24:08","date_gmt":"2025-09-07T13:24:08","guid":{"rendered":"https:\/\/www.europesays.com\/no\/29297\/"},"modified":"2025-09-07T13:24:08","modified_gmt":"2025-09-07T13:24:08","slug":"psg-med-krast-brev-til-fotballforbundet","status":"publish","type":"post","link":"https:\/\/www.europesays.com\/no\/29297\/","title":{"rendered":"PSG med krast brev til fotballforbundet"},"content":{"rendered":"\n<p class=\"_lead_ew2ao_2 _lead_xtcu6_50 layout-component text-serif-m layout-normal text-serif-l layout-component layout-wide layout-padded _wide_17hqh_1 layout-padded\">Paris Saint-Germain er ikke forn\u00f8yd etter at b\u00e5de D\u00e9sir\u00e9 Dou\u00e9 og Ousmane Demb\u00e9l\u00e9 p\u00e5dro seg skader i Frankrikes VM-kvalifisering. <\/p>\n<p><img alt=\"D\u00e9sir\u00e9 Dou\u00e9 og Ousmane Demb\u00e9l\u00e9 er begge ute i en m\u00e5neds tid med skader.  Foto: Antonio Calanni \/ AP \/ NTB\" class=\"_image_qp4xg_65 layout-component layout-wide\" data-fullscreen- data-track-element-type=\"Article image fullscreen\" data-track-name=\"ImageFullscreen\" fetchpriority=\"high\" decoding=\"sync\" loading=\"eager\" height=\"5760\" itemprop=\"image\"  src=\"https:\/\/www.europesays.com\/no\/wp-content\/uploads\/2025\/09\/ad15b616-c719-493b-bb2d-dd8e31abc2cc\"  style=\"object-position:0% 0%\" width=\"8640\"\/>D\u00e9sir\u00e9 Dou\u00e9 og Ousmane Demb\u00e9l\u00e9 er begge ute i en m\u00e5neds tid med skader.  Foto: Antonio Calanni \/ AP \/ NTB<\/p>\n<ul aria-hidden=\"true\" class=\"_images_1y6fe_106\">\n<li><a class=\"_link_1y6fe_111\" href=\"https:\/\/www.vg.no\/forfatter\/ntb\" style=\"z-index:1\" title=\"NTB\" rel=\"nofollow noopener\" target=\"_blank\"><img alt=\"Bilde av NTB\" class=\"_image_1y6fe_88\" fetchpriority=\"low\" loading=\"lazy\" decoding=\"async\" itemprop=\"image\"  src=\"https:\/\/www.europesays.com\/no\/wp-content\/uploads\/2025\/09\/1757251448_192_c33980b0-5d07-4027-84a1-813f90a7c8d6\"  width=\"480\"\/><\/a><\/li>\n<\/ul>\n<p> Oppdatert s\u00f8ndag 7. september kl. 14:20     <\/p>\n<p class=\"_paragraph_ew2ao_4 _paragraph_xtcu6_10 layout-component text-serif-m layout-normal text-serif-m layout-padded\">Storklubben krever at det tas grep.<\/p>\n<p class=\"_paragraph_ew2ao_4 _paragraph_xtcu6_10 layout-component text-serif-m layout-normal text-serif-m layout-padded\"><a href=\"https:\/\/www.psg.fr\/content\/le-paris-saint-germain-appelle-a-la-mise-en-place-dun-nouveau-protocole-de-coordination-medico-sportive-entre-clubs-et-selection-nationale\" class=\"_link_ew2ao_39\" rel=\"nofollow noopener\" target=\"_blank\">I et brev til Frankrikes Fotballforbund<\/a> heter det at PSG \u00f8nsker at det innf\u00f8res en ny protokoll for medisinsk samarbeid mellom klubbene og landslaget.<\/p>\n<p class=\"_paragraph_ew2ao_4 _paragraph_xtcu6_10 layout-component text-serif-m layout-normal text-serif-m layout-padded\">Doue og Dembele m\u00e5tte begge forlate banen i Frankrikes kamp mot Ukraina tidligere denne uken. Franske medier skrev i etterkant at PSG-ledelsen var rasende p\u00e5 landslaget for \u00e5 ha tatt un\u00f8dvendige sjanser med duoen, og det er ventet at de begge vil v\u00e6re ute i om lag en m\u00e5ned. For Dembele er prognosen p\u00e5 seks uker.<\/p>\n<p class=\"_paragraph_ew2ao_4 _paragraph_xtcu6_10 layout-component text-serif-m layout-normal text-serif-m layout-padded\">I brevet som ble sendt i helgen, heter det at PSG p\u00e5 forh\u00e5nd hadde gitt beskjed om at Doue og Dembele burde brukes forsiktig i frykt for skader.<\/p>\n<p class=\"_paragraph_ew2ao_4 _paragraph_xtcu6_10 layout-component text-serif-m layout-normal text-serif-m layout-padded\">\u2013 Klubben beklager at disse medisinske anbefalingene ikke ble tatt hensyn til av landslagets stab, samt den totale mangelen p\u00e5 samr\u00e5d og konsultasjon med klubbens medisinske team, skriver PSG.<\/p>\n<p class=\"_paragraph_ew2ao_4 _paragraph_xtcu6_10 layout-component text-serif-m layout-normal text-serif-m layout-padded\">Dembele startet fredagens kamp mot Ukraina p\u00e5 benken, men ble byttet inn i pausen. Stjernevingen, som hjalp PSG til mesterligatittelen sist sesong, fikk bare en dr\u00f8y halvtime p\u00e5 banen f\u00f8r han ble skadet.<\/p>\n<p class=\"_paragraph_ew2ao_4 _paragraph_xtcu6_10 layout-component text-serif-m layout-normal text-serif-m layout-padded\">Dembele ble byttet inn for Doue, som i l\u00f8pet av f\u00f8rste omgang fikk problemer med en legg.<\/p>\n<p class=\"_paragraph_ew2ao_4 _paragraph_xtcu6_10 layout-component text-serif-m layout-normal text-serif-m layout-padded\">PSG skal om en dr\u00f8y uke m\u00f8te Atalanta i f\u00f8rste kamp i mesterligaens seriespill. To uker senere venter et gigantm\u00f8te med Barcelona. Den vil tidligere Barcelona-spiller Dembele m\u00e5tte st\u00e5 over.<\/p>\n<p class=\"_paragraph_ew2ao_4 _paragraph_xtcu6_10 layout-component text-serif-m layout-normal text-serif-m layout-padded\">Ogs\u00e5 ligakampen mot Marseille senere i september g\u00e5r uten stjerneduoen.<\/p>\n","protected":false},"excerpt":{"rendered":"Paris Saint-Germain er ikke forn\u00f8yd etter at b\u00e5de D\u00e9sir\u00e9 Dou\u00e9 og Ousmane Demb\u00e9l\u00e9 p\u00e5dro seg skader i Frankrikes&hellip;\n","protected":false},"author":2,"featured_media":29298,"comment_status":"","ping_status":"","sticky":false,"template":"","format":"standard","meta":{"footnotes":""},"categories":[59],"tags":[30,28,29,4735,1637,83,82],"class_list":{"0":"post-29297","1":"post","2":"type-post","3":"status-publish","4":"format-standard","5":"has-post-thumbnail","7":"category-sport","8":"tag-no","9":"tag-norge","10":"tag-norway","11":"tag-ousmane-dembele","12":"tag-paris-saint-germain","13":"tag-sport","14":"tag-sports"},"share_on_mastodon":{"url":"","error":""},"_links":{"self":[{"href":"https:\/\/www.europesays.com\/no\/wp-json\/wp\/v2\/posts\/29297","targetHints":{"allow":["GET"]}}],"collection":[{"href":"https:\/\/www.europesays.com\/no\/wp-json\/wp\/v2\/posts"}],"about":[{"href":"https:\/\/www.europesays.com\/no\/wp-json\/wp\/v2\/types\/post"}],"author":[{"embeddable":true,"href":"https:\/\/www.europesays.com\/no\/wp-json\/wp\/v2\/users\/2"}],"replies":[{"embeddable":true,"href":"https:\/\/www.europesays.com\/no\/wp-json\/wp\/v2\/comments?post=29297"}],"version-history":[{"count":0,"href":"https:\/\/www.europesays.com\/no\/wp-json\/wp\/v2\/posts\/29297\/revisions"}],"wp:featuredmedia":[{"embeddable":true,"href":"https:\/\/www.europesays.com\/no\/wp-json\/wp\/v2\/media\/29298"}],"wp:attachment":[{"href":"https:\/\/www.europesays.com\/no\/wp-json\/wp\/v2\/media?parent=29297"}],"wp:term":[{"taxonomy":"category","embeddable":true,"href":"https:\/\/www.europesays.com\/no\/wp-json\/wp\/v2\/categories?post=29297"},{"taxonomy":"post_tag","embeddable":true,"href":"https:\/\/www.europesays.com\/no\/wp-json\/wp\/v2\/tags?post=29297"}],"curies":[{"name":"wp","href":"https:\/\/api.w.org\/{rel}","templated":true}]}}