{"id":293067,"date":"2026-07-13T19:05:13","date_gmt":"2026-07-13T19:05:13","guid":{"rendered":"https:\/\/www.europesays.com\/no\/293067\/"},"modified":"2026-07-13T19:05:13","modified_gmt":"2026-07-13T19:05:13","slug":"gift-ved-forste-blikk-ekspert-mel-schilling-dode-av-kreft-enkemannens-rorende-hyllest","status":"publish","type":"post","link":"https:\/\/www.europesays.com\/no\/293067\/","title":{"rendered":"Gift ved f\u00f8rste blikk-ekspert Mel Schilling d\u00f8de av kreft: Enkemannens r\u00f8rende hyllest"},"content":{"rendered":"<p class=\"kicker \" style=\"\">Mel Schilling:<\/p>\n<p class=\"subtitle \" style=\"\">Bare noen m\u00e5neder etter det tragiske d\u00f8dsfallet, deler enkemannen en hjerteskj\u00e6rende hyllest.<\/p>\n<p>\n    FAMILIE: Mel Schilling etterlot seg ektemannen Gareth og datteren Maddie. Foto: Instagram \/ @mel_schilling1\n  <\/p>\n<p>Australske \u00abMarried at First Sight\u00bb, eller \u00abGift ved f\u00f8rste blikk\u00bb som vi kaller det her til lands, er blitt blant verdens mest popul\u00e6re realityserier.<\/p>\n<p>Den har markert seg ved \u00e5 b\u00e5de produsere par som holder sammen, men ogs\u00e5 p\u00e5 grunn av mengdene med dramatikk som har utspilt seg p\u00e5 skjermen i l\u00f8pet av sesongene.<\/p>\n<p>    <a itemprop=\"url\" href=\"https:\/\/www.seher.no\/kjendis\/dode-av-kreft\/84413325\" rel=\"nofollow noopener\" target=\"_blank\"><\/p>\n<p>        <img loading=\"lazy\" decoding=\"async\" src=\"https:\/\/www.europesays.com\/no\/wp-content\/uploads\/2026\/07\/84413241.webp\" width=\"147\" height=\"98\" alt=\"\" class=\"lazyload\" style=\"--aspect-ratio-image: 1.50; \"\/><\/p>\n<p>        D\u00f8de av kreft<\/p>\n<p>    <\/a><\/p>\n<p>Deltakerne som har s\u00f8kt kj\u00e6rligheten i programmet har blitt lost gjennom eksperimentet av et panel med eksperter.<\/p>\n<p class=\"font-weight-bold m-font-weight-bold\" data-lab-font_weight=\"font-weight-bold\">Mel Schilling var blant disse ekspertene.<\/p>\n<p>        <img loading=\"lazy\" decoding=\"async\" src=\"https:\/\/www.europesays.com\/no\/wp-content\/uploads\/2026\/07\/84895499.webp\" width=\"686\" height=\"686\" alt=\"\" class=\"\" style=\"--aspect-ratio-image: 1.00; \"\/><\/p>\n<p>\n        KREFT: Mel Schilling gikk bort etter tre \u00e5r med sykdom. Foto: Instagram \/ @mel_schilling1\n    <\/p>\n<p>Den australske realitystjernen hadde i flere sesonger veiledet h\u00e5pefulle par, og hjulpet dem med \u00e5 navigere den tidvis vrange perioden som nygift.\u00a0<\/p>\n<p>Sorgen var derfor stor innad \u00abMarried at First Sight\u00bb-milj\u00f8et da Mel gikk bort tidligere i \u00e5r.<\/p>\n<p class=\"font-weight-bold m-font-weight-bold\" data-lab-font_weight=\"font-weight-bold\">Tilbake i 2023 fikk hun p\u00e5vist tykktarmskreft. Etter tre \u00e5r med diagnosen, kunne hun tidligere i \u00e5r r\u00f8pe at sykdommen hadde spredt seg til hjernen. <a href=\"https:\/\/www.seher.no\/kjendis\/dode-av-kreft\/84413325\" rel=\"nofollow noopener\" target=\"_blank\">Bare noen dager etterp\u00e5 d\u00f8de hun<\/a>, 54 \u00e5r gammel.<\/p>\n<p>Ektemannen Gareth Brisbane bekreftet d\u00f8dsfallet p\u00e5 Instagram:<\/p>\n<p>\u00abMelanie Jane Brisbane-Schilling d\u00f8de fredelig i dag, omgitt av kj\u00e6rlighet. I hennes siste \u00f8yeblikk, da jeg trodde kreften hadde tatt bort evnen hennes til \u00e5 snakke, vinket hun meg n\u00e6rmere og hvisket en beskjed til Maddie og meg som vil b\u00e6re meg resten av livet\u00bb.\u00a0<\/p>\n<p>&#8211; For et liv vi hadde\t<\/p>\n<p>Mels Instagram-konto best\u00e5r fremdeles, og ektemannen Gareth har n\u00e5 delt et hjerteskj\u00e6rende innlegg p\u00e5 kontoen. For \u00e5 markere bryllupsdagen de aldri rakk \u00e5 feire, har han delt en rekke varme ord om sin avd\u00f8de kone.<\/p>\n<p>        &#8211; Jeg skal vinne over kreften \/\/ Foto: NTB, Privat \/\/ Stemme: AI \/\/ Klipp: Nico Aagaard<\/p>\n<p class=\"font-weight-bold m-font-weight-bold\" data-lab-font_weight=\"font-weight-bold\">\u00ab\u00c5h, min ene. Det er vanskelig \u00e5 forsone seg med at feiringen av den lykkeligste dagen i mitt liv ogs\u00e5 skulle bli en av de tristeste. Vi kom oss ikke helt til \u00e5tte \u00e5r som gift, eller 15 \u00e5r som par, men for en kj\u00e6rlighet og et liv vi hadde\u00bb, innleder han, og fortsetter:<\/p>\n<p>    <a itemprop=\"url\" href=\"https:\/\/www.seher.no\/kjendis\/datteren-2-fikk-pavist-kreft\/84846812\" rel=\"nofollow noopener\" target=\"_blank\"><\/p>\n<p>        <img loading=\"lazy\" decoding=\"async\" src=\"https:\/\/www.europesays.com\/no\/wp-content\/uploads\/2026\/07\/1783969513_404_84846908.webp\" width=\"147\" height=\"98\" alt=\"\" class=\"lazyload\" style=\"--aspect-ratio-image: 1.50; \"\/><\/p>\n<p>        Datteren (2) fikk p\u00e5vist kreft<\/p>\n<p>    <\/a><\/p>\n<p>\u00abMot slutten av v\u00e5r f\u00f8rste date visste jeg at jeg ville tilbringe livet mitt med deg, og kj\u00e6rligheten min har bare blitt sterkere, selv om din egen kraft har svunnet hen. Hvil i fred, jenta mi. Jeg h\u00e5per du vet at Maddie og jeg er i den beste posisjonen til \u00e5 fortsette \u00e5 f\u00e5 det bedre. Hun er din datter opp av dage, og du ville v\u00e6rt s\u00e5 stolt over den fantastiske unge kvinnen hun er i ferd med \u00e5 bli. D\u00f8den etterlater en smerte som ikke kan helbredes &#8211; kj\u00e6rlighet etterlater minner ingen kan stjele.\u00bb<\/p>\n<p>        <img loading=\"lazy\" decoding=\"async\" src=\"https:\/\/www.europesays.com\/no\/wp-content\/uploads\/2026\/07\/84895505.webp\" width=\"686\" height=\"858\" alt=\"\" class=\"\" style=\"--aspect-ratio-image: 0.80; \"\/><\/p>\n<p>\n        SISTE JULEN: Mel, Gareth og Maddie feiret sin siste jul sammen i 2025. Foto: Instagram \/ @mel_schilling1\n    <\/p>\n<p>St\u00f8tten renner inn\t<\/p>\n<p>Innlegget har f\u00f8rt til en rekke reaksjoner i kommentarfelter. Det flommer over av st\u00f8tteerkl\u00e6ringer, samt varme og positive ord om Mel.<\/p>\n<p>John Aiken og Alessandra Rampolla, som ogs\u00e5 er eksperter i Married at First Sight, har henholdsvis lagt igjen f\u00f8lgende kommentarer:<\/p>\n<p>\u00abHelt enkelt vakkert\u00bb.<\/p>\n<p>        KREFTSYK: Bare fire m\u00e5neder etter hun giftet seg d\u00f8de Rikke (32) av brystkreft. Video: \u00abTabu\u00bb\/ NRK TV\/ R\u00f8d L\u00f8per<\/p>\n<p>\u00abSender lys og kj\u00e6rlighet\u00bb.<\/p>\n<p>Andre i kommentarfeltet forteller at Mel var en inspirasjon for dem.<\/p>\n<p class=\"font-weight-bold m-font-weight-bold\" data-lab-font_weight=\"font-weight-bold\">\u00abJeg har hjernekreft, p\u00e5 fjerde stadiet. Mel var en stor inspirasjon for meg. Sender deg kj\u00e6rlighet\u00bb, skriver en.<\/p>\n<p>\u00abDe som vet, de vet. Kj\u00e6rligheten forsvinner aldri, men tapet blir enklere \u00e5 leve med, og s\u00e5 er det vondt, og s\u00e5 er det bedre igjen\u00bb, skriver en annen.<\/p>\n","protected":false},"excerpt":{"rendered":"Mel Schilling: Bare noen m\u00e5neder etter det tragiske d\u00f8dsfallet, deler enkemannen en hjerteskj\u00e6rende hyllest. FAMILIE: Mel Schilling etterlot&hellip;\n","protected":false},"author":2,"featured_media":293068,"comment_status":"","ping_status":"","sticky":false,"template":"","format":"standard","meta":{"footnotes":"","_share_on_mastodon":"0"},"categories":[12],"tags":[20,21,24,25,15,9767,479,2543,1401,22,23,19985,24259,13,30,28,29,14,16,26,27,42,43,44,45],"class_list":["post-293067","post","type-post","status-publish","format-standard","has-post-thumbnail","category-verden","tag-breaking-news","tag-breakingnews","tag-featured-news","tag-featurednews","tag-headlines","tag-hyllest","tag-kjendis","tag-kjendisdesken","tag-kreft","tag-latest-news","tag-latestnews","tag-married-at-first-sight","tag-mel-schilling","tag-news","tag-no","tag-norge","tag-norway","tag-nyheter","tag-overskrifter","tag-top-stories","tag-topstories","tag-verden","tag-world","tag-world-news","tag-worldnews"],"share_on_mastodon":{"url":"https:\/\/pubeurope.com\/@no\/116914233981660688","error":""},"_links":{"self":[{"href":"https:\/\/www.europesays.com\/no\/wp-json\/wp\/v2\/posts\/293067","targetHints":{"allow":["GET"]}}],"collection":[{"href":"https:\/\/www.europesays.com\/no\/wp-json\/wp\/v2\/posts"}],"about":[{"href":"https:\/\/www.europesays.com\/no\/wp-json\/wp\/v2\/types\/post"}],"author":[{"embeddable":true,"href":"https:\/\/www.europesays.com\/no\/wp-json\/wp\/v2\/users\/2"}],"replies":[{"embeddable":true,"href":"https:\/\/www.europesays.com\/no\/wp-json\/wp\/v2\/comments?post=293067"}],"version-history":[{"count":0,"href":"https:\/\/www.europesays.com\/no\/wp-json\/wp\/v2\/posts\/293067\/revisions"}],"wp:featuredmedia":[{"embeddable":true,"href":"https:\/\/www.europesays.com\/no\/wp-json\/wp\/v2\/media\/293068"}],"wp:attachment":[{"href":"https:\/\/www.europesays.com\/no\/wp-json\/wp\/v2\/media?parent=293067"}],"wp:term":[{"taxonomy":"category","embeddable":true,"href":"https:\/\/www.europesays.com\/no\/wp-json\/wp\/v2\/categories?post=293067"},{"taxonomy":"post_tag","embeddable":true,"href":"https:\/\/www.europesays.com\/no\/wp-json\/wp\/v2\/tags?post=293067"}],"curies":[{"name":"wp","href":"https:\/\/api.w.org\/{rel}","templated":true}]}}