{"id":293363,"date":"2026-07-14T08:27:14","date_gmt":"2026-07-14T08:27:14","guid":{"rendered":"https:\/\/www.europesays.com\/no\/293363\/"},"modified":"2026-07-14T08:27:14","modified_gmt":"2026-07-14T08:27:14","slug":"kommentar-det-er-ikke-mer-a-lure-pa-solballen-er-en-av-de-storste","status":"publish","type":"post","link":"https:\/\/www.europesays.com\/no\/293363\/","title":{"rendered":"Kommentar: Det er ikke mer \u00e5 lure p\u00e5. Solballen er en av de st\u00f8rste."},"content":{"rendered":"\n<p class=\"_paragraph_145nj_4 _paragraph_6fko5_10 layout-component text-serif-m layout-normal text-serif-m layout-padded\">For et bilde.<\/p>\n<p class=\"_paragraph_145nj_4 _paragraph_6fko5_10 layout-component text-serif-m layout-normal text-serif-m layout-padded\">En r\u00f8rt konge som hilser p\u00e5 og takker <a href=\"https:\/\/www.vg.no\/tag\/staale-solbakken?utm_source=vg-article&amp;utm_medium=auto-tagger&amp;utm_campaign=Bxwe9v\" class=\"_link_145nj_39\" rel=\"nofollow noopener\" target=\"_blank\">St\u00e5le Solbakken<\/a>, mens hundre tusen nordmenn st\u00e5r utenfor.<\/p>\n<p class=\"_paragraph_145nj_4 _paragraph_6fko5_10 layout-component text-serif-m layout-normal text-serif-m layout-padded\">Det har ikke v\u00e6rt s\u00e5 enkelt for kongehuset \u00e5 v\u00e6re samlende de siste m\u00e5nedene. <\/p>\n<p class=\"_paragraph_145nj_4 _paragraph_6fko5_10 layout-component text-serif-m layout-normal text-serif-m layout-padded\">Fotballen fikk det til. Solbakken og hans gjeng fikk det til, og Norge fikk et vakrere samfunn i noen uker.<\/p>\n<p class=\"_paragraph_145nj_4 _paragraph_6fko5_10 layout-component text-serif-m layout-normal text-serif-m layout-padded\">Landslagssjefen har vist f\u00f8lelser som aldri f\u00f8r og klarte ikke \u00e5 holde t\u00e5rene helt borte da VM-eventyret var over i Miami. 58 \u00e5r gammel har St\u00e5le Solbakken kr\u00f8pet inn i den norske folkesjelen.<\/p>\n<p class=\"_paragraph_145nj_4 _paragraph_6fko5_10 layout-component text-serif-m layout-normal text-serif-m layout-padded\">Men fortsatt g\u00e5r han litt under radaren n\u00e5r de st\u00f8rste trenerne landet har hatt, skal trekkes frem.<\/p>\n<p class=\"_paragraph_145nj_4 _paragraph_6fko5_10 layout-component text-serif-m layout-normal text-serif-m layout-padded\">Det m\u00e5 det bli en endring p\u00e5.<\/p>\n<p class=\"_paragraph_145nj_4 _paragraph_6fko5_10 layout-component text-serif-m layout-normal text-serif-m layout-padded\"><strong class=\"_strong_145nj_25\">Drillo<\/strong> og <strong class=\"_strong_145nj_25\">Eggen <\/strong>har v\u00e6rt de to dominerende skikkelsene. <\/p>\n<p class=\"_paragraph_145nj_4 _paragraph_6fko5_10 layout-component text-serif-m layout-normal text-serif-m layout-padded\">Drillo delte den norske fotballhistorien i to. F\u00f8r ham var det ingenting, s\u00e5 ble det alt i noen \u00e5r.<\/p>\n<p class=\"_paragraph_145nj_4 _paragraph_6fko5_10 layout-component text-serif-m layout-normal text-serif-m layout-padded\">Nils Arne Eggen nektet \u00e5 gi seg f\u00f8r Rosenborg var s\u00e5 gode at de slo noen av de st\u00f8rste klubbene i Europa \u00e5r etter \u00e5r.<\/p>\n<p><img alt=\"Drillo og Eggen i 2012.  Foto: Bj\u00f8rn S. Delebekk \/ VG\" class=\"_image_jw3bv_65 layout-component layout-normal\" data-fullscreen- data-track-element-type=\"Article image fullscreen\" data-track-name=\"ImageFullscreen\" decoding=\"async\" loading=\"lazy\" height=\"1204\" itemprop=\"image\"  src=\"https:\/\/www.europesays.com\/no\/wp-content\/uploads\/2026\/07\/40d4fab0-777c-361d-9b89-98ec97c4b82b.jpeg\"  style=\"object-position:0% 0%\" width=\"2083\"\/>Drillo og Eggen i 2012.  Foto: Bj\u00f8rn S. Delebekk \/ VG<\/p>\n<p class=\"_paragraph_145nj_4 _paragraph_6fko5_10 layout-component text-serif-m layout-normal text-serif-m layout-padded\"><strong class=\"_strong_145nj_25\">\u00c5ge Hareide <\/strong>satte st\u00f8rst avtrykk utenfor Norge,<strong class=\"_strong_145nj_25\"> <\/strong>toppet med at han tok Danmark til 8-delsfinale i VM i 2018, og <strong class=\"_strong_145nj_25\">Ole Gunnar Solskj\u00e6r<\/strong> har hatt en av verdens st\u00f8rste trenerjobber i noen \u00e5r.<\/p>\n<p class=\"_paragraph_145nj_4 _paragraph_6fko5_10 layout-component text-serif-m layout-normal text-serif-m layout-padded\">Men vi m\u00e5 heller ikke glemme at det skrives historie foran \u00f8ynene v\u00e5re. Det som har skjedd i 2026 har vi aldri sett maken til.<\/p>\n<p class=\"_paragraph_145nj_4 _paragraph_6fko5_10 layout-component text-serif-m layout-normal text-serif-m layout-padded\">I Champions League har Bod\u00f8\/Glimt sl\u00e5tt Manchester City, Atl\u00e9tico Madrid, Inter to ganger og kommet meget n\u00e6r en kvartfinale. <strong class=\"_strong_145nj_25\">Kjetil Knutsen <\/strong>er<strong class=\"_strong_145nj_25\"> <\/strong>ogs\u00e5 en av trenerkolossene etter det han har skapt i nord.<\/p>\n<p class=\"_paragraph_145nj_4 _paragraph_6fko5_10 layout-component text-serif-m layout-normal text-serif-m layout-padded\">Og etter VM-festen er det ikke tvil. St\u00e5le Solbakken har bevist nok. Han er blant tidenes aller st\u00f8rste norske trenere.<\/p>\n<p class=\"_paragraph_145nj_4 _paragraph_6fko5_10 layout-component text-serif-m layout-normal text-serif-m layout-padded\">Han kom til jobben som en trenerlegende i Danmark. Han skapte en skandinavisk storhet av FC K\u00f8benhavn: \u00c5tte seriegull, fire cuptitler og fire deltagelser i Champions League.<\/p>\n<p class=\"_paragraph_145nj_4 _paragraph_6fko5_10 layout-component text-serif-m layout-normal text-serif-m layout-padded\">Men Norge hadde ikke sett hva han var god for p\u00e5 n\u00e6rt hold. Forventningene var enorme, skuffelsene det samme etter to mislykkede kvaliker. <\/p>\n<p class=\"_paragraph_145nj_4 _paragraph_6fko5_10 layout-component text-serif-m layout-normal text-serif-m layout-padded\">Solbakken skj\u00f8nte tidlig at han m\u00e5tte gj\u00f8re landslaget mer ballbesittende, men resultatene uteble. Det gjorde ikke kritikken. Da han i et TV2-intervju for dr\u00f8yt to \u00e5r siden ble spurt om det ikke var tid for litt mer direkte fotball, freste han tilbake.<\/p>\n<p class=\"_paragraph_145nj_4 _paragraph_6fko5_10 layout-component text-serif-m layout-normal text-serif-m layout-padded\">\u00abSkal vi pr\u00f8ve \u00e5 ta enda et steg b\u00e5de offensivt og defensivt og st\u00e5 i det? Eller skal vi gj\u00f8re som det har blitt gjort f\u00f8r og g\u00e5 tilbake til skyttergravsfotball, og h\u00e5pe at Erling en eller annen gang kommer alene med keeper. Eller skal vi legge listen litt h\u00f8yere?\u00bb<\/p>\n<p class=\"_paragraph_145nj_4 _paragraph_6fko5_10 layout-component text-serif-m layout-normal text-serif-m layout-padded\">Solbakken sto i det, han la listen h\u00f8yere, og de siste 20 m\u00e5nedene har han egentlig ikke revet en eneste gang. <\/p>\n<p class=\"_paragraph_145nj_4 _paragraph_6fko5_10 layout-component text-serif-m layout-normal text-serif-m layout-padded\">Mange peker p\u00e5 at Norge aldri har hatt bedre spillere, men det hjelper ikke hvis man ikke bruker dem riktig.<\/p>\n<p class=\"_paragraph_145nj_4 _paragraph_6fko5_10 layout-component text-serif-m layout-normal text-serif-m layout-padded\">Det er en egen kunst \u00e5 h\u00e5ndtere store navn, og n\u00e5r en av verdens st\u00f8rste stjerner scorer 27 m\u00e5l p\u00e5 15 tellende kamper, f\u00e5r man vel si at treneren har lykkes.<\/p>\n<p class=\"_paragraph_145nj_4 _paragraph_6fko5_10 layout-component text-serif-m layout-normal text-serif-m layout-padded\">Han gjorde Martin \u00d8degaard til kaptein f\u00f8r noen andre tenkte tanken p\u00e5 at det var en mulighet, han har skapt et r\u00e5sterkt stopperpar i en tidligere problemposisjon, og han gj\u00f8r flere enkeltspillere bedre enn de er for klubblaget.<\/p>\n<p class=\"_paragraph_145nj_4 _paragraph_6fko5_10 layout-component text-serif-m layout-normal text-serif-m layout-padded\">St\u00e5le Solbakken har endret m\u00e5ten Norge spiller fotball p\u00e5, og de siste ukene har laget hans endret hele landet.<\/p>\n<p class=\"_paragraph_145nj_4 _paragraph_6fko5_10 layout-component text-serif-m layout-normal text-serif-m layout-padded\">Det er ikke bare Kongen som er blitt r\u00f8rt av det.<\/p>\n<p>      Dette er en kommentar. Kommentaren gir uttrykk for skribentens holdning. <\/p>\n","protected":false},"excerpt":{"rendered":"For et bilde. En r\u00f8rt konge som hilser p\u00e5 og takker St\u00e5le Solbakken, mens hundre tusen nordmenn st\u00e5r&hellip;\n","protected":false},"author":2,"featured_media":293364,"comment_status":"","ping_status":"","sticky":false,"template":"","format":"standard","meta":{"footnotes":"","_share_on_mastodon":"0"},"categories":[59],"tags":[11648,8787,4472,3309,555,30,28,29,83,82,1387],"class_list":["post-293363","post","type-post","status-publish","format-standard","has-post-thumbnail","category-sport","tag-age-hareide","tag-egil-olsen","tag-fotball-vm","tag-kjetil-knutsen","tag-nils-arne-eggen","tag-no","tag-norge","tag-norway","tag-sport","tag-sports","tag-stale-solbakken"],"share_on_mastodon":{"url":"https:\/\/pubeurope.com\/@no\/116917387190510683","error":""},"_links":{"self":[{"href":"https:\/\/www.europesays.com\/no\/wp-json\/wp\/v2\/posts\/293363","targetHints":{"allow":["GET"]}}],"collection":[{"href":"https:\/\/www.europesays.com\/no\/wp-json\/wp\/v2\/posts"}],"about":[{"href":"https:\/\/www.europesays.com\/no\/wp-json\/wp\/v2\/types\/post"}],"author":[{"embeddable":true,"href":"https:\/\/www.europesays.com\/no\/wp-json\/wp\/v2\/users\/2"}],"replies":[{"embeddable":true,"href":"https:\/\/www.europesays.com\/no\/wp-json\/wp\/v2\/comments?post=293363"}],"version-history":[{"count":0,"href":"https:\/\/www.europesays.com\/no\/wp-json\/wp\/v2\/posts\/293363\/revisions"}],"wp:featuredmedia":[{"embeddable":true,"href":"https:\/\/www.europesays.com\/no\/wp-json\/wp\/v2\/media\/293364"}],"wp:attachment":[{"href":"https:\/\/www.europesays.com\/no\/wp-json\/wp\/v2\/media?parent=293363"}],"wp:term":[{"taxonomy":"category","embeddable":true,"href":"https:\/\/www.europesays.com\/no\/wp-json\/wp\/v2\/categories?post=293363"},{"taxonomy":"post_tag","embeddable":true,"href":"https:\/\/www.europesays.com\/no\/wp-json\/wp\/v2\/tags?post=293363"}],"curies":[{"name":"wp","href":"https:\/\/api.w.org\/{rel}","templated":true}]}}