{"id":293383,"date":"2026-07-14T09:02:16","date_gmt":"2026-07-14T09:02:16","guid":{"rendered":"https:\/\/www.europesays.com\/no\/293383\/"},"modified":"2026-07-14T09:02:16","modified_gmt":"2026-07-14T09:02:16","slug":"hamar-stange-motte-kong-harald-i-slippers","status":"publish","type":"post","link":"https:\/\/www.europesays.com\/no\/293383\/","title":{"rendered":"Hamar, Stange | M\u00f8tte Kong Harald i slippers"},"content":{"rendered":"\n<p>Landslaget m\u00e5tte pent ro uten Erling Braut Haaland, men ble l\u00f8ftet av titusener av fans p\u00e5 Slottsplassen etter hjemkomsten fra USA mandag kveld.<\/p>\n<p>S\u00e5 banet to turistbusser seg vei nedover Karl Johan med VM-heltene p\u00e5 \u00f8verste dekk.<\/p>\n<p>F\u00f8r den tid hilste samtlige spillere og st\u00f8tteapparat p\u00e5 prins Sverre Magnus, prinsesse Ingrid Alexandra og kong Harald inne p\u00e5 slottet.<\/p>\n<p>De fleste hadde p\u00e5 seg helt vanlige sko, men to personer skilte seg alts\u00e5 noe ut fra de andre \u2013 uten at noen av de kongelige s\u00e5 ut til \u00e5 bry seg spesielt mye om akkurat det.<\/p>\n<p>Sigurd Erts\u00e5s har enn s\u00e5 lenge ikke besvart HAs henvendelser mandag kveld.<\/p>\n<p>For ordens skyld: St\u00e5le Solbakken kj\u00f8rte \u00absafe\u00bb med vanlige joggesko:<\/p>\n<p>   <img decoding=\"async\" width=\"7553\" height=\"5058\" fetchpriority=\"low\"  loading=\"lazy\"  src=\"https:\/\/www.europesays.com\/no\/wp-content\/uploads\/2026\/07\/NTB_5Ru3eVUaq74.jpg\" alt=\"Oslo 20260713. &#10;Herrelandslaget i fotball blir tatt imot av kongefamilien p\u00e5 slottet.&#10;Foto: Amanda Pedersen Giske \/ NTB \/ POOL\" class=\"brick-c-cFOWSL\" style=\"--brick-image-ratio: 7553 \/ 5058;\"\/><\/p>\n<p>      Foto: Amanda Pedersen Giske\n    <\/p>\n<p>  <a href=\"https:\/\/www.h-a.no\/5-139-2001633\" class=\"related-teaser has-image article--c-MkAkR\" rel=\"nofollow noopener\" target=\"_blank\"><\/p>\n<p>    <img decoding=\"async\" width=\"155\"  loading=\"lazy\"  src=\"https:\/\/www.europesays.com\/no\/wp-content\/uploads\/2026\/07\/Ullevaal+Erts%C3%A5s+Hulleberg+02.jpg\" alt=\"\" class=\"brick-c-cFOWSL\" style=\"\"\/><\/p>\n<p>\n            Les ogs\u00e5<\/p>\n<p>            Frakter sju tonn med utstyr til USA\n        <\/p>\n<p>  <\/a><\/p>\n<p>  <a href=\"https:\/\/www.h-a.no\/5-139-2024813\" class=\"related-teaser has-image article--c-MkAkR\" rel=\"nofollow noopener\" target=\"_blank\"><\/p>\n<p>    <img decoding=\"async\" width=\"155\"  loading=\"lazy\"  src=\"https:\/\/www.europesays.com\/no\/wp-content\/uploads\/2026\/07\/stanley5.jpg\" alt=\"\" class=\"brick-c-cFOWSL\" style=\"\"\/><\/p>\n<p>\n            Les ogs\u00e5<\/p>\n<p>            Sjekk ut Erts\u00e5s sine private bilder: \u2013 Vi jobber for \u00e5 f\u00e5 Haaland til \u00e5 bli Storhamar-supporter\n        <\/p>\n<p>  <\/a><\/p>\n","protected":false},"excerpt":{"rendered":"Landslaget m\u00e5tte pent ro uten Erling Braut Haaland, men ble l\u00f8ftet av titusener av fans p\u00e5 Slottsplassen etter&hellip;\n","protected":false},"author":2,"featured_media":293384,"comment_status":"","ping_status":"","sticky":false,"template":"","format":"standard","meta":{"footnotes":"","_share_on_mastodon":"0"},"categories":[10],"tags":[36,20,21,24,25,8634,1552,15,22,23,13,30,28,29,14,16,1551,1510,26,27],"class_list":["post-293383","post","type-post","status-publish","format-standard","has-post-thumbnail","category-norge","tag-art","tag-breaking-news","tag-breakingnews","tag-featured-news","tag-featurednews","tag-fotball-vm-2026","tag-hamar","tag-headlines","tag-latest-news","tag-latestnews","tag-news","tag-no","tag-norge","tag-norway","tag-nyheter","tag-overskrifter","tag-stange","tag-story","tag-top-stories","tag-topstories"],"share_on_mastodon":{"url":"https:\/\/pubeurope.com\/@no\/116917525153058006","error":""},"_links":{"self":[{"href":"https:\/\/www.europesays.com\/no\/wp-json\/wp\/v2\/posts\/293383","targetHints":{"allow":["GET"]}}],"collection":[{"href":"https:\/\/www.europesays.com\/no\/wp-json\/wp\/v2\/posts"}],"about":[{"href":"https:\/\/www.europesays.com\/no\/wp-json\/wp\/v2\/types\/post"}],"author":[{"embeddable":true,"href":"https:\/\/www.europesays.com\/no\/wp-json\/wp\/v2\/users\/2"}],"replies":[{"embeddable":true,"href":"https:\/\/www.europesays.com\/no\/wp-json\/wp\/v2\/comments?post=293383"}],"version-history":[{"count":0,"href":"https:\/\/www.europesays.com\/no\/wp-json\/wp\/v2\/posts\/293383\/revisions"}],"wp:featuredmedia":[{"embeddable":true,"href":"https:\/\/www.europesays.com\/no\/wp-json\/wp\/v2\/media\/293384"}],"wp:attachment":[{"href":"https:\/\/www.europesays.com\/no\/wp-json\/wp\/v2\/media?parent=293383"}],"wp:term":[{"taxonomy":"category","embeddable":true,"href":"https:\/\/www.europesays.com\/no\/wp-json\/wp\/v2\/categories?post=293383"},{"taxonomy":"post_tag","embeddable":true,"href":"https:\/\/www.europesays.com\/no\/wp-json\/wp\/v2\/tags?post=293383"}],"curies":[{"name":"wp","href":"https:\/\/api.w.org\/{rel}","templated":true}]}}