{"id":29369,"date":"2025-09-07T15:51:08","date_gmt":"2025-09-07T15:51:08","guid":{"rendered":"https:\/\/www.europesays.com\/no\/29369\/"},"modified":"2025-09-07T15:51:08","modified_gmt":"2025-09-07T15:51:08","slug":"fredrik-bjorkan-skadet-pa-landslagstrening","status":"publish","type":"post","link":"https:\/\/www.europesays.com\/no\/29369\/","title":{"rendered":"Fredrik Bj\u00f8rkan skadet p\u00e5 landslagstrening"},"content":{"rendered":"\n<p class=\"_lead_ew2ao_2 _lead_xtcu6_50 layout-component text-serif-m layout-normal text-serif-l layout-component layout-wide layout-padded _wide_17hqh_1 layout-padded\">Det vil ikke bli kalt inn en erstatter for Bod\u00f8\/Glimt-backen.<\/p>\n<p><img alt=\"SKADET: Bj\u00f8rkan kommer ikke til \u00e5 spille mot Moldova. Foto: Terje Pedersen \/ NTB\" class=\"_image_qp4xg_65 layout-component layout-wide\" data-fullscreen- data-track-element-type=\"Article image fullscreen\" data-track-name=\"ImageFullscreen\" fetchpriority=\"high\" decoding=\"sync\" loading=\"eager\" height=\"3817\" itemprop=\"image\"  src=\"https:\/\/www.europesays.com\/no\/wp-content\/uploads\/2025\/09\/7efcc868-9762-424e-b2bb-457f6dfbc11a\"  style=\"object-position:0% 0%\" width=\"5725\"\/>SKADET: Bj\u00f8rkan kommer ikke til \u00e5 spille mot Moldova. Foto: Terje Pedersen \/ NTB<\/p>\n<ul aria-hidden=\"true\" class=\"_images_1y6fe_106\">\n<li><a class=\"_link_1y6fe_111\" href=\"https:\/\/www.vg.no\/forfatter\/eirik-soerenmo-paasche\" style=\"z-index:1\" title=\"Eirik S\u00f8renmo P\u00e5sche\" rel=\"nofollow noopener\" target=\"_blank\"><img alt=\"Bilde av Eirik S\u00f8renmo P\u00e5sche\" class=\"_image_1y6fe_88\" fetchpriority=\"low\" loading=\"lazy\" decoding=\"async\" itemprop=\"image\"  src=\"https:\/\/www.europesays.com\/no\/wp-content\/uploads\/2025\/09\/1757260268_37_cfda420f-d23e-4c6c-b420-faa95e9679ed\"  width=\"480\"\/><\/a><\/li>\n<\/ul>\n<p> Oppdatert s\u00f8ndag 7. september kl. 17:06     <\/p>\n<p class=\"_paragraph_ew2ao_4 _paragraph_xtcu6_10 layout-component text-serif-m layout-normal text-serif-m layout-padded\">Det skriver Fotballandslaget p\u00e5 <a href=\"https:\/\/x.com\/nff_landslag\/status\/1964704596691198038\" class=\"_link_ew2ao_39\" rel=\"nofollow\">X<\/a>.<\/p>\n<p class=\"_paragraph_ew2ao_4 _paragraph_xtcu6_10 layout-component text-serif-m layout-normal text-serif-m layout-padded\">\u00abFredrik Bj\u00f8rkan p\u00e5dro seg en liten skade p\u00e5 dagens trening, som gj\u00f8r ham uaktuell til tirsdagens kamp mot Moldova\u00bb, skriver de.<\/p>\n<p class=\"_paragraph_ew2ao_4 _paragraph_xtcu6_10 layout-component text-serif-m layout-normal text-serif-m layout-padded\">Det blir ikke hentet inn en erstatter.<\/p>\n<p class=\"_root_1xq52_1\" lang=\"no\" dir=\"auto\">Fredrik Bj\u00f8rkan p\u00e5dro seg en liten skade p\u00e5 dagens trening, som gj\u00f8r ham uaktuell til tirsdagens kamp mot Moldova. Han reiser derfor hjem. Det blir ikke kalt inn en erstatter for Bj\u00f8rkan.<\/p>\n<p class=\"_paragraph_ew2ao_4 _paragraph_xtcu6_10 layout-component text-serif-m layout-normal text-serif-m layout-padded\">Bj\u00f8rkan kom inn i det 79. minutt mot Finland p\u00e5 torsdag da han erstattet David M\u00f8ller Wolfe p\u00e5 venstrebacken.<\/p>\n<p class=\"_paragraph_ew2ao_4 _paragraph_xtcu6_10 layout-component text-serif-m layout-normal text-serif-m layout-padded\">Norge vant den kampen 1\u20130 etter en straffescoring av Erling Braut Haaland.<\/p>\n<p class=\"_paragraph_ew2ao_4 _paragraph_xtcu6_10 layout-component text-serif-m layout-normal text-serif-m layout-padded\">Kampen mot Moldova er Norges femte i VM-gruppespillet. Da lagene m\u00f8ttes i Chisinau i mars vant St\u00e5le Solbakkens menn hele 5\u20130.<\/p>\n<p class=\"_paragraph_ew2ao_4 _paragraph_xtcu6_10 layout-component text-serif-m layout-normal text-serif-m layout-padded\">Norge leder gruppen tre poeng foran Israel etter fire av fire seiere, mens Moldova er sist etter fire av fire tap.<\/p>\n","protected":false},"excerpt":{"rendered":"Det vil ikke bli kalt inn en erstatter for Bod\u00f8\/Glimt-backen. SKADET: Bj\u00f8rkan kommer ikke til \u00e5 spille mot&hellip;\n","protected":false},"author":2,"featured_media":29370,"comment_status":"","ping_status":"","sticky":false,"template":"","format":"standard","meta":{"footnotes":""},"categories":[59],"tags":[92,4752,3163,30,28,29,83,82],"class_list":{"0":"post-29369","1":"post","2":"type-post","3":"status-publish","4":"format-standard","5":"has-post-thumbnail","7":"category-sport","8":"tag-fotball","9":"tag-fredrik-andre-bjorkan","10":"tag-herrelandslaget-fotball","11":"tag-no","12":"tag-norge","13":"tag-norway","14":"tag-sport","15":"tag-sports"},"share_on_mastodon":{"url":"","error":""},"_links":{"self":[{"href":"https:\/\/www.europesays.com\/no\/wp-json\/wp\/v2\/posts\/29369","targetHints":{"allow":["GET"]}}],"collection":[{"href":"https:\/\/www.europesays.com\/no\/wp-json\/wp\/v2\/posts"}],"about":[{"href":"https:\/\/www.europesays.com\/no\/wp-json\/wp\/v2\/types\/post"}],"author":[{"embeddable":true,"href":"https:\/\/www.europesays.com\/no\/wp-json\/wp\/v2\/users\/2"}],"replies":[{"embeddable":true,"href":"https:\/\/www.europesays.com\/no\/wp-json\/wp\/v2\/comments?post=29369"}],"version-history":[{"count":0,"href":"https:\/\/www.europesays.com\/no\/wp-json\/wp\/v2\/posts\/29369\/revisions"}],"wp:featuredmedia":[{"embeddable":true,"href":"https:\/\/www.europesays.com\/no\/wp-json\/wp\/v2\/media\/29370"}],"wp:attachment":[{"href":"https:\/\/www.europesays.com\/no\/wp-json\/wp\/v2\/media?parent=29369"}],"wp:term":[{"taxonomy":"category","embeddable":true,"href":"https:\/\/www.europesays.com\/no\/wp-json\/wp\/v2\/categories?post=29369"},{"taxonomy":"post_tag","embeddable":true,"href":"https:\/\/www.europesays.com\/no\/wp-json\/wp\/v2\/tags?post=29369"}],"curies":[{"name":"wp","href":"https:\/\/api.w.org\/{rel}","templated":true}]}}