{"id":29371,"date":"2025-09-07T15:56:07","date_gmt":"2025-09-07T15:56:07","guid":{"rendered":"https:\/\/www.europesays.com\/no\/29371\/"},"modified":"2025-09-07T15:56:07","modified_gmt":"2025-09-07T15:56:07","slug":"valg-2025-stortingsvalg-problemer-ved-flere-valglokaler-i-tromso","status":"publish","type":"post","link":"https:\/\/www.europesays.com\/no\/29371\/","title":{"rendered":"Valg 2025, Stortingsvalg | Problemer ved flere valglokaler i Troms\u00f8"},"content":{"rendered":"\n<p>Det har oppst\u00e5tt dataproblemer ved flere valglokaler i Troms\u00f8.<\/p>\n<p>Det f\u00e5r Nordlys opplyst av en rekke tipsere fra ulike valglokaler i 16.30-tiden s\u00f8ndag. <\/p>\n<p>Valglokalene \u00e5pnet 16.00 og stenger 20.00 s\u00f8ndag. <\/p>\n<p>If\u00f8lge \u00e9n Nordlys-leser er Reinen skole og Bjerkaker skole rammet av dataproblemer. Det samme rapporteres fra Kaldfjord skole og Langnes skole. Ogs\u00e5 i Tromsdalen og p\u00e5 R\u00e5dhuset er det problemer, melder en tipser.<\/p>\n<p>Ut fra det Nordlys forst\u00e5r av situasjonen, g\u00e5r det an \u00e5 stemme til tross for datautfordringene. Hver stemme m\u00e5 imidlertid registreres med penn og papir, noe som tar betydelig lengre tid enn \u00e5 gj\u00f8re det p\u00e5 en datamaskin.<\/p>\n<p>Mari Enoksen Hult, direkt\u00f8r for stab i Troms\u00f8 kommune, bekrefter situasjonen. <\/p>\n<p>\u2013 Det har v\u00e6rt en lokal utfordring her i Troms\u00f8 med \u00e5 f\u00e5 logget p\u00e5 Valgdirektoratets saksbehandlingssystem, som heter EVA, sier hun.<\/p>\n<p>Det er derfor satt i verk reservel\u00f8sninger ved valglokalene i kommunen. <\/p>\n<p>\u2013 Vi har gode planer for slike situasjoner, og tiltak er n\u00e5 satt i verk. Folk vil kunne avlegge stemmen som normalt, men det vil kunne ta noe lengre tid enn normalt. Man b\u00f8r derfor ta h\u00f8yde for at det kan bli litt mer ventetid, sier Hult til Nordlys.<\/p>\n<p>Les mer om: artikkelemnene<\/p>\n","protected":false},"excerpt":{"rendered":"Det har oppst\u00e5tt dataproblemer ved flere valglokaler i Troms\u00f8. Det f\u00e5r Nordlys opplyst av en rekke tipsere fra&hellip;\n","protected":false},"author":2,"featured_media":29372,"comment_status":"","ping_status":"","sticky":false,"template":"","format":"standard","meta":{"footnotes":""},"categories":[10],"tags":[36,20,21,24,25,15,22,23,13,30,28,29,14,16,199,1510,26,27,518,845],"class_list":{"0":"post-29371","1":"post","2":"type-post","3":"status-publish","4":"format-standard","5":"has-post-thumbnail","7":"category-norge","8":"tag-art","9":"tag-breaking-news","10":"tag-breakingnews","11":"tag-featured-news","12":"tag-featurednews","13":"tag-headlines","14":"tag-latest-news","15":"tag-latestnews","16":"tag-news","17":"tag-no","18":"tag-norge","19":"tag-norway","20":"tag-nyheter","21":"tag-overskrifter","22":"tag-stortingsvalg","23":"tag-story","24":"tag-top-stories","25":"tag-topstories","26":"tag-valg","27":"tag-valg-2025"},"share_on_mastodon":{"url":"","error":""},"_links":{"self":[{"href":"https:\/\/www.europesays.com\/no\/wp-json\/wp\/v2\/posts\/29371","targetHints":{"allow":["GET"]}}],"collection":[{"href":"https:\/\/www.europesays.com\/no\/wp-json\/wp\/v2\/posts"}],"about":[{"href":"https:\/\/www.europesays.com\/no\/wp-json\/wp\/v2\/types\/post"}],"author":[{"embeddable":true,"href":"https:\/\/www.europesays.com\/no\/wp-json\/wp\/v2\/users\/2"}],"replies":[{"embeddable":true,"href":"https:\/\/www.europesays.com\/no\/wp-json\/wp\/v2\/comments?post=29371"}],"version-history":[{"count":0,"href":"https:\/\/www.europesays.com\/no\/wp-json\/wp\/v2\/posts\/29371\/revisions"}],"wp:featuredmedia":[{"embeddable":true,"href":"https:\/\/www.europesays.com\/no\/wp-json\/wp\/v2\/media\/29372"}],"wp:attachment":[{"href":"https:\/\/www.europesays.com\/no\/wp-json\/wp\/v2\/media?parent=29371"}],"wp:term":[{"taxonomy":"category","embeddable":true,"href":"https:\/\/www.europesays.com\/no\/wp-json\/wp\/v2\/categories?post=29371"},{"taxonomy":"post_tag","embeddable":true,"href":"https:\/\/www.europesays.com\/no\/wp-json\/wp\/v2\/tags?post=29371"}],"curies":[{"name":"wp","href":"https:\/\/api.w.org\/{rel}","templated":true}]}}