{"id":293787,"date":"2026-07-14T19:13:23","date_gmt":"2026-07-14T19:13:23","guid":{"rendered":"https:\/\/www.europesays.com\/no\/293787\/"},"modified":"2026-07-14T19:13:23","modified_gmt":"2026-07-14T19:13:23","slug":"fairsquare-klager-inn-fifa-president-gianni-infantino-til-ioc","status":"publish","type":"post","link":"https:\/\/www.europesays.com\/no\/293787\/","title":{"rendered":"FairSquare klager inn Fifa-president Gianni Infantino til IOC"},"content":{"rendered":"<p><strong>Den internasjonale organisasjonen FairSquare har levert en formell klage mot Fifa-president Gianni Infantino til Den internasjonale olympiske komit\u00e9 (IOC). Organisasjonen mener Infantino gjentatte ganger har brutt IOCs regler om politisk n\u00f8ytralitet gjennom st\u00f8tte til USAs president Donald Trump.<\/strong><\/p>\n<p>FairSquare viser til at Infantino har v\u00e6rt medlem av IOC siden januar 2020, og dermed er forpliktet til \u00e5 f\u00f8lge b\u00e5de det olympiske charteret og IOCs etiske regelverk. If\u00f8lge organisasjonen har han avlagt ed om \u00e5 respektere disse reglene, og IOC har adgang til \u00e5 ekskludere medlemmer som bryter dem.<\/p>\n<p><strong>Klages inn p\u00e5 to hovedpunkter <\/strong><\/p>\n<p>I klagen hevder FairSquare at det finnes klare bevis for fem brudd p\u00e5 reglene om politisk n\u00f8ytralitet, blant annet gjennom offentlige uttalelser og handlinger som organisasjonen mener uttrykker st\u00f8tte til Trump. Videre ber FairSquare IOC unders\u00f8ke ytterligere to forhold. <\/p>\n<p>Det ene gjelder p\u00e5stander om at Infantino kan ha gitt etter for politisk press fra Trump i forbindelse med den s\u00e5kalte \u00ab<a href=\"https:\/\/inyheter.no\/05\/07\/2026\/trump-takker-fifa-etter-vm-helomvending-rettet-opp-en-stor-urett\/\" rel=\"nofollow noopener\" target=\"_blank\">Balogun-saken<\/a>\u00bb, der Fifa skal ha omg\u00e5tt egne disiplin\u00e6rregler. Det andre gjelder markedsf\u00f8ringen av en offisiell VM-nettside for supportere, som FairSquare mener kan ha v\u00e6rt del av en datainnsamlingskampanje knyttet til akt\u00f8rer med forbindelser til Trump.<\/p>\n<p><strong>Ikke f\u00f8rste gang<\/strong><\/p>\n<p>Dette er ikke f\u00f8rste gang organisasjonen retter kritikk mot Fifa-presidenten. I desember 2025 leverte FairSquare ogs\u00e5 en klage til Fifa-komiteen for etikk, med p\u00e5stand om at Infantino hadde brutt Fifa-reglene om politisk n\u00f8ytralitet. Organisasjonen opplyser at den mottok en bekreftelse p\u00e5 at klagen var mottatt, men at den siden ikke har f\u00e5tt ytterligere informasjon om behandlingen.<\/p>\n<p>\u2013 Fifa m\u00e5 behandle FairSquares etikk-klage og vise at organisasjonen etterlever de grunnleggende verdiene om rettferdighet, likhet og respekt for menneskeverdet, skrev 50 medlemmer av Europaparlamentet i et brev til Fifa 29. juni, if\u00f8lge FairSquare.<\/p>\n<p>Ogs\u00e5 Norges Fotballforbund har bedt Fifa om \u00e5 behandle klagen. I et brev sendt 1. juni oppfordret forbundet etikkkomiteen til \u00e5 behandle saken \u00abi samsvar med gjeldende regelverk, etablerte prosedyrer og grunnleggende prinsipper for god styring\u00bb, opplyser FairSquare.<\/p>\n","protected":false},"excerpt":{"rendered":"Den internasjonale organisasjonen FairSquare har levert en formell klage mot Fifa-president Gianni Infantino til Den internasjonale olympiske komit\u00e9&hellip;\n","protected":false},"author":2,"featured_media":293788,"comment_status":"","ping_status":"","sticky":false,"template":"","format":"standard","meta":{"footnotes":"","_share_on_mastodon":"0"},"categories":[59],"tags":[55,24297,2326,30,28,29,83,82],"class_list":["post-293787","post","type-post","status-publish","format-standard","has-post-thumbnail","category-sport","tag-donald-trump","tag-fairsquare","tag-fifa","tag-no","tag-norge","tag-norway","tag-sport","tag-sports"],"share_on_mastodon":{"url":"https:\/\/pubeurope.com\/@no\/116919927200119655","error":""},"_links":{"self":[{"href":"https:\/\/www.europesays.com\/no\/wp-json\/wp\/v2\/posts\/293787","targetHints":{"allow":["GET"]}}],"collection":[{"href":"https:\/\/www.europesays.com\/no\/wp-json\/wp\/v2\/posts"}],"about":[{"href":"https:\/\/www.europesays.com\/no\/wp-json\/wp\/v2\/types\/post"}],"author":[{"embeddable":true,"href":"https:\/\/www.europesays.com\/no\/wp-json\/wp\/v2\/users\/2"}],"replies":[{"embeddable":true,"href":"https:\/\/www.europesays.com\/no\/wp-json\/wp\/v2\/comments?post=293787"}],"version-history":[{"count":0,"href":"https:\/\/www.europesays.com\/no\/wp-json\/wp\/v2\/posts\/293787\/revisions"}],"wp:featuredmedia":[{"embeddable":true,"href":"https:\/\/www.europesays.com\/no\/wp-json\/wp\/v2\/media\/293788"}],"wp:attachment":[{"href":"https:\/\/www.europesays.com\/no\/wp-json\/wp\/v2\/media?parent=293787"}],"wp:term":[{"taxonomy":"category","embeddable":true,"href":"https:\/\/www.europesays.com\/no\/wp-json\/wp\/v2\/categories?post=293787"},{"taxonomy":"post_tag","embeddable":true,"href":"https:\/\/www.europesays.com\/no\/wp-json\/wp\/v2\/tags?post=293787"}],"curies":[{"name":"wp","href":"https:\/\/api.w.org\/{rel}","templated":true}]}}