{"id":294329,"date":"2026-07-15T11:37:18","date_gmt":"2026-07-15T11:37:18","guid":{"rendered":"https:\/\/www.europesays.com\/no\/294329\/"},"modified":"2026-07-15T11:37:18","modified_gmt":"2026-07-15T11:37:18","slug":"roros-arbeidsliv-mann-sendt-til-st-olavs-hospital-med-luftambulanse-etter-ulykke","status":"publish","type":"post","link":"https:\/\/www.europesays.com\/no\/294329\/","title":{"rendered":"R\u00f8ros, Arbeidsliv | Mann sendt til St. Olavs hospital med luftambulanse etter ulykke"},"content":{"rendered":"\n<p>Like etter klokken ni onsdag morgen ble politiet i Tr\u00f8ndelag varslet om en arbeidsulykke p\u00e5 R\u00f8ros.<\/p>\n<p>B\u00e5de politi og helse rykket ut til arbeidsulykken og pasienten ble tilsett av helsepersonell p\u00e5 stedet.<\/p>\n<p>I en oppf\u00f8lgende melding informerer politiet at ulykken har skjedd i forbindelse slakting. <\/p>\n<p>&#8211; En okse har g\u00e5tt til angrep p\u00e5 en mann. Luftambulanse er sendt til stedet og pasienten er p\u00e5 vei til Trondheim for behandling av skader, informerer operasjonsleder ved politiet i Tr\u00f8ndelag, Kjetil Stene.<\/p>\n","protected":false},"excerpt":{"rendered":"Like etter klokken ni onsdag morgen ble politiet i Tr\u00f8ndelag varslet om en arbeidsulykke p\u00e5 R\u00f8ros. B\u00e5de politi&hellip;\n","protected":false},"author":2,"featured_media":279290,"comment_status":"","ping_status":"","sticky":false,"template":"","format":"standard","meta":{"footnotes":"","_share_on_mastodon":"0"},"categories":[10],"tags":[465,36,20,21,24,25,15,22,23,13,30,28,29,14,16,254,3847,1510,26,27],"class_list":["post-294329","post","type-post","status-publish","format-standard","has-post-thumbnail","category-norge","tag-arbeidsliv","tag-art","tag-breaking-news","tag-breakingnews","tag-featured-news","tag-featurednews","tag-headlines","tag-latest-news","tag-latestnews","tag-news","tag-no","tag-norge","tag-norway","tag-nyheter","tag-overskrifter","tag-politi","tag-roros","tag-story","tag-top-stories","tag-topstories"],"share_on_mastodon":{"url":"https:\/\/pubeurope.com\/@no\/116923796483799361","error":""},"_links":{"self":[{"href":"https:\/\/www.europesays.com\/no\/wp-json\/wp\/v2\/posts\/294329","targetHints":{"allow":["GET"]}}],"collection":[{"href":"https:\/\/www.europesays.com\/no\/wp-json\/wp\/v2\/posts"}],"about":[{"href":"https:\/\/www.europesays.com\/no\/wp-json\/wp\/v2\/types\/post"}],"author":[{"embeddable":true,"href":"https:\/\/www.europesays.com\/no\/wp-json\/wp\/v2\/users\/2"}],"replies":[{"embeddable":true,"href":"https:\/\/www.europesays.com\/no\/wp-json\/wp\/v2\/comments?post=294329"}],"version-history":[{"count":0,"href":"https:\/\/www.europesays.com\/no\/wp-json\/wp\/v2\/posts\/294329\/revisions"}],"wp:featuredmedia":[{"embeddable":true,"href":"https:\/\/www.europesays.com\/no\/wp-json\/wp\/v2\/media\/279290"}],"wp:attachment":[{"href":"https:\/\/www.europesays.com\/no\/wp-json\/wp\/v2\/media?parent=294329"}],"wp:term":[{"taxonomy":"category","embeddable":true,"href":"https:\/\/www.europesays.com\/no\/wp-json\/wp\/v2\/categories?post=294329"},{"taxonomy":"post_tag","embeddable":true,"href":"https:\/\/www.europesays.com\/no\/wp-json\/wp\/v2\/tags?post=294329"}],"curies":[{"name":"wp","href":"https:\/\/api.w.org\/{rel}","templated":true}]}}