{"id":29483,"date":"2025-09-07T20:27:54","date_gmt":"2025-09-07T20:27:54","guid":{"rendered":"https:\/\/www.europesays.com\/no\/29483\/"},"modified":"2025-09-07T20:27:54","modified_gmt":"2025-09-07T20:27:54","slug":"var-rigget-klart","status":"publish","type":"post","link":"https:\/\/www.europesays.com\/no\/29483\/","title":{"rendered":"&#8211; Var rigget klart"},"content":{"rendered":"<p class=\"kicker \" style=\"\">Kathrine S\u00f8rland og Andreas Holck:<\/p>\n<p>  Alt var klart for at Leon (16) skulle leve dr\u00f8mmelivet i to uker. S\u00e5 kom den kjipe telefonen.<\/p>\n<p>\n    TRIO: Leon Holck gledet seg til \u00e5 v\u00e6re hjemme alene mens foreldrene var borte p\u00e5 innspilling. Foto: Espen Solli \/ TV 2\n  <\/p>\n<p> Spoileradvarsel: Denne saken omtaler hendelser fra fredagens episode av \u00abForr\u00e6der\u00bb. <\/p>\n<p>Kathrine S\u00f8rland (45) og Andreas Holck (53) er det eneste paret i \u00e5rets \u00abForr\u00e6der\u00bb-sesong, men det tok ikke lang tid f\u00f8r f\u00f8rstnevnte m\u00e5tte klare seg selv.\u00a0<\/p>\n<p>Under \u00e5rets f\u00f8rste r\u00e5dsal var det Holck som fikk majoriteten av stemmene, og m\u00e5tte dermed reise hjem igjen.<\/p>\n<p>    <a itemprop=\"url\" href=\"https:\/\/www.seher.no\/kjendis\/derfor-uteble-han\/83556493\" rel=\"nofollow noopener\" target=\"_blank\"><\/p>\n<p>      <img loading=\"lazy\" decoding=\"async\" src=\"https:\/\/www.europesays.com\/no\/wp-content\/uploads\/2025\/09\/1757276873_125_83556498.webp\" width=\"980\" height=\"441\" title=\"Derfor uteble han\" alt=\"\" class=\"lazyload\" style=\"--aspect-ratio-image: 2.22; \"\/><\/p>\n<p>        Derfor uteble han<\/p>\n<p>    <\/a><\/p>\n<p>Hjemme alene\t<\/p>\n<p>S\u00f8rland forteller at det var ekkelt \u00e5 miste ektemannen s\u00e5 raskt.<\/p>\n<p>&#8211; Plutselig forsvant hele tryggheten og alt som var fint. S\u00e5 var det bare j\u00e6vler igjen, sier Kathrine lattermildt til Se og H\u00f8r.<\/p>\n<p>Den som trolig tok exiten tyngst, er s\u00f8nnen Leon (16). Han var nemlig klar for to uker hjemme alene.<\/p>\n<p>&#8211; Han hadde h\u00e5pet at vi skulle holde ut hele veien s\u00e5 han kunne bo alene i 14 dager. S\u00e5 ja, han ble litt skuffet, sier Andreas.<\/p>\n<p>        OVERRASKET: Da de fikk se de andre deltakerne i \u00abForr\u00e6der\u00bb, fikk ekteparet seg en stor overraskelse. Video: TV 2\/ Nora Skavhaug\/ Thea Hope\/ R\u00f8d L\u00f8per<\/p>\n<p>Kathrine sier seg enig med ektemannen:<\/p>\n<p>&#8211; Det var fryktelig morsomt. Han hadde gledet seg s\u00e5nn. Det var kj\u00f8pt inn pizza og cola.<\/p>\n<p>          <img loading=\"lazy\" decoding=\"async\" src=\"https:\/\/www.europesays.com\/no\/wp-content\/uploads\/2025\/09\/1757276873_994_83555198.webp\" width=\"686\" height=\"508\" title=\"SKUFFENDE: Leon hadde kj\u00f8pt inn pizza og brus, men plutselig var faren hjemme igjen. Foto: Espen Solli \/ TV 2\" alt=\"\" class=\"\" style=\"--aspect-ratio-image: 1.35; \"\/><\/p>\n<p>\n          SKUFFENDE: Leon hadde kj\u00f8pt inn pizza og brus, men plutselig var faren hjemme igjen. Foto: Espen Solli \/ TV 2\n      <\/p>\n<p>&#8211; Litt kjipt\t<\/p>\n<p>16-\u00e5ringen legger ikke skjul p\u00e5 at han gjerne skulle hatt noen flere dager for seg selv.\u00a0<\/p>\n<p>&#8211; Det ble ikke lenge, nei. Jeg hadde sett for meg kanskje 10-15 dager, s\u00e5 ble jeg ringt av pappa etter bare et par dager som fortalte at han var p\u00e5 vei hjem.<\/p>\n<p>    <a itemprop=\"url\" href=\"https:\/\/www.seher.no\/kjendis\/forste-gang-pa-20-ar\/83556287\" rel=\"nofollow noopener\" target=\"_blank\"><\/p>\n<p>      <img loading=\"lazy\" decoding=\"async\" src=\"https:\/\/www.europesays.com\/no\/wp-content\/uploads\/2025\/09\/1757276874_969_83556332.webp\" width=\"980\" height=\"441\" title=\"F\u00f8rste gang p\u00e5 20 \u00e5r\" alt=\"\" class=\"lazyload\" style=\"--aspect-ratio-image: 2.22; \"\/><\/p>\n<p>        F\u00f8rste gang p\u00e5 20 \u00e5r<\/p>\n<p>    <\/a><\/p>\n<p>&#8211; Jeg hadde planlagt skikkelig. Gaming-stasjonen var rigget klart i stua og alt var fint, s\u00e5 den telefonen fra pappa var litt kjip.\u00a0<\/p>\n<p>Dermed ble nok ikke dagene slik som Leon hadde sett for seg. Han var b\u00e6rehjelp for faren som kom hjem med fire kofferter, og det endte med \u00e5 bli guttastemning mens mamma Kathrine var p\u00e5 innspilling.<\/p>\n<p>&#8211; Leon synes jo at det er ganske digg \u00e5 v\u00e6re hjemme uten mamma. Jeg kjente selv at jeg var glad for at det var noen som kunne vekke ham p\u00e5 skoledagene, men det hadde g\u00e5tt fint det. Det er rart det at n\u00e5r barna er hjemme alene s\u00e5 klarer de liksom alt, ler Kathrine.<\/p>\n<p>        TOK ABORT: \u00abBloggerne\u00bb-profilen \u00e5pner seg om det t\u00f8ffe valget, og hvordan det blir \u00e5 m\u00e5tte gjennoppleve den vonde tiden p\u00e5 TV. Video: TV 2\/ \u00abBloggerne\u00bb\/ \u00abVokteren\u00bb\/ R\u00f8d L\u00f8per\/ Thea Hope\/ Sanne Holt<\/p>\n<p>\u00abForr\u00e6der \u00bbhadde sesongpremiere fredag, og hele familien er tilbake hjemme i Asker. 16-\u00e5ringen h\u00e5per n\u00e5 at foreldrene snart skal delta i flere TV-program sammen, slik at han kanskje f\u00e5r levd ut hjemme-alene-dr\u00f8mmen.<\/p>\n<p> \u00abForr\u00e6der\u00bb sendes p\u00e5 TV 2 fra klokka 19.55 p\u00e5 fredager, og slippes p\u00e5 TV 2 Play klokka 03.00 samme dag. <\/p>\n","protected":false},"excerpt":{"rendered":"Kathrine S\u00f8rland og Andreas Holck: Alt var klart for at Leon (16) skulle leve dr\u00f8mmelivet i to uker.&hellip;\n","protected":false},"author":2,"featured_media":28396,"comment_status":"","ping_status":"","sticky":false,"template":"","format":"standard","meta":{"footnotes":""},"categories":[58],"tags":[4592,71,4591,479,30,28,29,72],"class_list":{"0":"post-29483","1":"post","2":"type-post","3":"status-publish","4":"format-standard","5":"has-post-thumbnail","7":"category-underholdning","8":"tag-andreas-holck","9":"tag-entertainment","10":"tag-kathrine-sorland","11":"tag-kjendis","12":"tag-no","13":"tag-norge","14":"tag-norway","15":"tag-underholdning"},"share_on_mastodon":{"url":"","error":""},"_links":{"self":[{"href":"https:\/\/www.europesays.com\/no\/wp-json\/wp\/v2\/posts\/29483","targetHints":{"allow":["GET"]}}],"collection":[{"href":"https:\/\/www.europesays.com\/no\/wp-json\/wp\/v2\/posts"}],"about":[{"href":"https:\/\/www.europesays.com\/no\/wp-json\/wp\/v2\/types\/post"}],"author":[{"embeddable":true,"href":"https:\/\/www.europesays.com\/no\/wp-json\/wp\/v2\/users\/2"}],"replies":[{"embeddable":true,"href":"https:\/\/www.europesays.com\/no\/wp-json\/wp\/v2\/comments?post=29483"}],"version-history":[{"count":0,"href":"https:\/\/www.europesays.com\/no\/wp-json\/wp\/v2\/posts\/29483\/revisions"}],"wp:featuredmedia":[{"embeddable":true,"href":"https:\/\/www.europesays.com\/no\/wp-json\/wp\/v2\/media\/28396"}],"wp:attachment":[{"href":"https:\/\/www.europesays.com\/no\/wp-json\/wp\/v2\/media?parent=29483"}],"wp:term":[{"taxonomy":"category","embeddable":true,"href":"https:\/\/www.europesays.com\/no\/wp-json\/wp\/v2\/categories?post=29483"},{"taxonomy":"post_tag","embeddable":true,"href":"https:\/\/www.europesays.com\/no\/wp-json\/wp\/v2\/tags?post=29483"}],"curies":[{"name":"wp","href":"https:\/\/api.w.org\/{rel}","templated":true}]}}