{"id":29493,"date":"2025-09-07T20:52:10","date_gmt":"2025-09-07T20:52:10","guid":{"rendered":"https:\/\/www.europesays.com\/no\/29493\/"},"modified":"2025-09-07T20:52:10","modified_gmt":"2025-09-07T20:52:10","slug":"siste-debatt-for-valget","status":"publish","type":"post","link":"https:\/\/www.europesays.com\/no\/29493\/","title":{"rendered":"Siste debatt f\u00f8r valget"},"content":{"rendered":"\n<p class=\"_paragraph_ew2ao_4 _paragraph_xtcu6_10 layout-component text-serif-m layout-normal text-serif-m layout-padded\">Jonas Gahr St\u00f8re (Ap), Erna Solberg (H\u00f8yre) og Sylvi Listhaug (Frp) skal debattere for siste gang denne valgkampen, f\u00f8r stortingsvalget mandag. <\/p>\n<p class=\"_paragraph_ew2ao_4 _paragraph_xtcu6_10 layout-component text-serif-m layout-normal text-serif-m layout-padded\">Det er TV 2 som har invitert til debatt p\u00e5 Chateau Neuf i Oslo, og det er Yvonne Fondenes som er kveldens programleder.<\/p>\n<p class=\"_paragraph_ew2ao_4 _paragraph_xtcu6_10 layout-component text-serif-m layout-normal text-serif-m layout-padded\">Debatten er delt opp i tre bolker:<\/p>\n<ol class=\"_list_ew2ao_3 _list_xtcu6_9 _ordered_ew2ao_79 layout-component text-serif-m layout-normal text-serif-m layout-padded\">\n<li class=\"_item_ew2ao_30\"> Den f\u00f8rste bolken handlet om statsministerrollen.<\/li>\n<li class=\"_item_ew2ao_30\"> Deretter fulgte en bolk om \u00f8konomi og matvarepriser. <\/li>\n<li class=\"_item_ew2ao_30\"> N\u00e5 til slutt vil debatten handle om unge velgere: Her skal partilederne debattere p\u00e5stander og sp\u00f8rsm\u00e5l som kanalen har hentet inn fra sosiale medier. <\/li>\n<\/ol>\n<p><img alt=\"Foto: Amanda Pedersen Giske \/ NTB\" class=\"_image_qp4xg_65 layout-component layout-normal\" data-fullscreen- data-track-element-type=\"Article image fullscreen\" data-track-name=\"ImageFullscreen\" decoding=\"async\" loading=\"lazy\" height=\"4941\" itemprop=\"image\"  src=\"https:\/\/www.europesays.com\/no\/wp-content\/uploads\/2025\/09\/66e3b339-e108-4975-9c4f-9de0f78e72cd\"  style=\"object-position:0% 0%\" width=\"7408\"\/>Foto: Amanda Pedersen Giske \/ NTBUtfordret fra start<\/p>\n<p class=\"_paragraph_ew2ao_4 _paragraph_xtcu6_10 layout-component text-serif-m layout-normal text-serif-m layout-padded\">Fra start ble Sylvi Listhaug utfordret p\u00e5 om hun er klar for \u00e5 innta statsministerstolen.<\/p>\n<p class=\"_paragraph_ew2ao_4 _paragraph_xtcu6_10 layout-component text-serif-m layout-normal text-serif-m layout-padded\">\u2013 N\u00e5r du er leder for et parti, s\u00e5 er det klart at du m\u00e5 v\u00e6re klar til \u00e5 ta de rollene som kan komme. Jeg har bekledd mange roller opp igjennom norsk politikk, sa Listhaug.<\/p>\n<p class=\"_paragraph_ew2ao_4 _paragraph_xtcu6_10 layout-component text-serif-m layout-normal text-serif-m layout-padded\">Se hva Listhaug svarer:<\/p>\n<p class=\"_paragraph_ew2ao_4 _paragraph_xtcu6_10 layout-component text-serif-m layout-normal text-serif-m layout-padded\">Forrige uke gikk Erna Solberg ut og avviste at Listhaug kunne bli statsminister.<\/p>\n<p class=\"_paragraph_ew2ao_4 _paragraph_xtcu6_10 layout-component text-serif-m layout-normal text-serif-m layout-padded\">\u2013 Det blir mer naturlig at den som representer de tre andre partiene blir statsminister, sa Solberg under debatten i kveld. <\/p>\n<p><img alt=\"Foto: Amanda Pedersen Giske \/ NTB\" class=\"_image_qp4xg_65 layout-component layout-normal\" data-fullscreen- data-track-element-type=\"Article image fullscreen\" data-track-name=\"ImageFullscreen\" decoding=\"async\" loading=\"lazy\" height=\"4277\" itemprop=\"image\"  src=\"https:\/\/www.europesays.com\/no\/wp-content\/uploads\/2025\/09\/f47f1477-830a-4a3e-b042-72d7b24f6c88\"  style=\"object-position:0% 0%\" width=\"6412\"\/>Foto: Amanda Pedersen Giske \/ NTB<\/p>\n<p class=\"_paragraph_ew2ao_4 _paragraph_xtcu6_10 layout-component text-serif-m layout-normal text-serif-m layout-padded\">Programleder Yvonne Fondenes pr\u00f8vde \u00e5 f\u00e5 Listhaug til \u00e5 gi en garanti til Frp-velgere. <\/p>\n<p class=\"_paragraph_ew2ao_4 _paragraph_xtcu6_10 layout-component text-serif-m layout-normal text-serif-m layout-padded\">\u2013 Kan du garantere de velgerne som stemmer p\u00e5 deg at du ikke forhandler vekk statsministerrollen?<\/p>\n<p class=\"_paragraph_ew2ao_4 _paragraph_xtcu6_10 layout-component text-serif-m layout-normal text-serif-m layout-padded\">\u2013 Jeg kan love velgerne at Frp kommer til \u00e5 v\u00e6re knallharde i eventuelle forhandlinger. N\u00e5 skal velgerne f\u00f8rst f\u00e5 lov til \u00e5 stemme, svarte Listhaug. <\/p>\n<p> Tuttifrutti<\/p>\n<p class=\"_paragraph_ew2ao_4 _paragraph_xtcu6_10 layout-component text-serif-m layout-normal text-serif-m layout-padded\">\u2013 Dette synes du er g\u00f8y, St\u00f8re? spurte Fondenes og referert til statsministersp\u00f8rsm\u00e5let p\u00e5 borgerlig side til latter fra salen. <\/p>\n<p class=\"_paragraph_ew2ao_4 _paragraph_xtcu6_10 layout-component text-serif-m layout-normal text-serif-m layout-padded\">\u2013 Jeg har ansvar for mye, men akkurat det der har jeg ikke ansvar for, svarte St\u00f8re. <\/p>\n<p class=\"_paragraph_ew2ao_4 _paragraph_xtcu6_10 layout-component text-serif-m layout-normal text-serif-m layout-padded\">Han understreket at r\u00f8dgr\u00f8nn side er samlet bak han som statsministerkandidat. <\/p>\n<p class=\"_paragraph_ew2ao_4 _paragraph_xtcu6_10 layout-component text-serif-m layout-normal text-serif-m layout-padded\">Programlederen utfordret St\u00f8re p\u00e5 det s\u00e5kalte tuttifrutti-samarbeidet p\u00e5 r\u00f8dgr\u00f8nn side han potensielt m\u00e5 h\u00e5ndtere. <\/p>\n<p class=\"_paragraph_ew2ao_4 _paragraph_xtcu6_10 layout-component text-serif-m layout-normal text-serif-m layout-padded\">Det er alts\u00e5 samarbeidet mellom Arbeiderpartiet, Senterpartiet, MDG, R\u00f8dt og SV, hvor alle unntatt MDG \u00f8nsker \u00e5 reforhandle E\u00d8S-avtalen.<\/p>\n<p class=\"_paragraph_ew2ao_4 _paragraph_xtcu6_10 layout-component text-serif-m layout-normal text-serif-m layout-padded\">\u2013 \u00d8nskelisten fra disse partiene er vond som et langt \u00e5r, sa Listhaug. <\/p>\n<p><img alt=\"Foto: Amanda Pedersen Giske \/ NTB\" class=\"_image_qp4xg_65 layout-component layout-normal\" data-fullscreen- data-track-element-type=\"Article image fullscreen\" data-track-name=\"ImageFullscreen\" decoding=\"async\" loading=\"lazy\" height=\"3143\" itemprop=\"image\"  src=\"https:\/\/www.europesays.com\/no\/wp-content\/uploads\/2025\/09\/7b9825d9-cc30-4d21-9856-d819abb5c682\"  style=\"object-position:0% 0%\" width=\"4715\"\/>Foto: Amanda Pedersen Giske \/ NTB<\/p>\n<p class=\"_paragraph_ew2ao_4 _paragraph_xtcu6_10 layout-component text-serif-m layout-normal text-serif-m layout-padded\">St\u00f8re svarte med \u00e5 understreke tre klare bunnplanker for Arbeiderpartiet:<\/p>\n<ol class=\"_list_ew2ao_3 _list_xtcu6_9 _ordered_ew2ao_79 layout-component text-serif-m layout-normal text-serif-m layout-padded\">\n<li class=\"_item_ew2ao_30\">Nato-medlemskapet<\/li>\n<li class=\"_item_ew2ao_30\">E\u00d8S-avtalen<\/li>\n<li class=\"_item_ew2ao_30\">Trygg \u00f8konomisk styring<\/li>\n<\/ol>\n<p class=\"_paragraph_ew2ao_4 _paragraph_xtcu6_10 layout-component text-serif-m layout-normal text-serif-m layout-padded\">\u2013 P\u00e5 disse omr\u00e5dene er vi kompromissl\u00f8se, fastslo St\u00f8re.<\/p>\n<p> Grillet p\u00e5 skatt<\/p>\n<p class=\"_paragraph_ew2ao_4 _paragraph_xtcu6_10 layout-component text-serif-m layout-normal text-serif-m layout-padded\">H\u00f8yre-lederen grillet statsministeren p\u00e5 skatt. <\/p>\n<p class=\"_paragraph_ew2ao_4 _paragraph_xtcu6_10 layout-component text-serif-m layout-normal text-serif-m layout-padded\">\u2013 Jeg m\u00e5 f\u00e5 stille deg ett sp\u00f8rsm\u00e5l. Du sier du skal holde skatten fast p\u00e5 arbeidsinntekt og for bedriftene. Betyr det at du ikke er tilhenger av skattelette til de som har det vanskeligst? spurte Solberg.<\/p>\n<p class=\"_paragraph_ew2ao_4 _paragraph_xtcu6_10 layout-component text-serif-m layout-normal text-serif-m layout-padded\">\u2013 N\u00e5r vi sier at den skal ligge fast, s\u00e5 er det et klart budskap om at det ikke kommer til \u00e5 \u00f8ke. I de \u00e5rene vi har styrt s\u00e5 har vi senket skatten for de med lavere og middels inntekt med 10\u201311 milliarder kroner. Finner vi rom for det i \u00f8konomien fremover, s\u00e5 er jeg helt \u00e5pen for at vi kan gj\u00f8re det. For det er bra, svarte St\u00f8re. <\/p>\n<p class=\"_paragraph_ew2ao_4 _paragraph_xtcu6_10 layout-component text-serif-m layout-normal text-serif-m layout-padded\">\u2013 Men lover du \u00e5 gj\u00f8re det uten at du skal \u00f8ke skattene til noen andre? Hvem skal betale regningen hvis du skal gi skattelettelser? kontret Solberg.<\/p>\n<p class=\"_paragraph_ew2ao_4 _paragraph_xtcu6_10 layout-component text-serif-m layout-normal text-serif-m layout-padded\">\u2013 V\u00e5rt utgangspunkt er at skatteniv\u00e5et skal ligge der det ligger i dag. Det skal ikke \u00f8kes. Det er for bedrifter og personer, svarte St\u00f8re. <\/p>\n<p>\u00abKan ikke garantere\u00bb lavere priser<\/p>\n<p class=\"_paragraph_ew2ao_4 _paragraph_xtcu6_10 layout-component text-serif-m layout-normal text-serif-m layout-padded\">Matprisene har \u00f8kt kraftig de siste \u00e5rene, noe som rammer mange husholdninger. If\u00f8lge Unicef er enslige fors\u00f8rgere blant de hardest rammede \u2013 halvparten har ikke r\u00e5d til n\u00f8dvendige matvarer.<\/p>\n<p class=\"_paragraph_ew2ao_4 _paragraph_xtcu6_10 layout-component text-serif-m layout-normal text-serif-m layout-padded\">Da programlederen tok opp temaet, rettet St\u00f8re kritikk mot dagligvarekjedene:<\/p>\n<p class=\"_paragraph_ew2ao_4 _paragraph_xtcu6_10 layout-component text-serif-m layout-normal text-serif-m layout-padded\">\u2013 Du kan forst\u00e5 at sjokoladeprisen \u00f8ker, n\u00e5r kakaoprisen \u00f8ker. Men det er andre matvarer som blir satt opp prisen p\u00e5, som ikke kan forklares, sa han.<\/p>\n<p class=\"_paragraph_ew2ao_4 _paragraph_xtcu6_10 layout-component text-serif-m layout-normal text-serif-m layout-padded\">\u2013 De vet at vi g\u00e5r etter dem, sa St\u00f8re om matvaregigantene, som han sier har f\u00e5tt for mye makt.<\/p>\n<p><img alt=\"Foto: Amanda Pedersen Giske \/ NTB\" class=\"_image_qp4xg_65 layout-component layout-normal\" data-fullscreen- data-track-element-type=\"Article image fullscreen\" data-track-name=\"ImageFullscreen\" decoding=\"async\" loading=\"lazy\" height=\"5464\" itemprop=\"image\"  src=\"https:\/\/www.europesays.com\/no\/wp-content\/uploads\/2025\/09\/122b786b-b7b9-48a0-8bf2-4c4b7b79b6ee\"  style=\"object-position:0% 0%\" width=\"8192\"\/>Foto: Amanda Pedersen Giske \/ NTB<\/p>\n<p class=\"_paragraph_ew2ao_4 _paragraph_xtcu6_10 layout-component text-serif-m layout-normal text-serif-m layout-padded\">S\u00e5 gikk han til frontalangrep p\u00e5 opposisjonen. Han anklaget H\u00f8yre og Frp for \u00e5 ta imot st\u00f8tte fra dagligvarebransjen.<\/p>\n<p class=\"_paragraph_ew2ao_4 _paragraph_xtcu6_10 layout-component text-serif-m layout-normal text-serif-m layout-padded\"><strong class=\"_strong_ew2ao_25\">\u2013 Her har de ingen politikk, og det er ikke rart, programleder, for de blir nemlig n\u00e5 i denne valgkampen betalt direkte av matvaregigantene. Og det forklarer seg veldig godt, sa St\u00f8re.<\/strong><\/p>\n<p class=\"_paragraph_ew2ao_4 _paragraph_xtcu6_10 layout-component text-serif-m layout-normal text-serif-m layout-padded\">\u2013 Jeg taler forbrukernes sak, svarte Listhaug, og gjentok l\u00f8ftet om halvering i matvaremomsen.<\/p>\n<p><img alt=\"Foto: Amanda Pedersen Giske \/ NTB\" class=\"_image_qp4xg_65 layout-component layout-normal\" data-fullscreen- data-track-element-type=\"Article image fullscreen\" data-track-name=\"ImageFullscreen\" decoding=\"async\" loading=\"lazy\" height=\"3636\" itemprop=\"image\"  src=\"https:\/\/www.europesays.com\/no\/wp-content\/uploads\/2025\/09\/52b9f6d8-f219-47ca-b488-be0e30aee2a4\"  style=\"object-position:0% 0%\" width=\"5454\"\/>Foto: Amanda Pedersen Giske \/ NTB<\/p>\n<p class=\"_paragraph_ew2ao_4 _paragraph_xtcu6_10 layout-component text-serif-m layout-normal text-serif-m layout-padded\">P\u00e5 sp\u00f8rsm\u00e5l om melk og br\u00f8d vil bli billigere med Erna Solberg som statsminister, svarte H\u00f8yre-lederen klart:<\/p>\n<p class=\"_paragraph_ew2ao_4 _paragraph_xtcu6_10 layout-component text-serif-m layout-normal text-serif-m layout-padded\">\u2013 Jeg kan ikke garantere det.<\/p>\n<p class=\"_paragraph_ew2ao_4 _paragraph_xtcu6_10 layout-component text-serif-m layout-normal text-serif-m layout-padded\">I stedet rettet hun et angrep mot regjeringen for \u00e5 ha \u00f8kt tollen p\u00e5 poteter:<\/p>\n<p class=\"_paragraph_ew2ao_4 _paragraph_xtcu6_10 layout-component text-serif-m layout-normal text-serif-m layout-padded\">\u2013 De har \u00f8kt tollen p\u00e5 poteter, slik at landbruket skal f\u00e5 mer betalt. Poteter, som er en vanlig del av husholdningen, har regjeringen valgt \u00e5 sette opp prisen p\u00e5, sa Solberg.<\/p>\n<p> St\u00f8re scorer best dagen f\u00f8r valget<\/p>\n<p class=\"_paragraph_ew2ao_4 _paragraph_xtcu6_10 layout-component text-serif-m layout-normal text-serif-m layout-padded\">Sylvi Listhaug f\u00e5r en opptur p\u00e5 <a href=\"https:\/\/www.vg.no\/nyheter\/i\/8qnB5E\/vgs-siste-statsministermaaling-foer-valget-sylvi-listhaug-styrker-seg-jonas-gahr-stoere-er-mest-populaer\" data-track-element-type=\"Link\" data-track-id=\"link:8qnB5E\" class=\"_link_ew2ao_39\" rel=\"nofollow noopener\" target=\"_blank\">VGs statsministerm\u00e5ling<\/a> dagen f\u00f8r valget, og havner p\u00e5 21 prosent.<\/p>\n<p class=\"_paragraph_ew2ao_4 _paragraph_xtcu6_10 layout-component text-serif-m layout-normal text-serif-m layout-padded\">Det er en fremgang p\u00e5 tre prosentpoeng fra forrige m\u00e5ling. Hun tar dermed innp\u00e5 H\u00f8yre-lederen, som f\u00e5r 24 prosent.<\/p>\n<p class=\"_paragraph_ew2ao_4 _paragraph_xtcu6_10 layout-component text-serif-m layout-normal text-serif-m layout-padded\">St\u00f8re havner imidlertid p\u00e5 47 prosent, og er dermed mer popul\u00e6r enn de to borgerlige kandidatene til sammen.<\/p>\n<p class=\"_paragraph_ew2ao_4 _paragraph_xtcu6_10 layout-component text-serif-m layout-normal text-serif-m layout-padded\">Ikke bestemt deg enda? Ta VGs valgomat her: <\/p>\n","protected":false},"excerpt":{"rendered":"Jonas Gahr St\u00f8re (Ap), Erna Solberg (H\u00f8yre) og Sylvi Listhaug (Frp) skal debattere for siste gang denne valgkampen,&hellip;\n","protected":false},"author":2,"featured_media":29494,"comment_status":"","ping_status":"","sticky":false,"template":"","format":"standard","meta":{"footnotes":""},"categories":[10],"tags":[20,21,24,25,15,22,23,13,30,28,281,29,14,16,199,26,27],"class_list":{"0":"post-29493","1":"post","2":"type-post","3":"status-publish","4":"format-standard","5":"has-post-thumbnail","7":"category-norge","8":"tag-breaking-news","9":"tag-breakingnews","10":"tag-featured-news","11":"tag-featurednews","12":"tag-headlines","13":"tag-latest-news","14":"tag-latestnews","15":"tag-news","16":"tag-no","17":"tag-norge","18":"tag-norsk-politikk","19":"tag-norway","20":"tag-nyheter","21":"tag-overskrifter","22":"tag-stortingsvalg","23":"tag-top-stories","24":"tag-topstories"},"share_on_mastodon":{"url":"","error":""},"_links":{"self":[{"href":"https:\/\/www.europesays.com\/no\/wp-json\/wp\/v2\/posts\/29493","targetHints":{"allow":["GET"]}}],"collection":[{"href":"https:\/\/www.europesays.com\/no\/wp-json\/wp\/v2\/posts"}],"about":[{"href":"https:\/\/www.europesays.com\/no\/wp-json\/wp\/v2\/types\/post"}],"author":[{"embeddable":true,"href":"https:\/\/www.europesays.com\/no\/wp-json\/wp\/v2\/users\/2"}],"replies":[{"embeddable":true,"href":"https:\/\/www.europesays.com\/no\/wp-json\/wp\/v2\/comments?post=29493"}],"version-history":[{"count":0,"href":"https:\/\/www.europesays.com\/no\/wp-json\/wp\/v2\/posts\/29493\/revisions"}],"wp:featuredmedia":[{"embeddable":true,"href":"https:\/\/www.europesays.com\/no\/wp-json\/wp\/v2\/media\/29494"}],"wp:attachment":[{"href":"https:\/\/www.europesays.com\/no\/wp-json\/wp\/v2\/media?parent=29493"}],"wp:term":[{"taxonomy":"category","embeddable":true,"href":"https:\/\/www.europesays.com\/no\/wp-json\/wp\/v2\/categories?post=29493"},{"taxonomy":"post_tag","embeddable":true,"href":"https:\/\/www.europesays.com\/no\/wp-json\/wp\/v2\/tags?post=29493"}],"curies":[{"name":"wp","href":"https:\/\/api.w.org\/{rel}","templated":true}]}}