{"id":29509,"date":"2025-09-07T21:28:14","date_gmt":"2025-09-07T21:28:14","guid":{"rendered":"https:\/\/www.europesays.com\/no\/29509\/"},"modified":"2025-09-07T21:28:14","modified_gmt":"2025-09-07T21:28:14","slug":"avslutter-sok-etter-tromsomann-ikke-lengre-sannsynlig-a-finne-den-savnede-i-live","status":"publish","type":"post","link":"https:\/\/www.europesays.com\/no\/29509\/","title":{"rendered":"Avslutter s\u00f8k etter troms\u00f8mann: \u2013 Ikke lengre sannsynlig \u00e5 finne den savnede i live"},"content":{"rendered":"<p>iTroms\u00f8 arbeider etter <a href=\"http:\/\/presse.no\/pfu\/etiske-regler\/vaer-varsom-plakaten\/\" rel=\"nofollow noopener\" target=\"_blank\">V\u00e6r Varsom-plakatens<\/a> regler for god presseskikk. Se ogs\u00e5 <a href=\"https:\/\/www.nored.no\/Redaktoerplakaten\" rel=\"nofollow noopener\" target=\"_blank\">Redakt\u00f8ransvar<\/a>. iTroms\u00f8 har ikke ansvar for innhold p\u00e5 eksterne nettsider som det lenkes til. Alt innhold er opphavsrettslig beskyttet 2025 \u00a9 iTroms\u00f8.<\/p>\n<p>iTroms\u00f8 honorerer ikke materiale som sendes inn uoppfordret, med mindre det er inng\u00e5tt s\u00e6rskilt avtale om dette. Vi sender imidlertid Flax-lodd til alle som sender inn tips og bilder, s\u00e5 lenge navn og adresse er oppgitt.<\/p>\n","protected":false},"excerpt":{"rendered":"iTroms\u00f8 arbeider etter V\u00e6r Varsom-plakatens regler for god presseskikk. Se ogs\u00e5 Redakt\u00f8ransvar. iTroms\u00f8 har ikke ansvar for innhold&hellip;\n","protected":false},"author":2,"featured_media":29510,"comment_status":"","ping_status":"","sticky":false,"template":"","format":"standard","meta":{"footnotes":""},"categories":[5],"tags":[20,21,24,25,15,19,35,22,23,17,18,13,30,28,29,14,16,254,4766,26,27],"class_list":{"0":"post-29509","1":"post","2":"type-post","3":"status-publish","4":"format-standard","5":"has-post-thumbnail","7":"category-overskrifter","8":"tag-breaking-news","9":"tag-breakingnews","10":"tag-featured-news","11":"tag-featurednews","12":"tag-headlines","13":"tag-hovedoppslag","14":"tag-hovedredningssentralen","15":"tag-latest-news","16":"tag-latestnews","17":"tag-main-news","18":"tag-mainnews","19":"tag-news","20":"tag-no","21":"tag-norge","22":"tag-norway","23":"tag-nyheter","24":"tag-overskrifter","25":"tag-politi","26":"tag-sok","27":"tag-top-stories","28":"tag-topstories"},"share_on_mastodon":{"url":"","error":""},"_links":{"self":[{"href":"https:\/\/www.europesays.com\/no\/wp-json\/wp\/v2\/posts\/29509","targetHints":{"allow":["GET"]}}],"collection":[{"href":"https:\/\/www.europesays.com\/no\/wp-json\/wp\/v2\/posts"}],"about":[{"href":"https:\/\/www.europesays.com\/no\/wp-json\/wp\/v2\/types\/post"}],"author":[{"embeddable":true,"href":"https:\/\/www.europesays.com\/no\/wp-json\/wp\/v2\/users\/2"}],"replies":[{"embeddable":true,"href":"https:\/\/www.europesays.com\/no\/wp-json\/wp\/v2\/comments?post=29509"}],"version-history":[{"count":0,"href":"https:\/\/www.europesays.com\/no\/wp-json\/wp\/v2\/posts\/29509\/revisions"}],"wp:featuredmedia":[{"embeddable":true,"href":"https:\/\/www.europesays.com\/no\/wp-json\/wp\/v2\/media\/29510"}],"wp:attachment":[{"href":"https:\/\/www.europesays.com\/no\/wp-json\/wp\/v2\/media?parent=29509"}],"wp:term":[{"taxonomy":"category","embeddable":true,"href":"https:\/\/www.europesays.com\/no\/wp-json\/wp\/v2\/categories?post=29509"},{"taxonomy":"post_tag","embeddable":true,"href":"https:\/\/www.europesays.com\/no\/wp-json\/wp\/v2\/tags?post=29509"}],"curies":[{"name":"wp","href":"https:\/\/api.w.org\/{rel}","templated":true}]}}