{"id":295475,"date":"2026-07-16T17:50:19","date_gmt":"2026-07-16T17:50:19","guid":{"rendered":"https:\/\/www.europesays.com\/no\/295475\/"},"modified":"2026-07-16T17:50:19","modified_gmt":"2026-07-16T17:50:19","slug":"kathrine-sorland-apner-opp-om-fodselen","status":"publish","type":"post","link":"https:\/\/www.europesays.com\/no\/295475\/","title":{"rendered":"Kathrine S\u00f8rland \u00e5pner opp om f\u00f8dselen"},"content":{"rendered":"<p class=\"kicker \" style=\"\">Kathrine S\u00f8rland<\/p>\n<p class=\"subtitle font-weight-normal m-font-weight-normal italic m-italic\" style=\"\">Kathrine S\u00f8rland\u00a0\u00e5pner om de t\u00f8ffe m\u00e5nedene.<\/p>\n<p>\n    \u00c5PNER OPP: Kathrine S\u00f8rland \u00e5pner opp i ny podcast. Her sammen med mannen Andreas Holck og s\u00f8nnen Leon. Foto: Espen Solli\n  <\/p>\n<p>\u00c5 bli mor er noe mange beskriver som den vakreste gaven man kan f\u00e5 her i livet. Mange ser for seg at den enorme kj\u00e6rligheten til barnet skal komme umiddelbart etter at man har b\u00e5ret barnet fram. At b\u00e5ndet skal v\u00e6re sterkt fra f\u00f8rste gang man f\u00e5r se og holde den lille som har v\u00e6rt i magen. Men s\u00e5nn er det ikke bestandig. Det skulle Kathrine S\u00f8rland f\u00e5 erfare da hun var nybakt mor i 2008.<\/p>\n<p><a href=\"https:\/\/www.dagbladet.no\/kjendis\/en-klump-med-kjott-og-blod\/84897697\" rel=\"nofollow noopener\" target=\"_blank\">I et intervju med Dagbladet<\/a> \u00e5pner hun opp om skuffelsen hun kjente p\u00e5 da b\u00e5ndet mellom henne og s\u00f8nnen Leon (17) ikke kom umiddelbart.<\/p>\n<p>    <a itemprop=\"url\" href=\"https:\/\/www.kk.no\/livet\/jeg-skal-do-na-kan-du-vaere-sammen-med-meg-til-jeg-forsvinner\/84716623\" rel=\"nofollow noopener\" target=\"_blank\"><\/p>\n<p>        <img loading=\"lazy\" decoding=\"async\" src=\"https:\/\/www.europesays.com\/no\/wp-content\/uploads\/2026\/07\/84717031.webp\" width=\"980\" height=\"441\" alt=\"\" class=\"lazyload\" style=\"--aspect-ratio-image: 2.22; \"\/><\/p>\n<p>        &#8211; Jeg skal d\u00f8 n\u00e5. Kan du v\u00e6re sammen med meg til jeg forsvinner?<\/p>\n<p>    <\/a><\/p>\n<p>Deler \u00e5pent\t<\/p>\n<p>Kathrine S\u00f8rland har hatt suksess helt siden hun ble stjerne over natten da hun vant Fr\u00f8ken Norge i 2002, noe som tok henne til den internasjonale scenen med Miss Universe 2004. Etter dette har hun fortsatt som moteekspert og influenser, samtidig som hun har vist s\u00e5rbarhet og \u00e6rlighet i offentligheten, blant annet om utfordringer i ekteskapet og personlig vekst.<\/p>\n<p>I tillegg har hun delt \u00e5pent om at det \u00e5 bli mor for f\u00f8rste gang ikke ble som hun hadde sett for seg.<\/p>\n<p>\u2013 Jeg bare husker at i det han kom ut, s\u00e5 var det s\u00e5nn: \u00abHvem er du?\u00bb. Jeg kjente ham liksom ikke igjen. Jeg vet ikke om jeg hadde sett for meg hvordan han skulle se ut, men jeg tenkte bare: \u00abH\u00e6, hvem er du?\u00bb, <a href=\"https:\/\/www.dagbladet.no\/kjendis\/en-klump-med-kjott-og-blod\/84897697\" rel=\"nofollow noopener\" target=\"_blank\">sier hun til Dagbladet.<\/a><\/p>\n<p>Kathrine har ogs\u00e5 v\u00e6rt \u00e5pen om tiden etter f\u00f8dselen i podkasten <a href=\"https:\/\/podcasts.apple.com\/no\/podcast\/ekteskapet-2-0\/id1684579373\" rel=\"nofollow noopener\" target=\"_blank\">Ekteskapet 2.0<\/a>, som hun har sammen med sin kj\u00e6re, Andreas. Der har hun fortalt at i tillegg til alt det hormonelle som f\u00f8lger en f\u00f8dsel, ble hun mor p\u00e5 en tid hvor det fortsatt var lite informasjon om hvordan man skal takle de forandringene kroppen g\u00e5r gjennom. Noe som gikk utover psyken.<\/p>\n<p>        <img loading=\"lazy\" decoding=\"async\" src=\"https:\/\/www.europesays.com\/no\/wp-content\/uploads\/2026\/07\/84911395.webp\" width=\"667\" height=\"521\" alt=\"\" class=\"\" style=\"--aspect-ratio-image: 1.28; \"\/><\/p>\n<p>\n        KJ\u00c6RLIGHET: Kathrine S\u00f8rland og Andreas. Foto: Privat\n    <\/p>\n<p>\u2013 Vi kom hjem fra sykehuset med Leon, og jeg bare gr\u00e5t. Jeg hadde det skikkelig kjipt, og mye av grunnen til det var jo selvf\u00f8lgelig det helt naturlige: Hormonene i kroppen, har hun forklart i <a href=\"https:\/\/podcasts.apple.com\/no\/podcast\/ekteskapet-2-0\/id1684579373\" rel=\"nofollow noopener\" target=\"_blank\">podkasten<\/a> tidligere.<\/p>\n<p>    <a itemprop=\"url\" href=\"https:\/\/www.kk.no\/livet\/det-foltes-urettferdig-og-uutholdelig-1\/84897729\" rel=\"nofollow noopener\" target=\"_blank\"><\/p>\n<p>        <img loading=\"lazy\" decoding=\"async\" src=\"https:\/\/www.europesays.com\/no\/wp-content\/uploads\/2026\/07\/84897754.webp\" width=\"980\" height=\"441\" alt=\"\" class=\"lazyload\" style=\"--aspect-ratio-image: 2.22; \"\/><\/p>\n<p>        &#8211; Det f\u00f8ltes urettferdig og uutholdelig<\/p>\n<p>    <\/a><\/p>\n<p>Vil opplyse\t<\/p>\n<p><a href=\"https:\/\/www.dagbladet.no\/kjendis\/en-klump-med-kjott-og-blod\/84897697\" rel=\"nofollow noopener\" target=\"_blank\">Til Dagbladet<\/a> kunne hun fortelle at det var s\u00e5rt \u00e5 ikke kjenne like sterkt p\u00e5 morsf\u00f8lelsen som hun hadde forventet.<\/p>\n<p>\u2013 Babyer er jo bare en klump med kj\u00f8tt og blod. De ligger bare der og ser p\u00e5 deg. De ler ikke, ikke snakker de \u2013 de bare ligger der, spiser og sliter med \u00e5 f\u00e5 opp \u00f8ynene &#8230; Jeg kjente veldig lite p\u00e5 denne morsf\u00f8lelsen, forklarte hun til <a href=\"https:\/\/www.dagbladet.no\/kjendis\/en-klump-med-kjott-og-blod\/84897697\" rel=\"nofollow noopener\" target=\"_blank\">Dagbladet.<\/a><\/p>\n<p>Det tok fire m\u00e5neder f\u00f8r hun f\u00f8lte at hun kom til seg selv, og fikk kjenne p\u00e5 den intense, gode morsf\u00f8lelsen.<\/p>\n<p>    <a itemprop=\"url\" href=\"https:\/\/www.kk.no\/samliv\/mange-single-kvinner-vet-ikke-at-nettopp-dette-oker-sjansen-for-at-han-blir-din\/84751817\" rel=\"nofollow noopener\" target=\"_blank\"><\/p>\n<p>        <img loading=\"lazy\" decoding=\"async\" src=\"https:\/\/www.europesays.com\/no\/wp-content\/uploads\/2026\/07\/84848957.webp\" width=\"980\" height=\"441\" alt=\"\" class=\"lazyload\" style=\"--aspect-ratio-image: 2.22; \"\/><\/p>\n<p>        &#8211; Mange single kvinner vet ikke at nettopp dette \u00f8ker sjansen for at han blir din<\/p>\n<p>    <\/a><\/p>\n<p>Kathrine sier hun f\u00f8ler stor sympati med dem som g\u00e5r gjennom det samme, og h\u00e5per at det er mer informasjon om f\u00f8dselsdepresjon og hvordan man skal takle det n\u00e5. Hun avslutter med \u00e5 si at hun mener at de som jobber i helsesektoren, har plikt til \u00e5 opplyse om kvinnehelse \u2013 ogs\u00e5 til mennene, fordi det heller ikke er lett for dem \u00e5 st\u00e5 p\u00e5 sidelinjen.<\/p>\n<p class=\"italic m-italic\" data-lab-italic=\"italic\">KK har gitt Kathrine S\u00f8rland mulighet til \u00e5 kommentere saken.<\/p>\n","protected":false},"excerpt":{"rendered":"Kathrine S\u00f8rland Kathrine S\u00f8rland\u00a0\u00e5pner om de t\u00f8ffe m\u00e5nedene. \u00c5PNER OPP: Kathrine S\u00f8rland \u00e5pner opp i ny podcast. Her&hellip;\n","protected":false},"author":2,"featured_media":295476,"comment_status":"","ping_status":"","sticky":false,"template":"","format":"standard","meta":{"footnotes":"","_share_on_mastodon":"0"},"categories":[58],"tags":[4592,4982,71,3066,24376,4591,2875,647,10198,30,28,29,72],"class_list":["post-295475","post","type-post","status-publish","format-standard","has-post-thumbnail","category-underholdning","tag-andreas-holck","tag-apner-opp","tag-entertainment","tag-fodsel","tag-forste-gang","tag-kathrine-sorland","tag-mamma","tag-mor","tag-mor-barn","tag-no","tag-norge","tag-norway","tag-underholdning"],"share_on_mastodon":{"url":"https:\/\/pubeurope.com\/@no\/116930925681389197","error":""},"_links":{"self":[{"href":"https:\/\/www.europesays.com\/no\/wp-json\/wp\/v2\/posts\/295475","targetHints":{"allow":["GET"]}}],"collection":[{"href":"https:\/\/www.europesays.com\/no\/wp-json\/wp\/v2\/posts"}],"about":[{"href":"https:\/\/www.europesays.com\/no\/wp-json\/wp\/v2\/types\/post"}],"author":[{"embeddable":true,"href":"https:\/\/www.europesays.com\/no\/wp-json\/wp\/v2\/users\/2"}],"replies":[{"embeddable":true,"href":"https:\/\/www.europesays.com\/no\/wp-json\/wp\/v2\/comments?post=295475"}],"version-history":[{"count":0,"href":"https:\/\/www.europesays.com\/no\/wp-json\/wp\/v2\/posts\/295475\/revisions"}],"wp:featuredmedia":[{"embeddable":true,"href":"https:\/\/www.europesays.com\/no\/wp-json\/wp\/v2\/media\/295476"}],"wp:attachment":[{"href":"https:\/\/www.europesays.com\/no\/wp-json\/wp\/v2\/media?parent=295475"}],"wp:term":[{"taxonomy":"category","embeddable":true,"href":"https:\/\/www.europesays.com\/no\/wp-json\/wp\/v2\/categories?post=295475"},{"taxonomy":"post_tag","embeddable":true,"href":"https:\/\/www.europesays.com\/no\/wp-json\/wp\/v2\/tags?post=295475"}],"curies":[{"name":"wp","href":"https:\/\/api.w.org\/{rel}","templated":true}]}}