{"id":29553,"date":"2025-09-08T00:57:09","date_gmt":"2025-09-08T00:57:09","guid":{"rendered":"https:\/\/www.europesays.com\/no\/29553\/"},"modified":"2025-09-08T00:57:09","modified_gmt":"2025-09-08T00:57:09","slug":"strompriser-forbruker-frykter-stromprissjokk-fra-norge-i-sverige","status":"publish","type":"post","link":"https:\/\/www.europesays.com\/no\/29553\/","title":{"rendered":"Str\u00f8mpriser, Forbruker | Frykter str\u00f8mprissjokk fra Norge i Sverige"},"content":{"rendered":"\n<p>(<a href=\"https:\/\/www.nettavisen.no\/okonomi\/frykter-stromprissjokk-fra-norge-i-sverige\/s\/5-95-2605578\" rel=\"Follow nofollow noopener\" target=\"_blank\">Nettavisen<\/a>): N\u00e5r nordmenn tilbys fast og lav str\u00f8mpris, s\u00e5kalt norgespris, frykter svenskene at det er de som m\u00e5 betale. <\/p>\n<p>Det er ventet at norgespris skal innf\u00f8res fra og med 1. oktober. Da kan kunder som \u00f8nsker det, forplikte seg til en fast str\u00f8mpris p\u00e5 40 \u00f8re\/kWh for str\u00f8mforbruk p\u00e5 opptil 5000 kWh per m\u00e5ned.<\/p>\n<p>\u2013 Insentivet til \u00e5 spare eller flytte forbruket til andre timer forsvinner jo helt og holdent, sier Johan Sigvardsson, svensk str\u00f8manalytiker i Bixia.<\/p>\n<p>Verst for S\u00f8r-Sverige<\/p>\n<p>Sigvardsson mener forbruket vil bli h\u00f8yere enn det ellers ville v\u00e6rt, noe som vil f\u00f8re til h\u00f8yere priser i n\u00e6rliggende omr\u00e5der ettersom str\u00f8mnettet henger sammen over landegrensene. Det blir f\u00f8rst og fremst S\u00f8r-Sverige som p\u00e5virkes, der prisene allerede n\u00e5 ofte ligger betydelig h\u00f8yere enn for eksempel i Nord-Sverige.<\/p>\n<p> Ogs\u00e5 i Norge har det forel\u00f8pig sett ut som at norgespris vil ha mest effekt p\u00e5 S\u00f8r- og \u00d8stlandet. <a href=\"https:\/\/www.fornybarnorge.no\/nyheter\/2025\/stromregningene-falt-over-hele-norge-i-juli\/\" rel=\"nofollow noopener\" target=\"_blank\">Str\u00f8mprisindeksen <\/a> for juni viste at folk i S\u00f8r-Norge ville spart flere tusenlapper p\u00e5 str\u00f8mmen i f\u00f8rste halv\u00e5r, mens Midt-Norge og Nord-Norge ville tapt flere tusenlapper.<\/p>\n<p>Ogs\u00e5 den svenske str\u00f8manalytikeren Mats Nilsson, som er f\u00f8rsteamanuensis ved S\u00f6dert\u00f6rns h\u00f8gskole, tror norgespris vil negativt p\u00e5virke de svenske prisene.<\/p>\n<p>\u2013 Det h\u00f8res ut som en dr\u00f8m for nordmenn, men konsekvensen er at de ikke lenger reagerer p\u00e5 prissignaler. N\u00e5r forbruket ikke reduseres ved h\u00f8ye priser, \u00f8ker ettersp\u00f8rselen i stedet, og hele det nordiske markedet presses opp, sier han til TT.<\/p>\n<p>St\u00f8rre effekt om vinteren<\/p>\n<p>Velger man norgespris, vil man v\u00e6re bundet til denne prisen fra man bestiller og fram til utgangen av 2026. Man risikerer derfor \u00e5 betale mer for str\u00f8mmen enn man ville gjort med en vanlig spotprisavtale i de m\u00e5nedene n\u00e5r spotprisen p\u00e5 str\u00f8m er lavere.<\/p>\n<p>Priseffekten blir kanskje ikke veldig stor under normale forhold. Men i den kalde \u00e5rstiden, n\u00e5r forbruket er h\u00f8yere, kan effekten bli st\u00f8rre.<\/p>\n<p>\u2013 Ja, s\u00e6rlig om vinteren n\u00e5r forbruket generelt er h\u00f8yt, sier Johan Sigvardsson.<\/p>\n<p>Ogs\u00e5 i Sverige ble det snakket om noe lignende, s\u00e5kalte \u00absverigepriser\u00bb, da str\u00f8mprisdebatten var p\u00e5 sitt heteste for et par \u00e5r siden. Det var imidlertid ikke helt likt norgespris som n\u00e5 blir innf\u00f8rt. If\u00f8lge TT har ikke den svenske statskassen like store ressurser til \u00e5 betale svenske str\u00f8mforbrukere.<\/p>\n","protected":false},"excerpt":{"rendered":"(Nettavisen): N\u00e5r nordmenn tilbys fast og lav str\u00f8mpris, s\u00e5kalt norgespris, frykter svenskene at det er de som m\u00e5&hellip;\n","protected":false},"author":2,"featured_media":29554,"comment_status":"","ping_status":"","sticky":false,"template":"","format":"standard","meta":{"footnotes":""},"categories":[10],"tags":[36,20,21,24,25,823,15,22,23,13,30,28,29,14,16,1510,1501,26,27],"class_list":{"0":"post-29553","1":"post","2":"type-post","3":"status-publish","4":"format-standard","5":"has-post-thumbnail","7":"category-norge","8":"tag-art","9":"tag-breaking-news","10":"tag-breakingnews","11":"tag-featured-news","12":"tag-featurednews","13":"tag-forbruker","14":"tag-headlines","15":"tag-latest-news","16":"tag-latestnews","17":"tag-news","18":"tag-no","19":"tag-norge","20":"tag-norway","21":"tag-nyheter","22":"tag-overskrifter","23":"tag-story","24":"tag-strompriser","25":"tag-top-stories","26":"tag-topstories"},"share_on_mastodon":{"url":"","error":""},"_links":{"self":[{"href":"https:\/\/www.europesays.com\/no\/wp-json\/wp\/v2\/posts\/29553","targetHints":{"allow":["GET"]}}],"collection":[{"href":"https:\/\/www.europesays.com\/no\/wp-json\/wp\/v2\/posts"}],"about":[{"href":"https:\/\/www.europesays.com\/no\/wp-json\/wp\/v2\/types\/post"}],"author":[{"embeddable":true,"href":"https:\/\/www.europesays.com\/no\/wp-json\/wp\/v2\/users\/2"}],"replies":[{"embeddable":true,"href":"https:\/\/www.europesays.com\/no\/wp-json\/wp\/v2\/comments?post=29553"}],"version-history":[{"count":0,"href":"https:\/\/www.europesays.com\/no\/wp-json\/wp\/v2\/posts\/29553\/revisions"}],"wp:featuredmedia":[{"embeddable":true,"href":"https:\/\/www.europesays.com\/no\/wp-json\/wp\/v2\/media\/29554"}],"wp:attachment":[{"href":"https:\/\/www.europesays.com\/no\/wp-json\/wp\/v2\/media?parent=29553"}],"wp:term":[{"taxonomy":"category","embeddable":true,"href":"https:\/\/www.europesays.com\/no\/wp-json\/wp\/v2\/categories?post=29553"},{"taxonomy":"post_tag","embeddable":true,"href":"https:\/\/www.europesays.com\/no\/wp-json\/wp\/v2\/tags?post=29553"}],"curies":[{"name":"wp","href":"https:\/\/api.w.org\/{rel}","templated":true}]}}