{"id":295762,"date":"2026-07-17T03:02:14","date_gmt":"2026-07-17T03:02:14","guid":{"rendered":"https:\/\/www.europesays.com\/no\/295762\/"},"modified":"2026-07-17T03:02:14","modified_gmt":"2026-07-17T03:02:14","slug":"mann-til-sykehus-etter-slasskamp-ved-utested-i-moss","status":"publish","type":"post","link":"https:\/\/www.europesays.com\/no\/295762\/","title":{"rendered":"Mann til sykehus etter sl\u00e5sskamp ved utested i Moss"},"content":{"rendered":"\n<p class=\"_lead_145nj_2 _lead_6fko5_53 layout-component text-serif-m layout-normal text-serif-l layout-component layout-wide layout-padded _wide_17hqh_1 layout-padded\">Politiet stengte utestedet for natten p\u00e5 grunn av manglende vektere.<\/p>\n<ul aria-hidden=\"true\" class=\"_images_ntbth_112\">\n<li><a class=\"_link_ntbth_117\" href=\"https:\/\/www.vg.no\/forfatter\/isak-loeve-pilskog-loe\" style=\"z-index:1\" title=\"Isak L\u00f8ve Pilskog Loe\" rel=\"nofollow noopener\" target=\"_blank\"><img alt=\"Bilde av Isak L\u00f8ve Pilskog Loe\" class=\"_image_ntbth_93\" fetchpriority=\"low\" loading=\"lazy\" decoding=\"async\" itemprop=\"image\"  src=\"https:\/\/www.europesays.com\/no\/wp-content\/uploads\/2026\/07\/1784257332_520_8b0354e3-bf53-460c-9c1c-790321a0c923.jpeg\"  width=\"480\"\/><\/a><\/li>\n<\/ul>\n<p> Oppdatert fredag 17. juli kl. 02:26     <\/p>\n<p class=\"_paragraph_145nj_4 _paragraph_6fko5_10 layout-component text-serif-m layout-normal text-serif-m layout-padded\">Natt til fredag rykket politiet ut til <a href=\"https:\/\/www.vg.no\/tag\/moss?utm_source=vg-article&amp;utm_medium=auto-tagger&amp;utm_campaign=BxwL0w\" class=\"_link_145nj_39\" rel=\"nofollow noopener\" target=\"_blank\">Moss<\/a> sentrum etter melding om slagsm\u00e5l mellom flere personer ved et utested. Meldingen kom klokken 00.10.<\/p>\n<p class=\"_paragraph_145nj_4 _paragraph_6fko5_10 layout-component text-serif-m layout-normal text-serif-m layout-padded\">Flere patruljer og en ambulanse ble sendt til stedet etter meldinger om at flere personer var sl\u00e5tt i hodet. Da politiet ankom, l\u00f8p flere personer fra omr\u00e5det.<\/p>\n<p class=\"_paragraph_145nj_4 _paragraph_6fko5_10 layout-component text-serif-m layout-normal text-serif-m layout-padded\">En mann i 40-\u00e5rene fra Agder ble kj\u00f8rt til sykehuset Kalnes. If\u00f8lge oppdragsleder Kent Bele var han periodevis bevisstl\u00f8s.<\/p>\n<p class=\"_paragraph_145nj_4 _paragraph_6fko5_10 layout-component text-serif-m layout-normal text-serif-m layout-padded\">\u2013 Han skal if\u00f8lge patruljene p\u00e5 stedet ha v\u00e6rt involvert i slagsm\u00e5let, opplyser Bele.<\/p>\n<p class=\"_paragraph_145nj_4 _paragraph_6fko5_10 layout-component text-serif-m layout-normal text-serif-m layout-padded\">Det er forel\u00f8pig ikke avklart om tilstanden hans skyldes volden.<\/p>\n<p class=\"_paragraph_145nj_4 _paragraph_6fko5_10 layout-component text-serif-m layout-normal text-serif-m layout-padded\">Politiet stengte utestedet for resten av natten p\u00e5 grunn av for f\u00e5 vektere og manglende kontroll med skjenkingen.<\/p>\n<p>    <img decoding=\"async\" alt=\"Tips oss illustrasjon\" src=\"https:\/\/www.europesays.com\/no\/wp-content\/uploads\/2026\/07\/1784257334_718_pssst-small.webp\"\/>    <\/p>\n<p class=\"title-serif-s\">Har du tips?<\/p>\n<p class=\"text-sans-m\">Send oss informasjon, bilder eller video.<\/p>\n<p>  <a href=\"https:\/\/www.vg.no\/tips-oss\" rel=\"nofollow noopener\" target=\"_blank\"> Tips oss <\/a>      <\/p>\n","protected":false},"excerpt":{"rendered":"Politiet stengte utestedet for natten p\u00e5 grunn av manglende vektere. Oppdatert fredag 17. juli kl. 02:26 Natt til&hellip;\n","protected":false},"author":2,"featured_media":295763,"comment_status":"","ping_status":"","sticky":false,"template":"","format":"standard","meta":{"footnotes":"","_share_on_mastodon":"0"},"categories":[10],"tags":[31,20,21,24,25,15,22,23,116,13,30,28,29,14,16,468,26,27],"class_list":["post-295762","post","type-post","status-publish","format-standard","has-post-thumbnail","category-norge","tag-breaking","tag-breaking-news","tag-breakingnews","tag-featured-news","tag-featurednews","tag-headlines","tag-latest-news","tag-latestnews","tag-moss","tag-news","tag-no","tag-norge","tag-norway","tag-nyheter","tag-overskrifter","tag-politiet","tag-top-stories","tag-topstories"],"share_on_mastodon":{"url":"https:\/\/pubeurope.com\/@no\/116933096426907568","error":""},"_links":{"self":[{"href":"https:\/\/www.europesays.com\/no\/wp-json\/wp\/v2\/posts\/295762","targetHints":{"allow":["GET"]}}],"collection":[{"href":"https:\/\/www.europesays.com\/no\/wp-json\/wp\/v2\/posts"}],"about":[{"href":"https:\/\/www.europesays.com\/no\/wp-json\/wp\/v2\/types\/post"}],"author":[{"embeddable":true,"href":"https:\/\/www.europesays.com\/no\/wp-json\/wp\/v2\/users\/2"}],"replies":[{"embeddable":true,"href":"https:\/\/www.europesays.com\/no\/wp-json\/wp\/v2\/comments?post=295762"}],"version-history":[{"count":0,"href":"https:\/\/www.europesays.com\/no\/wp-json\/wp\/v2\/posts\/295762\/revisions"}],"wp:featuredmedia":[{"embeddable":true,"href":"https:\/\/www.europesays.com\/no\/wp-json\/wp\/v2\/media\/295763"}],"wp:attachment":[{"href":"https:\/\/www.europesays.com\/no\/wp-json\/wp\/v2\/media?parent=295762"}],"wp:term":[{"taxonomy":"category","embeddable":true,"href":"https:\/\/www.europesays.com\/no\/wp-json\/wp\/v2\/categories?post=295762"},{"taxonomy":"post_tag","embeddable":true,"href":"https:\/\/www.europesays.com\/no\/wp-json\/wp\/v2\/tags?post=295762"}],"curies":[{"name":"wp","href":"https:\/\/api.w.org\/{rel}","templated":true}]}}