{"id":295928,"date":"2026-07-17T08:36:44","date_gmt":"2026-07-17T08:36:44","guid":{"rendered":"https:\/\/www.europesays.com\/no\/295928\/"},"modified":"2026-07-17T08:36:44","modified_gmt":"2026-07-17T08:36:44","slug":"linnea-lotvedt-har-fatt-barn-dette-heter-babyen","status":"publish","type":"post","link":"https:\/\/www.europesays.com\/no\/295928\/","title":{"rendered":"Linnea L\u00f8tvedt har f\u00e5tt barn \u2013 dette heter babyen"},"content":{"rendered":"\n<p class=\"_lead_145nj_2 _lead_6fko5_53 layout-component text-serif-m layout-normal text-serif-l layout-component layout-wide layout-padded _wide_17hqh_1 layout-padded\">B\u00e5de navnet og babyen krydrer opp influencerens hverdag, forteller hun.<\/p>\n<p><img alt=\"Linnea L\u00f8tvedt og Tarjei Skjerven ble foreldre klokken 16.47 mandag. Foto: Privat\" class=\"_image_jw3bv_65 layout-component layout-wide\" data-fullscreen- data-track-element-type=\"Article image fullscreen\" data-track-name=\"ImageFullscreen\" fetchpriority=\"high\" decoding=\"sync\" loading=\"eager\" height=\"4235\" itemprop=\"image\"  src=\"https:\/\/www.europesays.com\/no\/wp-content\/uploads\/2026\/07\/bd5fe3a3-9add-3a43-b3bb-cc3dc80b712a.jpeg\"  style=\"object-position:0% 0%\" width=\"4234\"\/>Linnea L\u00f8tvedt og Tarjei Skjerven ble foreldre klokken 16.47 mandag. Foto: Privat<\/p>\n<ul aria-hidden=\"true\" class=\"_images_ntbth_112\">\n<li><a class=\"_link_ntbth_117\" href=\"https:\/\/www.vg.no\/forfatter\/amalie-nordboe-odiin\" style=\"z-index:1\" title=\"Amalie Nordb\u00f8 Odiin\" rel=\"nofollow noopener\" target=\"_blank\"><img alt=\"Bilde av Amalie Nordb\u00f8 Odiin\" class=\"_image_ntbth_93\" fetchpriority=\"low\" loading=\"lazy\" decoding=\"async\" itemprop=\"image\"  src=\"https:\/\/www.europesays.com\/no\/wp-content\/uploads\/2026\/07\/3a48a883-d93f-48c4-8078-cc59876bbb5b.jpeg\"  width=\"480\"\/><\/a><\/li>\n<\/ul>\n<p> Oppdatert fredag 17. juli kl. 04:28    <\/p>\n<ul class=\"_list_145nj_3 _list_64s2r_85 _unordered_145nj_106 text-sans-m\">\n<li class=\"_item_145nj_30\">Influencer Linnea L\u00f8tvedt (26) og forloveden Tarjei Skjerven ble foreldre til en gutt mandag.<\/li>\n<li class=\"_item_145nj_30\">Onsdag avsl\u00f8rte paret babyens unike navn til sine f\u00f8lgere.<\/li>\n<li class=\"_item_145nj_30\">L\u00f8tvedt beskriver f\u00f8dselsopplevelsen som fantastisk.<\/li>\n<li class=\"_item_145nj_30\">Paret gleder seg til den nye hverdagen med sin nyf\u00f8dte s\u00f8nn.<\/li>\n<\/ul>\n<p>Vis mer <\/p>\n<p class=\"_paragraph_145nj_4 _paragraph_6fko5_10 layout-component text-serif-m layout-normal text-serif-m layout-padded\"><a href=\"https:\/\/www.vg.no\/tag\/linnea-loetvedt?utm_source=vg-article&amp;utm_medium=auto-tagger&amp;utm_campaign=RjKdjr\" class=\"_link_145nj_39\" rel=\"nofollow noopener\" target=\"_blank\">Linnea L\u00f8tvedt<\/a> (26) har delt stort og sm\u00e5tt gjennom hele svangerskapet.<\/p>\n<p class=\"_paragraph_145nj_4 _paragraph_6fko5_10 layout-component text-serif-m layout-normal text-serif-m layout-padded\">Til sine rundt 123.000 Snapchat-f\u00f8lgere oppdaterte hun hyppig gjennom f\u00f8dselen.<\/p>\n<p class=\"_paragraph_145nj_4 _paragraph_6fko5_10 layout-component text-serif-m layout-normal text-serif-m layout-padded\">N\u00e5 lar hun f\u00f8lgerne bli kjent med babyen.<\/p>\n<p>Superfan av unike navn<\/p>\n<p class=\"_paragraph_145nj_4 _paragraph_6fko5_10 layout-component text-serif-m layout-normal text-serif-m layout-padded\">Det var mandag ettermiddag hun og forloveden Tarjei Skjerven (26) ble foreldre til en liten gutt.<\/p>\n<p class=\"_paragraph_145nj_4 _paragraph_6fko5_10 layout-component text-serif-m layout-normal text-serif-m layout-padded\"><strong class=\"_strong_145nj_25\">Onsdag r\u00f8per hun at navnet hans er Timian.<\/strong><\/p>\n<p class=\"_paragraph_145nj_4 _paragraph_6fko5_10 layout-component text-serif-m layout-normal text-serif-m layout-padded\">\u00abEkte velsignelse. Vi er stolte foreldre til Timian.\u00bb, skriver de nybakte foreldrene i et Instagraminnlegg.<\/p>\n<p><img alt=\"Kommentarfeltet under innlegget med annonseringen er overfylt med gratulasjoner og hjerter i ulike farger.  Foto: Privat\" class=\"_image_jw3bv_65 layout-component layout-normal\" data-fullscreen- data-track-element-type=\"Article image fullscreen\" data-track-name=\"ImageFullscreen\" decoding=\"async\" loading=\"lazy\" height=\"3216\" itemprop=\"image\"  src=\"https:\/\/www.europesays.com\/no\/wp-content\/uploads\/2026\/07\/8fb42098-ad4f-3960-aa93-ce3147dcd429.jpeg\"  style=\"object-position:0% 0%\" width=\"3024\"\/>Kommentarfeltet under innlegget med annonseringen er overfylt med gratulasjoner og hjerter i ulike farger.  Foto: Privat<\/p>\n<p class=\"_paragraph_145nj_4 _paragraph_6fko5_10 layout-component text-serif-m layout-normal text-serif-m layout-padded\">Til VG sier L\u00f8tvedt at de lette lenge etter et navn som skulle klinge bra, og at det skulle v\u00e6re et navn hun ikke hadde h\u00f8rt f\u00f8r:<\/p>\n<p class=\"_paragraph_145nj_4 _paragraph_6fko5_10 layout-component text-serif-m layout-normal text-serif-m layout-padded\">\u2013 Jeg er superfan av unike og sjeldne navn.<\/p>\n<p class=\"_paragraph_145nj_4 _paragraph_6fko5_10 layout-component text-serif-m layout-normal text-serif-m layout-padded\">Og med et \u00f8nske fra forloveden om at babyens navn skal starte p\u00e5 T, begynte paret \u00e5 tenke.<\/p>\n<p class=\"_paragraph_145nj_4 _paragraph_6fko5_10 layout-component text-serif-m layout-normal text-serif-m layout-padded\">\u2013 Plutselig en dag, n\u00e5r vi snakket om navn, nevnte han Timian. Det bare klang i \u00f8rene til oss begge!<\/p>\n<p class=\"_paragraph_145nj_4 _paragraph_6fko5_10 layout-component text-serif-m layout-normal text-serif-m layout-padded\"><strong class=\"_strong_145nj_25\">Se utviklingen for navnet Timian her:<\/strong><\/p>\n<p class=\"_paragraph_145nj_4 _paragraph_6fko5_10 layout-component text-serif-m layout-normal text-serif-m layout-padded\">Begge de kommende foreldrene synes navnet var \u00abunikt, nydelig og s\u00f8tt\u00bb, forklarer L\u00f8tvedt.<\/p>\n<p class=\"_paragraph_145nj_4 _paragraph_6fko5_10 layout-component text-serif-m layout-normal text-serif-m layout-padded\"><strong class=\"_strong_145nj_25\">\u2013 Ogs\u00e5 krydrer han opp hverdagen v\u00e5r med masse ny spenning, legger hun til.<\/strong><\/p>\n<p class=\"_paragraph_145nj_4 _paragraph_6fko5_10 layout-component text-serif-m layout-normal text-serif-m layout-padded\">I forkant av f\u00f8dselen hadde influenceren en lang liste med navn som under 10\u201350 personer i Norge har.<\/p>\n<p>\u2013 Trenger ikke \u00e5 v\u00e6re skummelt<\/p>\n<p class=\"_paragraph_145nj_4 _paragraph_6fko5_10 layout-component text-serif-m layout-normal text-serif-m layout-padded\">Lille Timian fikk en noe kronglete start p\u00e5 livet, da han m\u00e5tte bli dratt ut med sugekopp og hadde navlestrengen surret rundt halsen.<\/p>\n<p class=\"_paragraph_145nj_4 _paragraph_6fko5_10 layout-component text-serif-m layout-normal text-serif-m layout-padded\">Til tross for det er L\u00f8tvedt klar i sin tale om at f\u00f8dselsopplevelsen var helt fantastisk.<\/p>\n<p class=\"_paragraph_145nj_4 _paragraph_6fko5_10 layout-component text-serif-m layout-normal text-serif-m layout-padded\">\u2013 Jeg synes det er s\u00e5 fint \u00e5 f\u00e5 dele min erfaring med verden, og ikke minst vise at det \u00e5 f\u00f8de ikke trenger \u00e5 v\u00e6re skummelt.<\/p>\n<p><img alt=\"Omtrent fire timer f\u00f8r Timian ble f\u00f8dt, fortalte L\u00f8tvedt at hun hadde f\u00e5tt epidural og \u00e5tte centimeter \u00e5pning til sine f\u00f8lgere.  Foto: Privat\" class=\"_image_jw3bv_65 layout-component layout-normal\" data-fullscreen- data-track-element-type=\"Article image fullscreen\" data-track-name=\"ImageFullscreen\" decoding=\"async\" loading=\"lazy\" height=\"1320\" itemprop=\"image\"  src=\"https:\/\/www.europesays.com\/no\/wp-content\/uploads\/2026\/07\/8cc57694-b972-3e90-9f0b-a4182cb2e29b.jpeg\"  style=\"object-position:0% 0%\" width=\"1320\"\/>Omtrent fire timer f\u00f8r Timian ble f\u00f8dt, fortalte L\u00f8tvedt at hun hadde f\u00e5tt epidural og \u00e5tte centimeter \u00e5pning til sine f\u00f8lgere.  Foto: Privat<\/p>\n<p class=\"_paragraph_145nj_4 _paragraph_6fko5_10 layout-component text-serif-m layout-normal text-serif-m layout-padded\">I etterkant har det tikket inn med fine meldinger, masse st\u00f8tte og haugevis av gratulasjoner, if\u00f8lge influenceren.<\/p>\n<p class=\"_paragraph_145nj_4 _paragraph_6fko5_10 layout-component text-serif-m layout-normal text-serif-m layout-padded\">N\u00e5r VG snakker med L\u00f8tvedt, er hun og babyen fremdeles p\u00e5 barsel:<\/p>\n<p class=\"_paragraph_145nj_4 _paragraph_6fko5_10 layout-component text-serif-m layout-normal text-serif-m layout-padded\">\u2013 Vi har det bra. Vi blir tatt kjempegodt vare p\u00e5 her, og m\u00f8ter verdens fineste mennesker!<\/p>\n<p>Gleder seg til den nye hverdagen<\/p>\n<p class=\"_paragraph_145nj_4 _paragraph_6fko5_10 layout-component text-serif-m layout-normal text-serif-m layout-padded\">Det den ferske moren gleder seg aller mest til n\u00e5, er \u00e5 bli trygg p\u00e5 amming.<\/p>\n<p class=\"_paragraph_145nj_4 _paragraph_6fko5_10 layout-component text-serif-m layout-normal text-serif-m layout-padded\">\u2013 Men vi nyter hvert eneste sekund og gleder oss til den nye hverdagen som venter, sier L\u00f8tvedt.<\/p>\n<p class=\"_paragraph_145nj_4 _paragraph_6fko5_10 layout-component text-serif-m layout-normal text-serif-m layout-padded\"><strong class=\"_strong_145nj_25\">\u2013 Tror vi begge er h\u00f8ye p\u00e5 lykkerusen og forelskelsen.<\/strong><\/p>\n<p class=\"_paragraph_145nj_4 _paragraph_6fko5_10 layout-component text-serif-m layout-normal text-serif-m layout-padded\">Samtidig ser hun frem til \u00e5 komme seg tilbake p\u00e5 bena igjen, slik at \u00f8yeblikkene kan nytes uten smerter.<\/p>\n<p class=\"_paragraph_145nj_4 _paragraph_6fko5_10 layout-component text-serif-m layout-normal text-serif-m layout-padded\">\u2013 Ogs\u00e5 blir det godt \u00e5 komme seg hjem, legger hun til.<\/p>\n<p><img alt=\"L\u00f8tvedt og Skjerven, her sammen p\u00e5 en filmpremiere noen m\u00e5neder f\u00f8r f\u00f8dselen.  Foto: Mattis Sandblad \/ VG\" class=\"_image_jw3bv_65 layout-component layout-normal\" data-fullscreen- data-track-element-type=\"Article image fullscreen\" data-track-name=\"ImageFullscreen\" decoding=\"async\" loading=\"lazy\" height=\"2526\" itemprop=\"image\"  src=\"https:\/\/www.europesays.com\/no\/wp-content\/uploads\/2026\/07\/20e19315-3560-3fb3-8693-bd89d8134807.jpeg\"  style=\"object-position:0% 0%\" width=\"2526\"\/>L\u00f8tvedt og Skjerven, her sammen p\u00e5 en filmpremiere noen m\u00e5neder f\u00f8r f\u00f8dselen.  Foto: Mattis Sandblad \/ VG<\/p>\n<p class=\"_paragraph_145nj_4 _paragraph_6fko5_10 layout-component text-serif-m layout-normal text-serif-m layout-padded\">Selv om f\u00f8dselen har bydd p\u00e5 flere positive \u00f8yeblikk, og influenceren ser lyst p\u00e5 fremtiden som venter, legger hun ikke skjul p\u00e5 at enkelte ting er utfordrende.<\/p>\n<p class=\"_paragraph_145nj_4 _paragraph_6fko5_10 layout-component text-serif-m layout-normal text-serif-m layout-padded\"><strong class=\"_strong_145nj_25\">\u2013 Jeg tror det \u00e5 v\u00e6re forelder er en rolle man aldri vil klare \u00e5 slappe hundre prosent av med.<\/strong><\/p>\n<p class=\"_paragraph_145nj_4 _paragraph_6fko5_10 layout-component text-serif-m layout-normal text-serif-m layout-padded\">\u00abHva om?\u00bb. \u00abTenk hvis\u00bb.<\/p>\n<p class=\"_paragraph_145nj_4 _paragraph_6fko5_10 layout-component text-serif-m layout-normal text-serif-m layout-padded\">Slike tanker kan fort dukke opp n\u00e5r man begynner \u00e5 tvile p\u00e5 om man strekker til og gj\u00f8r alt rett, forklarer L\u00f8tvedt.<\/p>\n<p class=\"_paragraph_145nj_4 _paragraph_6fko5_10 layout-component text-serif-m layout-normal text-serif-m layout-padded\">S\u00e6rlig synes hun det blir skummelt \u00e5 dra fra sykehuset og ikke kunne be om hjelp fra sykepleiere dersom hun lurer p\u00e5 noe.<\/p>\n<p class=\"_paragraph_145nj_4 _paragraph_6fko5_10 layout-component text-serif-m layout-normal text-serif-m layout-padded\"><strong class=\"_strong_145nj_25\">Paret viste seg frem i offentligheten for f\u00f8rste gang i mars i fjor \u2013 se video:<\/strong><\/p>\n","protected":false},"excerpt":{"rendered":"B\u00e5de navnet og babyen krydrer opp influencerens hverdag, forteller hun. Linnea L\u00f8tvedt og Tarjei Skjerven ble foreldre klokken&hellip;\n","protected":false},"author":2,"featured_media":295929,"comment_status":"","ping_status":"","sticky":false,"template":"","format":"standard","meta":{"footnotes":"","_share_on_mastodon":"0"},"categories":[5],"tags":[3068,20,21,24,25,3066,15,19,22,23,8549,17,18,13,30,28,29,14,16,26,27],"class_list":["post-295928","post","type-post","status-publish","format-standard","has-post-thumbnail","category-overskrifter","tag-baby","tag-breaking-news","tag-breakingnews","tag-featured-news","tag-featurednews","tag-fodsel","tag-headlines","tag-hovedoppslag","tag-latest-news","tag-latestnews","tag-linnea-lotvedt","tag-main-news","tag-mainnews","tag-news","tag-no","tag-norge","tag-norway","tag-nyheter","tag-overskrifter","tag-top-stories","tag-topstories"],"share_on_mastodon":{"url":"https:\/\/pubeurope.com\/@no\/116934409450540635","error":""},"_links":{"self":[{"href":"https:\/\/www.europesays.com\/no\/wp-json\/wp\/v2\/posts\/295928","targetHints":{"allow":["GET"]}}],"collection":[{"href":"https:\/\/www.europesays.com\/no\/wp-json\/wp\/v2\/posts"}],"about":[{"href":"https:\/\/www.europesays.com\/no\/wp-json\/wp\/v2\/types\/post"}],"author":[{"embeddable":true,"href":"https:\/\/www.europesays.com\/no\/wp-json\/wp\/v2\/users\/2"}],"replies":[{"embeddable":true,"href":"https:\/\/www.europesays.com\/no\/wp-json\/wp\/v2\/comments?post=295928"}],"version-history":[{"count":0,"href":"https:\/\/www.europesays.com\/no\/wp-json\/wp\/v2\/posts\/295928\/revisions"}],"wp:featuredmedia":[{"embeddable":true,"href":"https:\/\/www.europesays.com\/no\/wp-json\/wp\/v2\/media\/295929"}],"wp:attachment":[{"href":"https:\/\/www.europesays.com\/no\/wp-json\/wp\/v2\/media?parent=295928"}],"wp:term":[{"taxonomy":"category","embeddable":true,"href":"https:\/\/www.europesays.com\/no\/wp-json\/wp\/v2\/categories?post=295928"},{"taxonomy":"post_tag","embeddable":true,"href":"https:\/\/www.europesays.com\/no\/wp-json\/wp\/v2\/tags?post=295928"}],"curies":[{"name":"wp","href":"https:\/\/api.w.org\/{rel}","templated":true}]}}