{"id":296591,"date":"2026-07-18T01:40:20","date_gmt":"2026-07-18T01:40:20","guid":{"rendered":"https:\/\/www.europesays.com\/no\/296591\/"},"modified":"2026-07-18T01:40:20","modified_gmt":"2026-07-18T01:40:20","slug":"ukraina-zelenskyj-sparket-forsvarsminister-fedorov","status":"publish","type":"post","link":"https:\/\/www.europesays.com\/no\/296591\/","title":{"rendered":"Ukraina: Zelenskyj sparket forsvarsminister Fedorov"},"content":{"rendered":"\n<ul class=\"_list_145nj_3 _list_64s2r_85 _unordered_145nj_106 text-sans-m\">\n<li class=\"_item_145nj_30\">President Zelenskyj har avsatt forsvarsminister Mykhajlo Fedorov. Han hadde jobben i et halvt \u00e5r.<\/li>\n<li class=\"_item_145nj_30\">Stor avstand mellom Fedorov og landets forsvarsledelse med forsvarssjef Oleksandr Syrskyj i spissen skal ligge bak. <\/li>\n<li class=\"_item_145nj_30\">En Ukraina-forsker tror det kan f\u00e5 konsekvenser for Zelenskyjs popularitet, men ikke p\u00e5virke krigen i stor grad. <\/li>\n<li class=\"_item_145nj_30\">Tidligere spionsjef Yevhenii Khmara er utnevnt som ny midlertidig forsvarsminister.<\/li>\n<\/ul>\n<p>Vis mer <\/p>\n<p class=\"_paragraph_145nj_4 _paragraph_6fko5_10 layout-component text-serif-m layout-normal text-serif-m layout-padded\">Etter bare seks m\u00e5neder som forsvarsminister i <a href=\"https:\/\/www.vg.no\/tag\/ukraina?utm_source=vg-article&amp;utm_medium=auto-tagger&amp;utm_campaign=OkzO0w\" class=\"_link_145nj_39\" rel=\"nofollow noopener\" target=\"_blank\">Ukraina<\/a> ble Mykhajlo Fedorov (35) avsatt av president Volodymyr Zelenskyj onsdag. <\/p>\n<p class=\"_paragraph_145nj_4 _paragraph_6fko5_10 layout-component text-serif-m layout-normal text-serif-m layout-padded\">\u2013 Det er totalt uforst\u00e5elig, skriver stortingspolitiker og Ukraina-venn Peter Christian Fr\u00f8lich i et innlegg p\u00e5 Facebook. <\/p>\n<p class=\"_paragraph_145nj_4 _paragraph_6fko5_10 layout-component text-serif-m layout-normal text-serif-m layout-padded\">Han ledet hjelpeorganisasjonen Fritt Ukraina i fire \u00e5r. <\/p>\n<p><img decoding=\"async\" alt=\"Bilde av Peter C. Fr\u00f8lich\" class=\"_image_148z4_25\" height=\"40\" itemprop=\"image\" loading=\"lazy\"  src=\"https:\/\/www.europesays.com\/no\/wp-content\/uploads\/2026\/07\/a9352b4b-5fac-3583-8978-0ba1795663a1.jpeg\"  width=\"40\"\/><strong class=\"_name_148z4_34 title-serif-xs\">Peter C. Fr\u00f8lich<\/strong><\/p>\n<p class=\"_paragraph_145nj_4 text-sans-m _description_148z4_39\">Stortingspolitiker for H\u00f8yre og Ukraina-venn<\/p>\n<p class=\"_paragraph_145nj_4 _paragraph_6fko5_10 layout-component text-serif-m layout-normal text-serif-m layout-padded\">Han kaller Fedorov \u00abden mest briljante og velfungerende ministeren i Ukraina\u00bb<\/p>\n<p class=\"_paragraph_145nj_4 _paragraph_6fko5_10 layout-component text-serif-m layout-normal text-serif-m layout-padded\">\u2013 Han har v\u00e6rt en reformist som har p\u00e5pekt helt \u00e5penbare feil og mangler, sier Fr\u00f8lich til VG. <\/p>\n<p><img alt=\"Mykhajlo Fedorov.  Foto: ROMAN PILIPEY \/ AFP \/ NTB\" class=\"_image_jw3bv_65 layout-component layout-normal\" data-fullscreen- data-track-element-type=\"Article image fullscreen\" data-track-name=\"ImageFullscreen\" decoding=\"async\" loading=\"lazy\" height=\"3441\" itemprop=\"image\"  src=\"https:\/\/www.europesays.com\/no\/wp-content\/uploads\/2026\/07\/14aba95d-991e-3b89-b680-fe7022f26ed3.jpeg\"  style=\"object-position:0% 0%\" width=\"2294\"\/>Mykhajlo Fedorov.  Foto: ROMAN PILIPEY \/ AFP \/ NTB<\/p>\n<p class=\"_paragraph_145nj_4 _paragraph_6fko5_10 layout-component text-serif-m layout-normal text-serif-m layout-padded\">\u2013 \u00c5 sparke Fedorov kan v\u00e6re et stort feilgrep av president Volodymyr Zelenskyj, skriver VGs politiske redakt\u00f8r Fr\u00f8y Gulbrandsen i en kommentar. <\/p>\n<p class=\"_paragraph_145nj_4 _paragraph_6fko5_10 layout-component text-serif-m layout-normal text-serif-m layout-padded\"><strong class=\"_strong_145nj_25\">Les kommentaren her: <a href=\"https:\/\/www.vg.no\/nyheter\/i\/8pOM7G\/ukraina-president-zelenskyj-har-sparket-forsvarsminister-fedorov\" data-track-element-type=\"Link\" data-track-id=\"link:8pOM7G\" class=\"_link_145nj_39\" rel=\"nofollow noopener\" target=\"_blank\">\u00abEn tabbe av Zelenskyj\u00bb<\/a><\/strong><\/p>\n<p class=\"_paragraph_145nj_4 _paragraph_6fko5_10 layout-component text-serif-m layout-normal text-serif-m layout-padded\">P\u00e5 35-\u00e5ringens vakt har nemlig utviklingen i krigen g\u00e5tt Ukrainas vei p\u00e5 mange fronter. Selv om det til dels skyldes svakheter p\u00e5 russisk side, har Ukraina:<\/p>\n<ul class=\"_list_145nj_3 _list_6fko5_9 _unordered_145nj_106 layout-component text-serif-m layout-normal text-serif-m layout-padded\">\n<li class=\"_item_145nj_30\">For f\u00f8rste gang tatt tilbake noe territorium og den russiske fremgangen har stoppet opp.<\/li>\n<li class=\"_item_145nj_30\">\u00d8kt angrepene mot russisk oljeeksport og forsyningslinjer.<\/li>\n<li class=\"_item_145nj_30\">Gjennomf\u00f8rt det eksperter kaller for <a href=\"https:\/\/www.vg.no\/nyheter\/i\/gkzVXk\/eksperter-om-ukrainsk-droneangrep-mot-moskva-ganske-spektakulaert\" data-track-element-type=\"Link\" data-track-id=\"link:gkzVXk\" class=\"_link_145nj_39\" rel=\"nofollow noopener\" target=\"_blank\">\u00abspektakul\u00e6re\u00bb angrep langt inne i Russland<\/a> i storbyer som Moskva og <a href=\"https:\/\/www.vg.no\/nyheter\/i\/Exjo5o\/ukraina-angrep-st-petersburg-russere-forteller-om-frykten-for-aa-snakke-fritt\" data-track-element-type=\"Link\" data-track-id=\"link:Exjo5o\" class=\"_link_145nj_39\" rel=\"nofollow noopener\" target=\"_blank\">St. Petersburg<\/a>. <\/li>\n<li class=\"_item_145nj_30\">For alvor utfordret Russlands kontroll over Krym.<\/li>\n<\/ul>\n<p class=\"_paragraph_145nj_4 _paragraph_6fko5_10 layout-component text-serif-m layout-normal text-serif-m layout-padded\">\u2013 Hvem sparker sitt sterkeste kort n\u00e5r man vinner stort p\u00e5 slagmarken? sp\u00f8r Fr\u00f8lich. <\/p>\n<p>Ultimatum<\/p>\n<p class=\"_paragraph_145nj_4 _paragraph_6fko5_10 layout-component text-serif-m layout-normal text-serif-m layout-padded\">Ukraina-forsker Tor Bukkvoll er derimot ikke overrasket over nyheten om at Fedorov ble sparket. <\/p>\n<p class=\"_paragraph_145nj_4 _paragraph_6fko5_10 layout-component text-serif-m layout-normal text-serif-m layout-padded\">\u2013 Det har g\u00e5tt rykter over lengre tid. Det har v\u00e6rt en kulminering av en konflikt som har vart mer eller mindre hele tiden mens han har v\u00e6rt forsvarsminister, sier han. <\/p>\n<p><img decoding=\"async\" alt=\"Bilde av Tor Bukkvoll\" class=\"_image_148z4_25\" height=\"40\" itemprop=\"image\" loading=\"lazy\"  src=\"https:\/\/www.europesays.com\/no\/wp-content\/uploads\/2026\/07\/4b369510-6a42-3850-b30f-7946cbc64c06.jpeg\"  width=\"40\"\/><strong class=\"_name_148z4_34 title-serif-xs\">Tor Bukkvoll<\/strong><\/p>\n<p class=\"_paragraph_145nj_4 text-sans-m _description_148z4_39\">Sjefforsker ved Forsvarets forskningsinstitutt (FFI)<\/p>\n<p class=\"_paragraph_145nj_4 _paragraph_6fko5_10 layout-component text-serif-m layout-normal text-serif-m layout-padded\">Konflikten har v\u00e6rt mellom forsvarsdepartementet p\u00e5 den ene siden og forsvarsledelsen p\u00e5 den andre. Alts\u00e5 mellom sivile politikere og yrkesmilit\u00e6re. <\/p>\n<p class=\"_paragraph_145nj_4 _paragraph_6fko5_10 layout-component text-serif-m layout-normal text-serif-m layout-padded\">Det ble helt tydelig under en pressekonferanse i Kyiv torsdag. Da gikk Fedorov hardt ut mot landets forsvarssjef Oleksandr Syrskyj, melder <a href=\"https:\/\/kyivindependent.com\/defense-minister-fedorov-set-to-leave-post-senior-official-confirms\/\" class=\"_link_145nj_39\" rel=\"nofollow noopener\" target=\"_blank\">Kyiv Independent<\/a>. <\/p>\n<p class=\"_paragraph_145nj_4 _paragraph_6fko5_10 layout-component text-serif-m layout-normal text-serif-m layout-padded\">De to har ikke v\u00e6rt enige om noe, if\u00f8lge den avsatte forsvarsministeren: <\/p>\n<p class=\"_paragraph_145nj_4 _paragraph_6fko5_10 layout-component text-serif-m layout-normal text-serif-m layout-padded\"><strong class=\"_strong_145nj_25\">\u2013 Vi endte i en situasjon der hvert forslag vi la frem, ble blokkert, sa Fedorov under pressekonferansen if\u00f8lge <a href=\"https:\/\/www.pravda.com.ua\/eng\/news\/2026\/07\/16\/8044353\/\" class=\"_link_145nj_39\" rel=\"nofollow noopener\" target=\"_blank\">Ukrajinska Pravda<\/a>.<\/strong><\/p>\n<p><img alt=\"Forsvarssjef Oleksandr Syrskyj. Han og Fedorov skal ha v\u00e6rt uenige om mye.  Foto: HANDOUT \/ AFP \/ NTB\" class=\"_image_jw3bv_65 layout-component layout-normal\" data-fullscreen- data-track-element-type=\"Article image fullscreen\" data-track-name=\"ImageFullscreen\" decoding=\"async\" loading=\"lazy\" height=\"1425\" itemprop=\"image\"  src=\"https:\/\/www.europesays.com\/no\/wp-content\/uploads\/2026\/07\/f6c4cfc5-9749-3651-b2c9-1368002cd88a.jpeg\"  style=\"object-position:0% 0%\" width=\"2138\"\/>Forsvarssjef Oleksandr Syrskyj. Han og Fedorov skal ha v\u00e6rt uenige om mye.  Foto: HANDOUT \/ AFP \/ NTB<\/p>\n<p class=\"_paragraph_145nj_4 _paragraph_6fko5_10 layout-component text-serif-m layout-normal text-serif-m layout-padded\">Fedorov har nemlig v\u00e6rt sv\u00e6rt opptatt av \u00e5 modernisere forsvaret, forklarer Bukkvoll. Fedorov ville prioritere ny teknologi p\u00e5 bekostning av antall \u00abmann under v\u00e5pen\u00bb: <\/p>\n<p class=\"_paragraph_145nj_4 _paragraph_6fko5_10 layout-component text-serif-m layout-normal text-serif-m layout-padded\">\u2013 S\u00e6rlig forsvarssjef Syrskyj og andre i milit\u00e6rledelsen mener derimot at man ikke bare kan prioritere teknologi. Man m\u00e5 ogs\u00e5 ha menn ved fronten, forklarer Bukkvoll. <\/p>\n<p class=\"_paragraph_145nj_4 _paragraph_6fko5_10 layout-component text-serif-m layout-normal text-serif-m layout-padded\">Syrskyj er kjent for \u00e5 v\u00e6re en mann av den postsovjetiske, gamle skolen.<\/p>\n<p class=\"_paragraph_145nj_4 _paragraph_6fko5_10 layout-component text-serif-m layout-normal text-serif-m layout-padded\"><strong class=\"_strong_145nj_25\">\u2013 Det er ogs\u00e5 naturlig \u00e5 tenke at en sivil som har s\u00e5 sterke meninger om hvordan krigen skal f\u00f8res, ikke vil v\u00e6re enkelt for yrkesoffiserene \u00e5 svelge.<\/strong><\/p>\n<p class=\"_paragraph_145nj_4 _paragraph_6fko5_10 layout-component text-serif-m layout-normal text-serif-m layout-padded\">If\u00f8lge Ukrajinska Pravda stilte forsvarsledelsen til slutt et ultimatum: Zelenskyj m\u00e5tte enten velge Fedorov eller dem. <\/p>\n<p class=\"_paragraph_145nj_4 _paragraph_6fko5_10 layout-component text-serif-m layout-normal text-serif-m layout-padded\">\u2013 Jeg tror ikke det var enkelt for Zelenskyj, men det er skummelt for et land i krig \u00e5 bytte ut store deler av forsvarsledelsen midt i krigen, sier Bukkvoll og sikter til at Zelenskyj endte med \u00e5 beholde forsvarsledelsen i stedet for Fedorov. <\/p>\n<p><img alt=\"President Zelenskyj med forsvarssjef Oleksandr Syrskyj i desember 2024.  Foto: GENYA SAVILOV \/ AFP \/ NTB\" class=\"_image_jw3bv_65 layout-component layout-normal\" data-fullscreen- data-track-element-type=\"Article image fullscreen\" data-track-name=\"ImageFullscreen\" decoding=\"async\" loading=\"lazy\" height=\"5504\" itemprop=\"image\"  src=\"https:\/\/www.europesays.com\/no\/wp-content\/uploads\/2026\/07\/0d5e4692-9d91-34ec-910e-d36fe5244187.jpeg\"  style=\"object-position:0% 0%\" width=\"8256\"\/>President Zelenskyj med forsvarssjef Oleksandr Syrskyj i desember 2024.  Foto: GENYA SAVILOV \/ AFP \/ NTB<\/p>\n<p class=\"_paragraph_145nj_4 _paragraph_6fko5_10 layout-component text-serif-m layout-normal text-serif-m layout-padded\">Han tror ikke avgj\u00f8relsen n\u00f8dvendigvis vil ha store konsekvenser for krigens gang. Det kan muligens g\u00e5 verre utover Zelenskyjs popularitet. <\/p>\n<p>Store demonstrasjoner<\/p>\n<p class=\"_paragraph_145nj_4 _paragraph_6fko5_10 layout-component text-serif-m layout-normal text-serif-m layout-padded\">Fedorov har nemlig v\u00e6rt en sv\u00e6rt popul\u00e6r forsvarsminister. <\/p>\n<p class=\"_paragraph_145nj_4 _paragraph_6fko5_10 layout-component text-serif-m layout-normal text-serif-m layout-padded\">\u2013 Han har sagt tydelig at gjennom \u00e5 teknologisere krigf\u00f8ringen kan man senke byrden p\u00e5 befolkningen og soldatene. Det er ikke rart at det er popul\u00e6rt. <\/p>\n<p class=\"_paragraph_145nj_4 _paragraph_6fko5_10 layout-component text-serif-m layout-normal text-serif-m layout-padded\">Han har ogs\u00e5 kj\u00f8rt en hard linje for \u00e5 rydde opp i korrupsjon i Forsvaret. <\/p>\n<p class=\"_paragraph_145nj_4 _paragraph_6fko5_10 layout-component text-serif-m layout-normal text-serif-m layout-padded\">Da det ble kjent at han ble sparket, br\u00f8t det derfor ut store demonstrasjoner i den ukrainske hovedstaden Kyiv og andre byer torsdag. <\/p>\n<ul class=\"_gallery_1qa3s_23\" tabindex=\"0\">\n<li class=\"_item_1qa3s_37\" data-index=\"0\"><img decoding=\"async\" class=\"_image_foru8_23 _articleGallery_foru8_39\" data-fullscreen- width=\"5568\" height=\"3662\" itemprop=\"image\" loading=\"lazy\"  src=\"https:\/\/www.europesays.com\/no\/wp-content\/uploads\/2026\/07\/ecc0896a-ca6d-3679-b342-39e6624a32a6.jpeg\"  style=\"object-position:50% 50%;aspect-ratio:var(--gallery-aspect-ratio, 16 \/ 9)\"\/>Foto: MYKOLA TYS \/ EPA \/ NTB<\/li>\n<li class=\"_item_1qa3s_37\" data-index=\"1\"><img decoding=\"async\" class=\"_image_foru8_23 _articleGallery_foru8_39\" data-fullscreen- width=\"4939\" height=\"3293\" itemprop=\"image\" loading=\"lazy\"  src=\"https:\/\/www.europesays.com\/no\/wp-content\/uploads\/2026\/07\/14ddc54d-4949-3b7c-947a-62f6d8d4b0da.jpeg\"  style=\"object-position:50% 50%;aspect-ratio:var(--gallery-aspect-ratio, 16 \/ 9)\"\/>Foto: MAXYM MARUSENKO \/ EPA \/ NTB<\/li>\n<li class=\"_item_1qa3s_37\" data-index=\"2\"><img decoding=\"async\" class=\"_image_foru8_23 _articleGallery_foru8_39\" data-fullscreen- width=\"5477\" height=\"3651\" itemprop=\"image\" loading=\"lazy\"  src=\"https:\/\/www.europesays.com\/no\/wp-content\/uploads\/2026\/07\/957d63f4-c52f-3a8e-9c52-42f2afd22065.jpeg\"  style=\"object-position:50% 50%;aspect-ratio:var(--gallery-aspect-ratio, 16 \/ 9)\"\/>Foto: MYKOLA TYS \/ EPA \/ NTB<\/li>\n<\/ul>\n<p>Foto: MYKOLA TYS \/ EPA \/ NTB<\/p>\n<p class=\"_paragraph_145nj_4 _paragraph_6fko5_10 layout-component text-serif-m layout-normal text-serif-m layout-padded\">Stortingspolitiker Fr\u00f8lich h\u00e5per avsettelsen av den popul\u00e6re ministeren ikke g\u00e5r utover motivasjonen og samholdet i befolkningen. <\/p>\n<p class=\"_paragraph_145nj_4 _paragraph_6fko5_10 layout-component text-serif-m layout-normal text-serif-m layout-padded\">\u2013 Men det er ikke tvil om at dette er en pr\u00f8velse. Dette gj\u00f8r folk skuffet og sinte, sier han. <\/p>\n<p class=\"_paragraph_145nj_4 _paragraph_6fko5_10 layout-component text-serif-m layout-normal text-serif-m layout-padded\">Fr\u00f8lich har m\u00f8tt Fedorov flere ganger. Han beskriver han som en imponerende person. <\/p>\n<p><img alt=\"Foto: Peter Mydske \/ Stortinget\" class=\"_image_jw3bv_65 layout-component layout-normal\" data-fullscreen- data-track-element-type=\"Article image fullscreen\" data-track-name=\"ImageFullscreen\" decoding=\"async\" loading=\"lazy\" height=\"1201\" itemprop=\"image\"  src=\"https:\/\/www.europesays.com\/no\/wp-content\/uploads\/2026\/07\/a6789adc-19f3-3b97-8680-872623145ab4.jpeg\"  style=\"object-position:0% 0%\" width=\"1799\"\/>Foto: Peter Mydske \/ Stortinget<\/p>\n<p class=\"_paragraph_145nj_4 _paragraph_6fko5_10 layout-component text-serif-m layout-normal text-serif-m layout-padded\">Han understreker at Ukrainas demokratiske prosesser er deres eget anliggende, men at \u00abgode venner sier fra n\u00e5r man er uenig\u00bb.<\/p>\n<p class=\"_paragraph_145nj_4 _paragraph_6fko5_10 layout-component text-serif-m layout-normal text-serif-m layout-padded\">Men kan Zelenskyj ombestemme seg? <\/p>\n<p class=\"_paragraph_145nj_4 _paragraph_6fko5_10 layout-component text-serif-m layout-normal text-serif-m layout-padded\">\u2013 Han har gjort det f\u00f8r, sier forsker Bukkvoll. <\/p>\n<p class=\"_paragraph_145nj_4 _paragraph_6fko5_10 layout-component text-serif-m layout-normal text-serif-m layout-padded\">I <a href=\"https:\/\/www.vg.no\/nyheter\/i\/bmVgVv\/flere-tusen-demonstrerer-mot-omstridt-lovendring-i-kyiv-ifoelge-afp\" data-track-element-type=\"Link\" data-track-id=\"link:bmVgVv\" class=\"_link_145nj_39\" rel=\"nofollow noopener\" target=\"_blank\">juli 2025 br\u00f8t det nemlig ut demonstrasjoner<\/a> i Ukraina etter at parlamentet vedtok en lov som svekket uavhengigheten til to antikorrupsjonsorganer. <a href=\"https:\/\/www.vg.no\/nyheter\/i\/o3qV7R\/zelensky-har-reddet-seg-inn\" data-track-element-type=\"Link\" data-track-id=\"link:o3qV7R\" class=\"_link_145nj_39\" rel=\"nofollow noopener\" target=\"_blank\">Til slutt snudde Zelenskyj<\/a>. <\/p>\n<p><img alt=\"Ukrainere trakk ogs\u00e5 til gatene i 2025 for \u00e5 demonstrere mot Zelenskyj.  Foto: Roman Baluk \/ Reuters \/ NTB\" class=\"_image_jw3bv_65 layout-component layout-normal\" data-fullscreen- data-track-element-type=\"Article image fullscreen\" data-track-name=\"ImageFullscreen\" decoding=\"async\" loading=\"lazy\" height=\"3440\" itemprop=\"image\"  src=\"https:\/\/www.europesays.com\/no\/wp-content\/uploads\/2026\/07\/f86a02a2-3da6-4a75-949a-fa21c9d7cc4b.jpeg\"  style=\"object-position:0% 0%\" width=\"4986\"\/>Ukrainere trakk ogs\u00e5 til gatene i 2025 for \u00e5 demonstrere mot Zelenskyj.  Foto: Roman Baluk \/ Reuters \/ NTB<\/p>\n<p class=\"_paragraph_145nj_4 _paragraph_6fko5_10 layout-component text-serif-m layout-normal text-serif-m layout-padded\">Bukkvoll tror ikke det er like sannsynlig denne gangen. <\/p>\n<p class=\"_paragraph_145nj_4 _paragraph_6fko5_10 layout-component text-serif-m layout-normal text-serif-m layout-padded\">\u2013 Men man kan ikke utelukke det.<\/p>\n<p> Spionsjef tar jobben<\/p>\n<p class=\"_paragraph_145nj_4 _paragraph_6fko5_10 layout-component text-serif-m layout-normal text-serif-m layout-padded\">Fr\u00f8lich tror likevel ukrainerne vil komme seg gjennom pr\u00f8velsen. <\/p>\n<p class=\"_paragraph_145nj_4 _paragraph_6fko5_10 layout-component text-serif-m layout-normal text-serif-m layout-padded\">S\u00e6rlig positivt er det at <a href=\"https:\/\/www.politico.eu\/article\/volodymyr-zelenskyy-appoints-new-acting-defense-minister\/\" class=\"_link_145nj_39\" rel=\"nofollow noopener\" target=\"_blank\">Yevhenii Khmara har blitt utnevnt som ny midlertidig forsvarsminister<\/a>. Han har v\u00e6rt leder for de ukrainske sikkerhetsstyrkene SBU og spionsjef. <\/p>\n<p class=\"_paragraph_145nj_4 _paragraph_6fko5_10 layout-component text-serif-m layout-normal text-serif-m layout-padded\">\u2013 Han er en krigshelt og vil v\u00e6re en velfungerende minister, sier Fr\u00f8lich. <\/p>\n<p><img alt=\"Foto: UKRAINIAN PRESIDENTIAL PRESS SERVICE \/ Reuters \/ NTB\" class=\"_image_jw3bv_65 layout-component layout-normal\" data-fullscreen- data-track-element-type=\"Article image fullscreen\" data-track-name=\"ImageFullscreen\" decoding=\"async\" loading=\"lazy\" height=\"2001\" itemprop=\"image\"  src=\"https:\/\/www.europesays.com\/no\/wp-content\/uploads\/2026\/07\/6146667f-cab6-3ca7-bdae-256d7fe58f1a.jpeg\"  style=\"object-position:0% 0%\" width=\"3000\"\/>Foto: UKRAINIAN PRESIDENTIAL PRESS SERVICE \/ Reuters \/ NTB<\/p>\n<p class=\"_paragraph_145nj_4 _paragraph_6fko5_10 layout-component text-serif-m layout-normal text-serif-m layout-padded\">If\u00f8lge Fr\u00f8lich hadde han en sentral rolle i <a href=\"https:\/\/www.vg.no\/nyheter\/i\/3MGRMM\/ukrainas-hemmelige-spindelvev-slik-ble-40-russiske-bombefly-oedelagt\" data-track-element-type=\"Link\" data-track-id=\"link:3MGRMM\" class=\"_link_145nj_39\" rel=\"nofollow noopener\" target=\"_blank\">operasjon \u00abSpiderweb\u00bb<\/a> \u2013 et massivt droneangrep mot russiske bombefly i 2025. <\/p>\n<p class=\"_paragraph_145nj_4 _paragraph_6fko5_10 layout-component text-serif-m layout-normal text-serif-m layout-padded\">Fedorov skal ha blitt tilbudt en r\u00e5dgiverrolle av Zelenskyj, men takket nei, skriver <a href=\"https:\/\/www.euronews.com\/my-europe\/2026\/07\/16\/dismissed-defence-minister-fedorov-accuses-ukraines-army-chief-of-fuelling-divisions-incom\" class=\"_link_145nj_39\" rel=\"nofollow noopener\" target=\"_blank\">Euronews<\/a>.<\/p>\n","protected":false},"excerpt":{"rendered":"President Zelenskyj har avsatt forsvarsminister Mykhajlo Fedorov. Han hadde jobben i et halvt \u00e5r. Stor avstand mellom Fedorov&hellip;\n","protected":false},"author":2,"featured_media":296592,"comment_status":"","ping_status":"","sticky":false,"template":"","format":"standard","meta":{"footnotes":"","_share_on_mastodon":"0"},"categories":[5],"tags":[20,21,24,25,15,19,3137,22,23,17,18,13,30,28,29,14,16,26,27,489,488],"class_list":["post-296591","post","type-post","status-publish","format-standard","has-post-thumbnail","category-overskrifter","tag-breaking-news","tag-breakingnews","tag-featured-news","tag-featurednews","tag-headlines","tag-hovedoppslag","tag-kyiv","tag-latest-news","tag-latestnews","tag-main-news","tag-mainnews","tag-news","tag-no","tag-norge","tag-norway","tag-nyheter","tag-overskrifter","tag-top-stories","tag-topstories","tag-ukraina","tag-volodymyr-zelenskyj"],"share_on_mastodon":{"url":"https:\/\/pubeurope.com\/@no\/116938436449845040","error":""},"_links":{"self":[{"href":"https:\/\/www.europesays.com\/no\/wp-json\/wp\/v2\/posts\/296591","targetHints":{"allow":["GET"]}}],"collection":[{"href":"https:\/\/www.europesays.com\/no\/wp-json\/wp\/v2\/posts"}],"about":[{"href":"https:\/\/www.europesays.com\/no\/wp-json\/wp\/v2\/types\/post"}],"author":[{"embeddable":true,"href":"https:\/\/www.europesays.com\/no\/wp-json\/wp\/v2\/users\/2"}],"replies":[{"embeddable":true,"href":"https:\/\/www.europesays.com\/no\/wp-json\/wp\/v2\/comments?post=296591"}],"version-history":[{"count":0,"href":"https:\/\/www.europesays.com\/no\/wp-json\/wp\/v2\/posts\/296591\/revisions"}],"wp:featuredmedia":[{"embeddable":true,"href":"https:\/\/www.europesays.com\/no\/wp-json\/wp\/v2\/media\/296592"}],"wp:attachment":[{"href":"https:\/\/www.europesays.com\/no\/wp-json\/wp\/v2\/media?parent=296591"}],"wp:term":[{"taxonomy":"category","embeddable":true,"href":"https:\/\/www.europesays.com\/no\/wp-json\/wp\/v2\/categories?post=296591"},{"taxonomy":"post_tag","embeddable":true,"href":"https:\/\/www.europesays.com\/no\/wp-json\/wp\/v2\/tags?post=296591"}],"curies":[{"name":"wp","href":"https:\/\/api.w.org\/{rel}","templated":true}]}}