{"id":297013,"date":"2026-07-18T19:12:18","date_gmt":"2026-07-18T19:12:18","guid":{"rendered":"https:\/\/www.europesays.com\/no\/297013\/"},"modified":"2026-07-18T19:12:18","modified_gmt":"2026-07-18T19:12:18","slug":"chloe-fineman-forlater-saturday-night-live-etter-syv-sesonger","status":"publish","type":"post","link":"https:\/\/www.europesays.com\/no\/297013\/","title":{"rendered":"Chloe Fineman forlater Saturday Night Live etter syv sesonger"},"content":{"rendered":"<p class=\"subtitle \" style=\"\">Skuespilleren forlater TV-serien etter syv sesonger.\u00a0<\/p>\n<p>\n    R\u00d8PER: Komiker og skuespiller Chloe Fineman har f\u00e5tt folk til \u00e5 le p\u00e5 direktesendt TV i en \u00e5rrekke. N\u00e5 forlater hun programmet. Foto: Danny Moloshok\/ Reuters\n  <\/p>\n<p>Skuespilleren og komikeren\u00a0 Chloe Fineman (37) har v\u00e6rt en del av det direktesendte humor- og underholdningsprogrammet \u00abSaturday Night Live\u00bb i syv sesonger.<\/p>\n<p class=\"font-weight-bold m-font-weight-bold\" data-lab-font_weight=\"font-weight-bold\">Men n\u00e5 er det over.\u00a0<\/p>\n<p>I et langt innlegg publisert p\u00e5 Instagram, skriver Fineman at det \u00aber tid for neste kapittel.\u00bb<\/p>\n<p>    <a itemprop=\"url\" href=\"https:\/\/www.seher.no\/kjendis\/brudd-etter-seks-ar\/84909055\" rel=\"nofollow noopener\" target=\"_blank\"><\/p>\n<p>        <img loading=\"lazy\" decoding=\"async\" src=\"https:\/\/www.europesays.com\/no\/wp-content\/uploads\/2026\/07\/1784401934_793_84909301.webp\" width=\"147\" height=\"98\" alt=\"\" class=\"lazyload\" style=\"--aspect-ratio-image: 1.50; \"\/><\/p>\n<p>        Brudd etter seks \u00e5r<\/p>\n<p>    <\/a><\/p>\n<p>\u00abDet er en klisj\u00e9 \u00e5 si dette, men \u00e5 jobbe i &#8216;SNL&#8217; har v\u00e6rt det st\u00f8rste privilegiet i livet mitt. Jeg kan nesten fortsatt ikke tro at jeg fikk v\u00e6re en del av det. Jeg forelsket meg i stedet i det sekundet jeg gikk inn d\u00f8ren\u00bb, skriver hun videre.\u00a0<\/p>\n<p>        <img loading=\"lazy\" decoding=\"async\" src=\"https:\/\/www.europesays.com\/no\/wp-content\/uploads\/2026\/07\/84914040.webp\" width=\"667\" height=\"447\" alt=\"\" class=\"\" style=\"--aspect-ratio-image: 1.49; \"\/><\/p>\n<p>\n        P\u00c5 MOTESHOW: Emily Ratajkowski og Chloe Fineman fotografert sammen under et moteshow i 2022. Foto: Stephen Lovekin \/ Shutterstock \/ NTB\n    <\/p>\n<p>Hun legger til at det er vanskelig \u00e5 forlate programmet, men at det f\u00f8les som riktig tidspunkt.<\/p>\n<p>\u00abJeg kommer til \u00e5 savne det veldig. Men folkene som jobber der, er familien min, og det stedet er hjemmet mitt, og jeg vet at jeg aldri vil v\u00e6re for langt unna\u00bb, fortsetter 37-\u00e5ringen.\u00a0<\/p>\n<p>        LAKENSKREKK: \u00abBelow Deck\u00bb-profilen trues med \u00e5 bli sparket da det blir avsl\u00f8rt hva han gjort i sjefen sin seng. Video: \u00abBelow Deck: Mediterranean\u00bb\/ TV 2 Play, Sanne Holt\/ R\u00f8d L\u00f8per<\/p>\n<p>Fineman ble en del av gjengen tilbake i 2019, og ble raskt kjent for sitt brede spekter av imitasjoner, blant annet av Jennifer Coolidge (64), Timoth\u00e9e Chalamet (30), Drew Barrymore (51), Britney Spears (44) og JoJo Siwa (23).<\/p>\n<p>            <a href=\"https:\/\/www.seher.no\/reise\/gratulerer-du-fant-flaskeposten\/73889659?utm_tags=ext-camp&amp;utm_source=se%20og%20h\u00f8r%20artikkel&amp;utm_medium=web&amp;utm_campaign=flaskeposten-trafikk&amp;utm_term=vinner-banner\" rel=\"nofollow noopener\" target=\"_blank\"><img decoding=\"async\" src=\"https:\/\/www.europesays.com\/no\/wp-content\/uploads\/2026\/07\/1784401938_558_980x441_Flaskeposten 2025_medium.gif\"\/><\/a><\/p>\n","protected":false},"excerpt":{"rendered":"Skuespilleren forlater TV-serien etter syv sesonger.\u00a0 R\u00d8PER: Komiker og skuespiller Chloe Fineman har f\u00e5tt folk til \u00e5 le&hellip;\n","protected":false},"author":2,"featured_media":297014,"comment_status":"","ping_status":"","sticky":false,"template":"","format":"standard","meta":{"footnotes":"","_share_on_mastodon":"0"},"categories":[58],"tags":[24446,71,479,2543,30,28,29,24447,72],"class_list":["post-297013","post","type-post","status-publish","format-standard","has-post-thumbnail","category-underholdning","tag-chloe-fineman","tag-entertainment","tag-kjendis","tag-kjendisdesken","tag-no","tag-norge","tag-norway","tag-saturday-night-live","tag-underholdning"],"share_on_mastodon":{"url":"https:\/\/pubeurope.com\/@no\/116942572334057453","error":""},"_links":{"self":[{"href":"https:\/\/www.europesays.com\/no\/wp-json\/wp\/v2\/posts\/297013","targetHints":{"allow":["GET"]}}],"collection":[{"href":"https:\/\/www.europesays.com\/no\/wp-json\/wp\/v2\/posts"}],"about":[{"href":"https:\/\/www.europesays.com\/no\/wp-json\/wp\/v2\/types\/post"}],"author":[{"embeddable":true,"href":"https:\/\/www.europesays.com\/no\/wp-json\/wp\/v2\/users\/2"}],"replies":[{"embeddable":true,"href":"https:\/\/www.europesays.com\/no\/wp-json\/wp\/v2\/comments?post=297013"}],"version-history":[{"count":0,"href":"https:\/\/www.europesays.com\/no\/wp-json\/wp\/v2\/posts\/297013\/revisions"}],"wp:featuredmedia":[{"embeddable":true,"href":"https:\/\/www.europesays.com\/no\/wp-json\/wp\/v2\/media\/297014"}],"wp:attachment":[{"href":"https:\/\/www.europesays.com\/no\/wp-json\/wp\/v2\/media?parent=297013"}],"wp:term":[{"taxonomy":"category","embeddable":true,"href":"https:\/\/www.europesays.com\/no\/wp-json\/wp\/v2\/categories?post=297013"},{"taxonomy":"post_tag","embeddable":true,"href":"https:\/\/www.europesays.com\/no\/wp-json\/wp\/v2\/tags?post=297013"}],"curies":[{"name":"wp","href":"https:\/\/api.w.org\/{rel}","templated":true}]}}