{"id":29712,"date":"2025-09-08T13:17:10","date_gmt":"2025-09-08T13:17:10","guid":{"rendered":"https:\/\/www.europesays.com\/no\/29712\/"},"modified":"2025-09-08T13:17:10","modified_gmt":"2025-09-08T13:17:10","slug":"trodde-prins-harry-og-prinsesse-kate-skulle-bli-et-par","status":"publish","type":"post","link":"https:\/\/www.europesays.com\/no\/29712\/","title":{"rendered":"Trodde prins Harry og prinsesse Kate skulle bli et par"},"content":{"rendered":"<p class=\"kicker \" style=\"\">Prinsesse Kate og prins Harry:<\/p>\n<p>  Kongelig butler kommer med overraskende avsl\u00f8ringer i ny bok.<\/p>\n<p>\n    BESTEVENNER: Kong Charles&#8217; tidligere butler minnes en tid hvor prins Harry og prinsesse Kate var sv\u00e6rt n\u00e6re. Foto: Andrew Parsons\/Reuters\/NTB\n  <\/p>\n<p>    Kort fortalt<\/p>\n<ul lang=\"nb-NO\">\n<li>Grant Harrold, tidligere butler for kong Charles, gir innsikt i kongefamilien i sin nye bok \u00abThe Royal Butler\u00bb.<\/li>\n<li>Harrold avsl\u00f8rer at han trodde prinsesse Kate ville ende opp med prins Harry, ikke prins William.<\/li>\n<li>Harry og Kate hadde et n\u00e6rt vennskap, men Harry oppmuntret William til \u00e5 vinne Kate tilbake.<\/li>\n<li>Forholdet mellom Harry og Kate er n\u00e5 anstrengt etter Harrys flytting til California.<\/li>\n<\/ul>\n<p class=\"italic ai-disclaimer\" data-lab-italic=\"italic\">Sammendraget er laget av ChatGPT og godkjent av Dagbladet.<\/p>\n<p>      Vis mer<br \/>\n      Vis mindre<\/p>\n<p>Som en av <a href=\"https:\/\/www.dagbladet.no\/kjendis\/elleve-av-tolv-har-sluttet\/83367952\" rel=\"nofollow noopener\" target=\"_blank\">kong Charles (76)<\/a> tidligere butlere har Grant Harrold over lengre tid bodd tett p\u00e5 den britiske kongefamilien, og vet dermed bedre enn de fleste hva som r\u00f8rer seg innenfor husets (eller Slottets) fire vegger.\u00a0<\/p>\n<p>I september kommer han med boka\u00a0\u00abThe Royal Butler\u00bb, hvor han forteller om sitt liv som kongelig butler, samt\u00a0deler innsikt i og hittil ukjente historier fra sin tid med kongefamilien.<\/p>\n<p>        GOD FORM: \u00abBloggerne\u00bb-profilen Anny Isabella r\u00f8per at det som oftest er et annet kj\u00f8nn involvert n\u00e5r hun skal holde seg i form. Video: TV 2\/ R\u00f8d L\u00f8per<\/p>\n<p>Han kommer ogs\u00e5 med en aldri s\u00e5 liten avsl\u00f8ring. Harrold skriver nemlig at han trodde at <a href=\"https:\/\/www.dagbladet.no\/kjendis\/flytter-til-historisk-eiendom\/83466253\" rel=\"nofollow noopener\" target=\"_blank\">prinsesse Kate (43)<\/a> skulle ende opp med prins Harry (40), og ikke hans eldre bror prins William (43).<\/p>\n<p>&#8211; De kom s\u00e5 godt overens, forteller Harrold til amerikanske <a href=\"https:\/\/www.usmagazine.com\/celebrity-news\/news\/former-royal-butler-thought-prince-harry-and-kate-middleton-would-date\/\" rel=\"nofollow noopener\" target=\"_blank\">Us Weekly<\/a>.<\/p>\n<p>          <img loading=\"lazy\" decoding=\"async\" src=\"https:\/\/www.europesays.com\/no\/wp-content\/uploads\/2025\/09\/83562025.webp\" width=\"686\" height=\"474\" title=\"TRIO: William, Kate og Harry sammen i 2011. Foto: Arthur Edwards\/Reuters\/NTB\" alt=\"\" class=\"\" style=\"--aspect-ratio-image: 1.45; \"\/><\/p>\n<p>\n          TRIO: William, Kate og Harry sammen i 2011. Foto: Arthur Edwards\/Reuters\/NTB\n      <\/p>\n<p>Prins William og prinsesse Kate m\u00f8ttes for f\u00f8rste gang p\u00e5 universitetet i 2001 og ble raskt et par. I 2007 <a href=\"https:\/\/www.dagbladet.no\/kjendis\/slo-opp-i-2007-na-skal-arsaken-vaere-avslort\/70536634\" rel=\"nofollow noopener\" target=\"_blank\">gjorde de det slutt i en lengre periode<\/a>. Bruddet omtalte William selv i et intervju med britisk presse etter at de kunngjorde forlovelsen i 2010.<\/p>\n<p>&#8211; Vi gjorde det slutt i en kort periode. Vi var veldig unge. Det var p\u00e5 universitetet, og vi pr\u00f8vde begge \u00e5 finne oss selv, vi vokste opp og trengte litt albuerom, forklarte han den gang.<\/p>\n<p>    <a itemprop=\"url\" href=\"https:\/\/www.dagbladet.no\/kjendis\/dumpet-henne-over-telefonen\/72945539\" rel=\"nofollow noopener\" target=\"_blank\"><\/p>\n<p>      <img loading=\"lazy\" decoding=\"async\" src=\"https:\/\/www.europesays.com\/no\/wp-content\/uploads\/2025\/09\/72945593.webp\" width=\"147\" height=\"98\" title=\"- Dumpet henne over telefonen\" alt=\"\" class=\"lazyload\" style=\"--aspect-ratio-image: 1.50; \"\/><\/p>\n<p>        &#8211; Dumpet henne over telefonen<\/p>\n<p>    <\/a><\/p>\n<p>N\u00e5 bringer\u00a0Harrold ny informasjon til bordet. Riktignok ikke om William, men om lillebror Harry. If\u00f8lge Harrold ville det nemlig ikke overrasket ham om Harry og Kate begynte \u00e5 date.<\/p>\n<p class=\"font-weight-bold m-font-weight-bold\" data-lab-font_weight=\"font-weight-bold\">&#8211; Jeg husker da William og Kate gikk fra hverandre: Harry og Kate kom s\u00e5 godt overens at jeg til og med tenkte at kanskje Harry og hun skulle bli sammen. De var s\u00e5 n\u00e6re. De var bestevenner, og jeg ville ikke ha blitt overrasket om Harry tenkte: \u00abHun er ei pen jente. Broren min ville ikke ha henne. Jeg tar henne\u00bb.<\/p>\n<p>          <img loading=\"lazy\" decoding=\"async\" src=\"https:\/\/www.europesays.com\/no\/wp-content\/uploads\/2025\/09\/83562017.webp\" width=\"686\" height=\"536\" title=\"DEN GANG DA: Prinsesse Kate med prinsesse Charlotte p\u00e5 armen, prins Harry, prins George og prins William p\u00e5 balkongen ved Buckingham Palace under Trooping the Colour i 2016. Foto: Splash News \/ NTB\" alt=\"\" class=\"\" style=\"--aspect-ratio-image: 1.28; \"\/><\/p>\n<p>\n          DEN GANG DA: Prinsesse Kate med prinsesse Charlotte p\u00e5 armen, prins Harry, prins George og prins William p\u00e5 balkongen ved Buckingham Palace under Trooping the Colour i 2016. Foto: Splash News \/ NTB\n      <\/p>\n<p>Slik ble det ikke. If\u00f8lge Harrold skal Harry i stedet oppmuntret broren til \u00e5 vinne Kate tilbake.<\/p>\n<p>&#8211; Harry ville definitivt ha sagt til broren sin: \u00abDu er gal\u00bb. Jeg er sikker p\u00e5 det. Vi tenkte alle det samme: \u00abDette er feil\u00bb. Fordi de var et s\u00e5 godt par sammen.<\/p>\n<p>        R\u00d8D L\u00d8PER: Influenserparet Lisa og Henrik Borg hadde med seg SVT under f\u00f8dselen av deres s\u00f8nn Charlie. Reporter: Thea Hope \/ Edward Stenlund. Video: SVT<\/p>\n<p>William og Kate forlovet seg i 2010 og giftet seg \u00e5ret etter. Sammen har de barna prins George (12), prinsesse Charlotte (10) og prins Louis (7).<\/p>\n<p>          <img loading=\"lazy\" decoding=\"async\" src=\"https:\/\/www.europesays.com\/no\/wp-content\/uploads\/2025\/09\/83562026.webp\" width=\"686\" height=\"433\" title=\"GIFT: Prins Harry giftet seg med hertuginne Meghan i 2018. Foto: Splash News \/ NTB\" alt=\"\" class=\"\" style=\"--aspect-ratio-image: 1.58; \"\/><\/p>\n<p>\n          GIFT: Prins Harry giftet seg med hertuginne Meghan i 2018. Foto: Splash News \/ NTB\n      <\/p>\n<p>Harry er p\u00e5 sin side gift med hertuginne Meghan (44), som han har barna prins Archie (6) og prinsesse Lilibet (4) med.\u00a0<\/p>\n<p>I dag er forholdet mellom Harry og Kate tilsynelatende anstrengt, etter at Harry og kona flyttet til California og trakk seg fra sine kongelige plikter tilbake i 2020.<\/p>\n","protected":false},"excerpt":{"rendered":"Prinsesse Kate og prins Harry: Kongelig butler kommer med overraskende avsl\u00f8ringer i ny bok. BESTEVENNER: Kong Charles&#8217; tidligere&hellip;\n","protected":false},"author":2,"featured_media":29713,"comment_status":"","ping_status":"","sticky":false,"template":"","format":"standard","meta":{"footnotes":""},"categories":[58],"tags":[1893,71,1299,479,76,30,28,29,75,4636,4387,72],"class_list":{"0":"post-29712","1":"post","2":"type-post","3":"status-publish","4":"format-standard","5":"has-post-thumbnail","7":"category-underholdning","8":"tag-det-britiske-kongehuset","9":"tag-entertainment","10":"tag-hertuginne-meghan","11":"tag-kjendis","12":"tag-kongelig","13":"tag-no","14":"tag-norge","15":"tag-norway","16":"tag-prins-harry","17":"tag-prins-william","18":"tag-prinsesse-kate","19":"tag-underholdning"},"share_on_mastodon":{"url":"","error":""},"_links":{"self":[{"href":"https:\/\/www.europesays.com\/no\/wp-json\/wp\/v2\/posts\/29712","targetHints":{"allow":["GET"]}}],"collection":[{"href":"https:\/\/www.europesays.com\/no\/wp-json\/wp\/v2\/posts"}],"about":[{"href":"https:\/\/www.europesays.com\/no\/wp-json\/wp\/v2\/types\/post"}],"author":[{"embeddable":true,"href":"https:\/\/www.europesays.com\/no\/wp-json\/wp\/v2\/users\/2"}],"replies":[{"embeddable":true,"href":"https:\/\/www.europesays.com\/no\/wp-json\/wp\/v2\/comments?post=29712"}],"version-history":[{"count":0,"href":"https:\/\/www.europesays.com\/no\/wp-json\/wp\/v2\/posts\/29712\/revisions"}],"wp:featuredmedia":[{"embeddable":true,"href":"https:\/\/www.europesays.com\/no\/wp-json\/wp\/v2\/media\/29713"}],"wp:attachment":[{"href":"https:\/\/www.europesays.com\/no\/wp-json\/wp\/v2\/media?parent=29712"}],"wp:term":[{"taxonomy":"category","embeddable":true,"href":"https:\/\/www.europesays.com\/no\/wp-json\/wp\/v2\/categories?post=29712"},{"taxonomy":"post_tag","embeddable":true,"href":"https:\/\/www.europesays.com\/no\/wp-json\/wp\/v2\/tags?post=29712"}],"curies":[{"name":"wp","href":"https:\/\/api.w.org\/{rel}","templated":true}]}}