{"id":29717,"date":"2025-09-08T13:43:50","date_gmt":"2025-09-08T13:43:50","guid":{"rendered":"https:\/\/www.europesays.com\/no\/29717\/"},"modified":"2025-09-08T13:43:50","modified_gmt":"2025-09-08T13:43:50","slug":"absurd-kunne-blitt-stygt","status":"publish","type":"post","link":"https:\/\/www.europesays.com\/no\/29717\/","title":{"rendered":"Absurd: &#8211; Kunne blitt stygt"},"content":{"rendered":"<p>  Kaptein Martin \u00d8degaard fikk ikke med seg Erling Braut Haalands smell.\u00a0<\/p>\n<p>\n    DAGEN F\u00d8R DAGEN: Erling Braut Haaland p\u00e5 mandagens trening. Foto: Terje Pedersen \/ NTB\n  <\/p>\n<ul class=\"font-weight-bold m-font-weight-bold\" data-lab-font_weight=\"font-weight-bold\">\n<li>Norge &#8211; Moldova, tirsdag klokka 20.45<\/li>\n<\/ul>\n<p>ULLEVAAL (Dagbladet): &#8211;\u00a0\u00a0Jeg har ikke v\u00e6rt borti noe liknende. Godt det ikke gikk verre. Dette kunne blitt litt stygt, men det ser ut til at det g\u00e5r bra, svarer \u00d8degaard p\u00e5 VGs sp\u00f8rsm\u00e5l.<\/p>\n<p>Sp\u00f8rsm\u00e5let han svarer p\u00e5 er om han har sett liknende skade som det Erling Braut Haaland p\u00e5dro seg da <a href=\"https:\/\/www.dagbladet.no\/sport\/slatt-ut-av-en-bussdor\/83559740\" rel=\"nofollow noopener\" target=\"_blank\">han krasjet med bussd\u00f8ra utenfor hotellet p\u00e5 Storo<\/a> s\u00f8ndag.\u00a0<\/p>\n<p>        D\u00d8R: Erling Braut Haaland fikk et ublidt m\u00f8te med bussen, og det fikk landslagskapteinen til \u00e5 dra p\u00e5 smileb\u00e5ndet. Video: NTB, S\u00f8r\u00f8 Olsen\/Dagbladet TV-sporten<\/p>\n<p>&#8211; Sl\u00e5tt ut av en bussd\u00f8r, skrev Haaland p\u00e5 Snapchat-story.<\/p>\n<p>Deretter delte han flere bilder av eget ansikt, hvor han hadde sydd det han hevdet var tre sting under leppa.<\/p>\n<p>    <a itemprop=\"url\" href=\"https:\/\/www.dagbladet.no\/sport\/reagerte-med-sjokk\/83561237\" rel=\"nofollow noopener\" target=\"_blank\"><\/p>\n<p>      <img loading=\"lazy\" decoding=\"async\" src=\"https:\/\/www.europesays.com\/no\/wp-content\/uploads\/2025\/09\/83561332.webp\" width=\"980\" height=\"441\" title=\"Reagerte med sjokk\" alt=\"\" class=\"lazyload\" style=\"--aspect-ratio-image: 2.22; \"\/><\/p>\n<p>        Reagerte med sjokk<\/p>\n<p>    <\/a><\/p>\n<p class=\"font-weight-bold m-font-weight-bold\" data-lab-font_weight=\"font-weight-bold\">\u00d8degaard sier p\u00e5 mandagens pressekonferanse at alt st\u00e5r bra til med spydspissen.\u00a0<\/p>\n<p>&#8211; Jeg s\u00e5 ikke den, men jeg h\u00f8rte at han fikk en d\u00f8r i trynet. Det h\u00f8rtes jo ikke bra ut, men det ser ut som det g\u00e5r fint med ham. Han har et lite kutt i trynet, men utenom det g\u00e5r det fint, sier kapteinen til Dagbladet.\u00a0<\/p>\n<p class=\"italic m-italic\" data-lab-italic=\"italic\">&#8211; Smilet er p\u00e5 plass?<\/p>\n<p>&#8211; Han smilte til frokosten. Det ser lovende ut.<\/p>\n<p>          <img loading=\"lazy\" decoding=\"async\" src=\"https:\/\/www.europesays.com\/no\/wp-content\/uploads\/2025\/09\/83562941.webp\" width=\"686\" height=\"638\" title=\"SMIL: Erling Braut Haaland delte dette bildet p\u00e5 Snapchat rett f\u00f8r mandagens trening. Foto: Snapchat \/ erling.haaland\" alt=\"\" class=\"\" style=\"--aspect-ratio-image: 1.08; \"\/><\/p>\n<p>\n          SMIL: Erling Braut Haaland delte dette bildet p\u00e5 Snapchat rett f\u00f8r mandagens trening. Foto: Snapchat \/ erling.haaland\n      <\/p>\n<p class=\"font-weight-bold m-font-weight-bold\" data-lab-font_weight=\"font-weight-bold\">Heller ikke landslagssjefen fikk med seg hendelsen. Om dialogen med Haaland i etterkant sier han:<\/p>\n<p>&#8211; Jeg vet ikke hva han sier om situasjonen. Vi m\u00e5 v\u00e6re glad, det kunne faktisk g\u00e5tt ille det der. Fikk stoppet litt blod og var vel en tur hos tannlegen, tror jeg. Det er ikke noe frykt for kampen, sier St\u00e5le Solbakken til Dagbladet.\u00a0<\/p>\n","protected":false},"excerpt":{"rendered":"Kaptein Martin \u00d8degaard fikk ikke med seg Erling Braut Haalands smell.\u00a0 DAGEN F\u00d8R DAGEN: Erling Braut Haaland p\u00e5&hellip;\n","protected":false},"author":2,"featured_media":29718,"comment_status":"","ping_status":"","sticky":false,"template":"","format":"standard","meta":{"footnotes":""},"categories":[5],"tags":[20,21,24,25,92,15,19,22,23,17,18,13,30,28,29,14,16,83,26,27],"class_list":{"0":"post-29717","1":"post","2":"type-post","3":"status-publish","4":"format-standard","5":"has-post-thumbnail","7":"category-overskrifter","8":"tag-breaking-news","9":"tag-breakingnews","10":"tag-featured-news","11":"tag-featurednews","12":"tag-fotball","13":"tag-headlines","14":"tag-hovedoppslag","15":"tag-latest-news","16":"tag-latestnews","17":"tag-main-news","18":"tag-mainnews","19":"tag-news","20":"tag-no","21":"tag-norge","22":"tag-norway","23":"tag-nyheter","24":"tag-overskrifter","25":"tag-sport","26":"tag-top-stories","27":"tag-topstories"},"share_on_mastodon":{"url":"","error":""},"_links":{"self":[{"href":"https:\/\/www.europesays.com\/no\/wp-json\/wp\/v2\/posts\/29717","targetHints":{"allow":["GET"]}}],"collection":[{"href":"https:\/\/www.europesays.com\/no\/wp-json\/wp\/v2\/posts"}],"about":[{"href":"https:\/\/www.europesays.com\/no\/wp-json\/wp\/v2\/types\/post"}],"author":[{"embeddable":true,"href":"https:\/\/www.europesays.com\/no\/wp-json\/wp\/v2\/users\/2"}],"replies":[{"embeddable":true,"href":"https:\/\/www.europesays.com\/no\/wp-json\/wp\/v2\/comments?post=29717"}],"version-history":[{"count":0,"href":"https:\/\/www.europesays.com\/no\/wp-json\/wp\/v2\/posts\/29717\/revisions"}],"wp:featuredmedia":[{"embeddable":true,"href":"https:\/\/www.europesays.com\/no\/wp-json\/wp\/v2\/media\/29718"}],"wp:attachment":[{"href":"https:\/\/www.europesays.com\/no\/wp-json\/wp\/v2\/media?parent=29717"}],"wp:term":[{"taxonomy":"category","embeddable":true,"href":"https:\/\/www.europesays.com\/no\/wp-json\/wp\/v2\/categories?post=29717"},{"taxonomy":"post_tag","embeddable":true,"href":"https:\/\/www.europesays.com\/no\/wp-json\/wp\/v2\/tags?post=29717"}],"curies":[{"name":"wp","href":"https:\/\/api.w.org\/{rel}","templated":true}]}}