{"id":297181,"date":"2026-07-19T02:37:15","date_gmt":"2026-07-19T02:37:15","guid":{"rendered":"https:\/\/www.europesays.com\/no\/297181\/"},"modified":"2026-07-19T02:37:15","modified_gmt":"2026-07-19T02:37:15","slug":"russiske-raketter-har-truffet-ukrainas-hovedstad-kyiv","status":"publish","type":"post","link":"https:\/\/www.europesays.com\/no\/297181\/","title":{"rendered":"Russiske raketter har truffet Ukrainas hovedstad Kyiv"},"content":{"rendered":"\n<p class=\"_lead_145nj_2 _lead_6fko5_53 layout-component text-serif-m layout-normal text-serif-l layout-component layout-wide layout-padded _wide_17hqh_1 layout-padded\">Flere russiske raketter har truffet Ukrainas hovedstad. <\/p>\n<p><img alt=\"En brannmann arbeider ved en boligblokk som ble skadet under russiske rakettangrep, mens Russlands angrep p\u00e5 Ukraina p\u00e5g\u00e5r, i Kyiv, Ukraina, 19. juli 2026. Foto: Gleb Garanich \/ Reuters \/ NTB\" class=\"_image_jw3bv_65 layout-component layout-wide\" data-fullscreen- data-track-element-type=\"Article image fullscreen\" data-track-name=\"ImageFullscreen\" fetchpriority=\"high\" decoding=\"sync\" loading=\"eager\" height=\"3667\" itemprop=\"image\"  src=\"https:\/\/www.europesays.com\/no\/wp-content\/uploads\/2026\/07\/9f3ff7be-eb01-32c8-97f7-c63b767222a9.jpeg\"  style=\"object-position:0% 0%\" width=\"5500\"\/>En brannmann arbeider ved en boligblokk som ble skadet under russiske rakettangrep, mens Russlands angrep p\u00e5 Ukraina p\u00e5g\u00e5r, i Kyiv, Ukraina, 19. juli 2026. Foto: Gleb Garanich \/ Reuters \/ NTB<\/p>\n<ul aria-hidden=\"true\" class=\"_images_ntbth_112\">\n<li><a class=\"_link_ntbth_117\" href=\"https:\/\/www.vg.no\/forfatter\/hedda-kurseth\" style=\"z-index:1\" title=\"Hedda Kurseth\" rel=\"nofollow noopener\" target=\"_blank\"><img alt=\"Bilde av Hedda Kurseth\" class=\"_image_ntbth_93\" fetchpriority=\"low\" loading=\"lazy\" decoding=\"async\" itemprop=\"image\"  src=\"https:\/\/www.europesays.com\/no\/wp-content\/uploads\/2026\/07\/1784428632_514_b6ad06ce-2f4e-4492-9dd9-7cfbdae81f6d.jpeg\"  width=\"480\"\/><\/a><\/li>\n<\/ul>\n<p> Oppdatert s\u00f8ndag 19. juli kl. 03:51     <\/p>\n<p class=\"_paragraph_145nj_4 _paragraph_6fko5_10 layout-component text-serif-m layout-normal text-serif-m layout-padded\">Minst syv personer er skadet etter russisk luftangrep mot Ukrainas hovedstad <a href=\"https:\/\/www.vg.no\/tag\/kyiv?utm_source=vg-article&amp;utm_medium=auto-tagger&amp;utm_campaign=XM4y0o\" class=\"_link_145nj_39\" rel=\"nofollow noopener\" target=\"_blank\">Kyiv<\/a> natt til s\u00f8ndag.<\/p>\n<p class=\"_paragraph_145nj_4 _paragraph_6fko5_10 layout-component text-serif-m layout-normal text-serif-m layout-padded\">Det opplyser byens ordf\u00f8rer, Vitalij Klitsjko, p\u00e5 <a href=\"https:\/\/web.telegram.org\/a\/#-1001290660837\" class=\"_link_145nj_39\" rel=\"nofollow noopener\" target=\"_blank\">Telegram<\/a>. Seks av de skadede er innlagt p\u00e5 sykehus, mens \u00e9n f\u00e5r behandling p\u00e5 stedet.<\/p>\n<p class=\"_paragraph_145nj_4 _paragraph_6fko5_10 layout-component text-serif-m layout-normal text-serif-m layout-padded\">If\u00f8lge Klitsjko har angrepet utl\u00f8st flere branner og f\u00f8rt til skader p\u00e5 boliger, kontorbygg, et supermarked, lagerlokaler og andre n\u00e6ringsbygg i flere bydeler av byen. Vrakrester fra nedskutte m\u00e5l har blant annet truffet boligomr\u00e5der, der \u00e9n person ble reddet ut fra en boligblokk.<\/p>\n<p><img alt=\"En brannmann arbeider ved en boligblokk som ble skadet under russiske rakettangrep, mens Russlands angrep p\u00e5 Ukraina p\u00e5g\u00e5r, i Kyiv, Ukraina, 19. juli 2026.  Foto: Gleb Garanich \/ Reuters \/ NTB\" class=\"_image_jw3bv_65 layout-component layout-normal\" data-fullscreen- data-track-element-type=\"Article image fullscreen\" data-track-name=\"ImageFullscreen\" decoding=\"async\" loading=\"lazy\" height=\"4000\" itemprop=\"image\"  src=\"https:\/\/www.europesays.com\/no\/wp-content\/uploads\/2026\/07\/b489e832-0e26-3ae3-ac92-94ae01c52b99.jpeg\"  style=\"object-position:0% 0%\" width=\"6000\"\/>En brannmann arbeider ved en boligblokk som ble skadet under russiske rakettangrep, mens Russlands angrep p\u00e5 Ukraina p\u00e5g\u00e5r, i Kyiv, Ukraina, 19. juli 2026.  Foto: Gleb Garanich \/ Reuters \/ NTB<\/p>\n<p class=\"_paragraph_145nj_4 _paragraph_6fko5_10 layout-component text-serif-m layout-normal text-serif-m layout-padded\">N\u00f8detatene arbeider fortsatt p\u00e5 de ber\u00f8rte stedene, og det er forel\u00f8pig uklart hvor store materielle skader angrepet har for\u00e5rsaket.<\/p>\n<p class=\"_paragraph_145nj_4 _paragraph_6fko5_10 layout-component text-serif-m layout-normal text-serif-m layout-padded\">Klitsjko opplyser ogs\u00e5 at en fem etasjer h\u00f8y boligblokk i Solomjanskyj-distriktet har tatt fyr. Fire beboere er s\u00e5 langt reddet ut gjennom vinduene.<\/p>\n<p><img alt=\"Nattehimmelen lyser opp i Kyiv etter de russiske angrepene.  Foto: EUGENE KOTENKO \/ AFP \/ NTB\" class=\"_image_jw3bv_65 layout-component layout-normal\" data-fullscreen- data-track-element-type=\"Article image fullscreen\" data-track-name=\"ImageFullscreen\" decoding=\"async\" loading=\"lazy\" height=\"3892\" itemprop=\"image\"  src=\"https:\/\/www.europesays.com\/no\/wp-content\/uploads\/2026\/07\/e9d38537-17ac-3e8e-b8a3-f4717ffbbf0c.jpeg\"  style=\"object-position:0% 0%\" width=\"5885\"\/>Nattehimmelen lyser opp i Kyiv etter de russiske angrepene.  Foto: EUGENE KOTENKO \/ AFP \/ NTBFlere drept i Russland<\/p>\n<p class=\"_paragraph_145nj_4 _paragraph_6fko5_10 layout-component text-serif-m layout-normal text-serif-m layout-padded\">De russiske angrepene i Kyiv, skjer etter at Ukraina utf\u00f8rte et droneangrep mot et industribygg i Russland. <\/p>\n<p class=\"_paragraph_145nj_4 _paragraph_6fko5_10 layout-component text-serif-m layout-normal text-serif-m layout-padded\">If\u00f8lge lokale myndigheter ble syv personer drept og 24 s\u00e5ret i det ukrainske angrepet. <\/p>\n<p class=\"_paragraph_145nj_4 _paragraph_6fko5_10 layout-component text-serif-m layout-normal text-serif-m layout-padded\">Ukrainas president Volodymyr Zelenskyj bekrefter at de har truffet et m\u00e5l i Tambov-regionen, samt et m\u00e5l i Moskva-regionen, natt til l\u00f8rdag. Han omtaler m\u00e5lene som logistikkanlegg.<\/p>\n<p class=\"_paragraph_145nj_4 _paragraph_6fko5_10 layout-component text-serif-m layout-normal text-serif-m layout-padded\">\u2013 Aggressoren brukte anleggene til \u00e5 forsyne sanksjonerte komponenter for droneproduksjon og navigasjonsutstyr, skriver Zelenskyj p\u00e5\u00a0<a href=\"https:\/\/twitter.com\/ZelenskyyUa\/status\/2078391827598623180\" class=\"_link_145nj_39\" rel=\"nofollow noopener\" target=\"_blank\">X<\/a>.<\/p>\n<p>    <img decoding=\"async\" alt=\"Tips oss illustrasjon\" src=\"https:\/\/www.europesays.com\/no\/wp-content\/uploads\/2026\/07\/1784384354_559_pssst-small.webp\"\/>    <\/p>\n<p class=\"title-serif-s\">Har du tips?<\/p>\n<p class=\"text-sans-m\">Send oss informasjon, bilder eller video.<\/p>\n<p>  <a href=\"https:\/\/www.vg.no\/tips-oss\" rel=\"nofollow noopener\" target=\"_blank\"> Tips oss <\/a>      <script async src=\"https:\/\/platform.twitter.com\/widgets.js\" charset=\"utf-8\"><\/script><\/p>\n","protected":false},"excerpt":{"rendered":"Flere russiske raketter har truffet Ukrainas hovedstad. En brannmann arbeider ved en boligblokk som ble skadet under russiske&hellip;\n","protected":false},"author":2,"featured_media":297182,"comment_status":"","ping_status":"","sticky":false,"template":"","format":"standard","meta":{"footnotes":"","_share_on_mastodon":"0"},"categories":[12],"tags":[31,20,21,24,25,15,3137,22,23,13,30,28,29,14,16,26,27,489,42,43,44,45],"class_list":["post-297181","post","type-post","status-publish","format-standard","has-post-thumbnail","category-verden","tag-breaking","tag-breaking-news","tag-breakingnews","tag-featured-news","tag-featurednews","tag-headlines","tag-kyiv","tag-latest-news","tag-latestnews","tag-news","tag-no","tag-norge","tag-norway","tag-nyheter","tag-overskrifter","tag-top-stories","tag-topstories","tag-ukraina","tag-verden","tag-world","tag-world-news","tag-worldnews"],"share_on_mastodon":{"url":"https:\/\/pubeurope.com\/@no\/116944322793321931","error":""},"_links":{"self":[{"href":"https:\/\/www.europesays.com\/no\/wp-json\/wp\/v2\/posts\/297181","targetHints":{"allow":["GET"]}}],"collection":[{"href":"https:\/\/www.europesays.com\/no\/wp-json\/wp\/v2\/posts"}],"about":[{"href":"https:\/\/www.europesays.com\/no\/wp-json\/wp\/v2\/types\/post"}],"author":[{"embeddable":true,"href":"https:\/\/www.europesays.com\/no\/wp-json\/wp\/v2\/users\/2"}],"replies":[{"embeddable":true,"href":"https:\/\/www.europesays.com\/no\/wp-json\/wp\/v2\/comments?post=297181"}],"version-history":[{"count":0,"href":"https:\/\/www.europesays.com\/no\/wp-json\/wp\/v2\/posts\/297181\/revisions"}],"wp:featuredmedia":[{"embeddable":true,"href":"https:\/\/www.europesays.com\/no\/wp-json\/wp\/v2\/media\/297182"}],"wp:attachment":[{"href":"https:\/\/www.europesays.com\/no\/wp-json\/wp\/v2\/media?parent=297181"}],"wp:term":[{"taxonomy":"category","embeddable":true,"href":"https:\/\/www.europesays.com\/no\/wp-json\/wp\/v2\/categories?post=297181"},{"taxonomy":"post_tag","embeddable":true,"href":"https:\/\/www.europesays.com\/no\/wp-json\/wp\/v2\/tags?post=297181"}],"curies":[{"name":"wp","href":"https:\/\/api.w.org\/{rel}","templated":true}]}}