{"id":29719,"date":"2025-09-08T13:48:08","date_gmt":"2025-09-08T13:48:08","guid":{"rendered":"https:\/\/www.europesays.com\/no\/29719\/"},"modified":"2025-09-08T13:48:08","modified_gmt":"2025-09-08T13:48:08","slug":"har-ikke-fatt-sparken","status":"publish","type":"post","link":"https:\/\/www.europesays.com\/no\/29719\/","title":{"rendered":"&#8211; Har ikke f\u00e5tt sparken"},"content":{"rendered":"<p class=\"kicker \" style=\"\">Oslo<\/p>\n<p>  En mann skal ha tafset p\u00e5 kvinner f\u00f8r han l\u00f8p ut i T-banesporet, if\u00f8lge politiet.<\/p>\n<p>\n    RYKKET UT: Samtlige n\u00f8detater rykket ut til Carl Berner i Oslo. Foto: Trym Mogen \/ Dagbladet\n  <\/p>\n<p>Det var forsinkelser p\u00e5 alle linjene p\u00e5 T-banen i Oslo etter at en mann l\u00f8p ut i sporet p\u00e5 T\u00f8yen T-banestasjon mandag.<\/p>\n<p>Politiet opplyser at de fikk flere meldinger i forkant av hendelsen fra kvinner som oppga \u00e5 ha blitt utsatt for \u00abubehageligheter i form av \u00e5 bli tatt\u00bb p\u00e5 av mannen.<\/p>\n<p>Mannen l\u00f8p inn i tunnelen i retning Carl Berner stasjon da politiet ankom T-banestasjonen.<\/p>\n<p>I en oppdatering i Politiloggen klokka 14.50 skriver politiet at de har avsluttet s\u00f8ket, og at personen ikke oppholder seg i sporet n\u00e5.<\/p>\n<p>&#8211; T-banene g\u00e5r som normalt.<\/p>\n","protected":false},"excerpt":{"rendered":"Oslo En mann skal ha tafset p\u00e5 kvinner f\u00f8r han l\u00f8p ut i T-banesporet, if\u00f8lge politiet. RYKKET UT:&hellip;\n","protected":false},"author":2,"featured_media":29720,"comment_status":"","ping_status":"","sticky":false,"template":"","format":"standard","meta":{"footnotes":""},"categories":[12],"tags":[20,21,24,25,15,4795,22,23,13,30,28,29,14,16,83,26,27,42,43,44,45],"class_list":{"0":"post-29719","1":"post","2":"type-post","3":"status-publish","4":"format-standard","5":"has-post-thumbnail","7":"category-verden","8":"tag-breaking-news","9":"tag-breakingnews","10":"tag-featured-news","11":"tag-featurednews","12":"tag-headlines","13":"tag-jorn-andersen","14":"tag-latest-news","15":"tag-latestnews","16":"tag-news","17":"tag-no","18":"tag-norge","19":"tag-norway","20":"tag-nyheter","21":"tag-overskrifter","22":"tag-sport","23":"tag-top-stories","24":"tag-topstories","25":"tag-verden","26":"tag-world","27":"tag-world-news","28":"tag-worldnews"},"share_on_mastodon":{"url":"","error":""},"_links":{"self":[{"href":"https:\/\/www.europesays.com\/no\/wp-json\/wp\/v2\/posts\/29719","targetHints":{"allow":["GET"]}}],"collection":[{"href":"https:\/\/www.europesays.com\/no\/wp-json\/wp\/v2\/posts"}],"about":[{"href":"https:\/\/www.europesays.com\/no\/wp-json\/wp\/v2\/types\/post"}],"author":[{"embeddable":true,"href":"https:\/\/www.europesays.com\/no\/wp-json\/wp\/v2\/users\/2"}],"replies":[{"embeddable":true,"href":"https:\/\/www.europesays.com\/no\/wp-json\/wp\/v2\/comments?post=29719"}],"version-history":[{"count":0,"href":"https:\/\/www.europesays.com\/no\/wp-json\/wp\/v2\/posts\/29719\/revisions"}],"wp:featuredmedia":[{"embeddable":true,"href":"https:\/\/www.europesays.com\/no\/wp-json\/wp\/v2\/media\/29720"}],"wp:attachment":[{"href":"https:\/\/www.europesays.com\/no\/wp-json\/wp\/v2\/media?parent=29719"}],"wp:term":[{"taxonomy":"category","embeddable":true,"href":"https:\/\/www.europesays.com\/no\/wp-json\/wp\/v2\/categories?post=29719"},{"taxonomy":"post_tag","embeddable":true,"href":"https:\/\/www.europesays.com\/no\/wp-json\/wp\/v2\/tags?post=29719"}],"curies":[{"name":"wp","href":"https:\/\/api.w.org\/{rel}","templated":true}]}}