{"id":29727,"date":"2025-09-08T13:57:10","date_gmt":"2025-09-08T13:57:10","guid":{"rendered":"https:\/\/www.europesays.com\/no\/29727\/"},"modified":"2025-09-08T13:57:10","modified_gmt":"2025-09-08T13:57:10","slug":"reagerte-med-sjokk","status":"publish","type":"post","link":"https:\/\/www.europesays.com\/no\/29727\/","title":{"rendered":"Reagerte med sjokk"},"content":{"rendered":"<p>  Martin \u00d8degaard (26) om kaoset i sommer: &#8211; Jeg har sagt nok.\u00a0<\/p>\n<p>\n    PROMINENTE GJESTER: Kai Havertz og Sander Berge var begge til stede i bryllupet til Martin \u00d8degaard og Helene Spilling. If\u00f8lge \u00d8degaard ble gjestene sjokkert over pressedekningen. Foto: Kristian Ridder Nielsen \/ Dagbladet\n  <\/p>\n<ul>\n<li class=\"lab-bodytext-line font-weight-bold m-font-weight-bold\" data-lab-font_weight=\"font-weight-bold\">Norge &#8211; Moldova, tirsdag klokka 20.45<\/li>\n<\/ul>\n<p>ULLEVAAL (Dagbladet):\u00a0\u00a0&#8211; De var ganske sjokkerte. Utover det har jeg ikke lyst \u00e5 si s\u00e5 mye. Det var mye.\u00a0<\/p>\n<p>Det sier Martin \u00d8degaard til <a href=\"https:\/\/www.tv2.no\/sport\/superstjernene-reagerte-de-var-ganske-sjokkerte\/18075224\/\" rel=\"nofollow noopener\" target=\"_blank\">TV 2<\/a>. Landslagskapteinen snakker om <a href=\"https:\/\/www.dagbladet.no\/kjendis\/avslort-pa-luksusgard\/83249533\" rel=\"nofollow noopener\" target=\"_blank\">sommerens bryllup<\/a> som skapte gigantiske overskrifter f\u00f8r, underveis og ikke minst etterp\u00e5.\u00a0 If\u00f8lge 26-\u00e5ringen ble gjestene overrasket over interessen for den store festen.\u00a0<\/p>\n<p>Drammenseren hadde invitert landslagskollegaer, familie og venner. Noen av vennene ankom Norge i privatfly. Dagbladet og de andre norske mediene fulgte stjernene tett:\u00a0<\/p>\n<p> Mandag m\u00f8ter \u00d8degaard pressen f\u00f8r tirsdagens VM-kvalifiseringskamp mot Moldova. P\u00e5 pressekonferansen f\u00e5r han sp\u00f8rsm\u00e5l om sommerens begivenhet. <\/p>\n<p class=\"font-weight-bold m-font-weight-bold\" data-lab-font_weight=\"font-weight-bold\">&#8211; Det var mediedekningen de var sjokkert over. Jeg har ikke s\u00e5 mye \u00e5 utdype om det, sier han til Dagbladet.\u00a0<\/p>\n<p>&#8211; Jeg f\u00f8lte jeg svarte godt p\u00e5 det i g\u00e5r og etter Finland-kampen. Jeg har sagt nok om det, fortsetter han.<\/p>\n<p>          <img loading=\"lazy\" decoding=\"async\" src=\"https:\/\/www.europesays.com\/no\/wp-content\/uploads\/2025\/09\/83561483.webp\" width=\"980\" height=\"559\" title=\"BLE FJERNET: Se og H\u00f8r-fotograf Andreas Fadum ble b\u00e5ret vekk fra kirkeomr\u00e5det. Foto: Thomas Fure \/ NTB\" alt=\"\" class=\"\" style=\"--aspect-ratio-image: 1.75; \"\/><\/p>\n<p>\n          BLE FJERNET: Se og H\u00f8r-fotograf Andreas Fadum ble b\u00e5ret vekk fra kirkeomr\u00e5det. Foto: Thomas Fure \/ NTB\n      <\/p>\n<p>Anmeldte Ellefsen\t<\/p>\n<p>Sikkerhetssjef Ellefsen var leid inn av brudeparet for \u00e5 ivareta sikkerheten. Bildene av en Se og H\u00f8r-fotograf som ble b\u00e5ret vekk fra kirken ble sl\u00e5tt stort opp i norske medier.<\/p>\n<p>B\u00e5de Dagbladet og Se og H\u00f8r anmeldte Ellefsen.<\/p>\n<p>&#8211; Reporteren sto utenfor de privat oppsatte sperreb\u00e5ndene, og journalisten filmet p\u00e5 offentlig sted for \u00e5 dekke en s\u00e6rdeles offentlig handling. Da gikk en privatperson til angrep p\u00e5 v\u00e5r reporter p\u00e5 stedet og hindret journalisten fra \u00e5 gj\u00f8re jobben sin, sa Frode Hansen, sjefredakt\u00f8r i Dagbladet.<\/p>\n<p>I august ble sakene henlagt p\u00e5 grunn av bevisets stilling.<\/p>\n<p>        Martin \u00d8degaard svarer om bryllupet, etter seieren over Finland p\u00e5 Ullevaal Stadion. <\/p>\n","protected":false},"excerpt":{"rendered":"Martin \u00d8degaard (26) om kaoset i sommer: &#8211; Jeg har sagt nok.\u00a0 PROMINENTE GJESTER: Kai Havertz og Sander&hellip;\n","protected":false},"author":2,"featured_media":29728,"comment_status":"","ping_status":"","sticky":false,"template":"","format":"standard","meta":{"footnotes":""},"categories":[5],"tags":[20,21,24,25,92,15,19,4428,22,23,17,18,181,13,30,28,29,14,16,83,26,27],"class_list":{"0":"post-29727","1":"post","2":"type-post","3":"status-publish","4":"format-standard","5":"has-post-thumbnail","7":"category-overskrifter","8":"tag-breaking-news","9":"tag-breakingnews","10":"tag-featured-news","11":"tag-featurednews","12":"tag-fotball","13":"tag-headlines","14":"tag-hovedoppslag","15":"tag-landslaget","16":"tag-latest-news","17":"tag-latestnews","18":"tag-main-news","19":"tag-mainnews","20":"tag-martin-odegaard","21":"tag-news","22":"tag-no","23":"tag-norge","24":"tag-norway","25":"tag-nyheter","26":"tag-overskrifter","27":"tag-sport","28":"tag-top-stories","29":"tag-topstories"},"share_on_mastodon":{"url":"","error":""},"_links":{"self":[{"href":"https:\/\/www.europesays.com\/no\/wp-json\/wp\/v2\/posts\/29727","targetHints":{"allow":["GET"]}}],"collection":[{"href":"https:\/\/www.europesays.com\/no\/wp-json\/wp\/v2\/posts"}],"about":[{"href":"https:\/\/www.europesays.com\/no\/wp-json\/wp\/v2\/types\/post"}],"author":[{"embeddable":true,"href":"https:\/\/www.europesays.com\/no\/wp-json\/wp\/v2\/users\/2"}],"replies":[{"embeddable":true,"href":"https:\/\/www.europesays.com\/no\/wp-json\/wp\/v2\/comments?post=29727"}],"version-history":[{"count":0,"href":"https:\/\/www.europesays.com\/no\/wp-json\/wp\/v2\/posts\/29727\/revisions"}],"wp:featuredmedia":[{"embeddable":true,"href":"https:\/\/www.europesays.com\/no\/wp-json\/wp\/v2\/media\/29728"}],"wp:attachment":[{"href":"https:\/\/www.europesays.com\/no\/wp-json\/wp\/v2\/media?parent=29727"}],"wp:term":[{"taxonomy":"category","embeddable":true,"href":"https:\/\/www.europesays.com\/no\/wp-json\/wp\/v2\/categories?post=29727"},{"taxonomy":"post_tag","embeddable":true,"href":"https:\/\/www.europesays.com\/no\/wp-json\/wp\/v2\/tags?post=29727"}],"curies":[{"name":"wp","href":"https:\/\/api.w.org\/{rel}","templated":true}]}}