{"id":29729,"date":"2025-09-08T14:04:13","date_gmt":"2025-09-08T14:04:13","guid":{"rendered":"https:\/\/www.europesays.com\/no\/29729\/"},"modified":"2025-09-08T14:04:13","modified_gmt":"2025-09-08T14:04:13","slug":"frp-vant-valgkampen","status":"publish","type":"post","link":"https:\/\/www.europesays.com\/no\/29729\/","title":{"rendered":"&#8211; Frp vant valgkampen"},"content":{"rendered":"<p class=\"kicker \" style=\"\">Kampanje-k\u00e5ring<\/p>\n<p>  Kampanje har k\u00e5ret Frp til vinnere i \u00e5rets valgkamp. De har hatt et veldig tydelig budskap, samt dominert media og sosiale medier, if\u00f8lge Guri St\u00f8rvold i Zynk.<\/p>\n<p>\n    VANT: Sylvi Listhaug og Frp er k\u00e5ret til valgkampens vinnere, if\u00f8lge Kampanjes valgkampk\u00e5ring. Foto: John Terje Pedersen \/ Dagbladet\n  <\/p>\n<p>Fremskrittspartiet har gjennomf\u00f8rt den beste valgkampen og vant \u00e5rets valgkampk\u00e5ring i <a href=\"https:\/\/www.kampanje.com\/premium\/fremskrittspartiet-til-topps-i-valgkampkaring-dominerer\/943055\" rel=\"nofollow noopener\" target=\"_blank\">Kampanje,<\/a> kom det fram p\u00e5 NRKs politiske kvarter i morges.<\/p>\n<p>&#8211; Vi k\u00e5ret Frp til \u00e5 vinne \u00e5rets valgkamp. De hadde et veldig tydelig budskap, og har dominert media og sosiale medier. Derfor mener vi de har kj\u00f8rt den beste gjennomf\u00f8rte valgkampen, sier <a href=\"https:\/\/www.zynk.no\/radgivere\/guri-storvold\" rel=\"nofollow noopener\" target=\"_blank\">Guri St\u00f8rvold<\/a>, daglig leder og partner i Zynk, p\u00e5 Politisk kvarter.<\/p>\n<p>    <a itemprop=\"url\" href=\"https:\/\/www.dagbladet.no\/meninger\/sluttspurt-pa-henteknapp\/83552657\" rel=\"nofollow noopener\" target=\"_blank\"><\/p>\n<p>      <img loading=\"lazy\" decoding=\"async\" src=\"https:\/\/www.europesays.com\/no\/wp-content\/uploads\/2025\/09\/83560790.webp\" width=\"980\" height=\"441\" title=\"Kamp til siste slutt\" alt=\"\" class=\"lazyload\" style=\"--aspect-ratio-image: 2.22; \"\/><\/p>\n<p>        Kamp til siste slutt<\/p>\n<p>    <\/a><\/p>\n<p>&#8211; Taper nok\t<\/p>\n<p>Ketil Raknes,\u00a0f\u00f8rsteamanuensis ved H\u00f8yskolen Kristiania, er enig:<\/p>\n<p class=\"font-weight-bold m-font-weight-bold\" data-lab-font_weight=\"font-weight-bold\">&#8211; MDG og Frp kom med konsistent og taktisk budskap, s\u00e5 det tenker jeg at er en rimelig vurdering. Men om sp\u00f8rsm\u00e5let var \u00e5 vinne makt, taper de nok, sier Raknes til NRK.<\/p>\n<p>Ogs\u00e5 tidligere Frp-minister, n\u00e5 partner i First House, Jon Georg Dale, er imponert over Frps valgkampinnsats:<\/p>\n<p>&#8211; Frp vil gj\u00f8re et historisk godt valg, men det er ogs\u00e5 to andre partiledere som har imponert meg: Jonas Gahr St\u00f8re (Ap) og Dag-Inge Ulstein (KrF). En slags gjenoppstandelse, sier Dale.<\/p>\n<p>        Frp-leder Sylvi Listhaug kom med harde karakteristikker av AUF-leder Gaute B. Skjerv\u00f8 i valgets siste NRK-debatt. Video: NRK og Jostein Sletten\/Dagbladet. <\/p>\n<p>&#8211; Kokte litt over\t<\/p>\n<p>Politisk kvarter-debattantene diskuterte ogs\u00e5 \u00e9n av de siste partilederdebattene, der Sylvi Listhaug kalte AUF-leder Gaute Skjerv\u00f8 for en\u00a0\u00abnotorisk l\u00f8gner\u00bb.<\/p>\n<p>&#8211; Listhaug har brukt veldig mye tid i valgkampen p\u00e5 \u00e5 bli moderat, s\u00e5 ble hun litt irritert, og gikk litt tilbake til gamle takter, sier Raknes.<\/p>\n<p class=\"font-weight-bold m-font-weight-bold\" data-lab-font_weight=\"font-weight-bold\">&#8211; P\u00e5 tampen av valgkampen er partilederne ekstremt slitne. Dette var nok et uttrykk for det. Til slutt sa vel Listhaug sj\u00f8l at\u00a0\u00abdet kokte litt over\u00bb. S\u00e5 er jo sp\u00f8rsm\u00e5let om hvor lurt det var, sier Dale.<\/p>\n<p>St\u00f8rvold tror Frp-lederens utsagn kan skremme \u00abnoen H\u00f8yre- og Venstrevelgere over streken til den r\u00f8d-gr\u00f8nne blokka\u00bb.<\/p>\n<p>&#8211; Samtidig er det nesten ingen som bryr seg om partilederdebatten, legger hun til.\u00a0<\/p>\n<p>    <a itemprop=\"url\" href=\"https:\/\/borsen.dagbladet.no\/nyheter\/barket-sammen-notorisk-logner\/83556059\" rel=\"nofollow noopener\" target=\"_blank\"><\/p>\n<p>      <img loading=\"lazy\" decoding=\"async\" src=\"https:\/\/www.europesays.com\/no\/wp-content\/uploads\/2025\/09\/1757340253_563_83556053.webp\" width=\"980\" height=\"441\" title=\"Barket sammen: - Notorisk l\u00f8gner\" alt=\"\" class=\"lazyload\" style=\"--aspect-ratio-image: 2.22; \"\/><\/p>\n<p>        Barket sammen: &#8211; Notorisk l\u00f8gner<\/p>\n<p>    <\/a><\/p>\n","protected":false},"excerpt":{"rendered":"Kampanje-k\u00e5ring Kampanje har k\u00e5ret Frp til vinnere i \u00e5rets valgkamp. De har hatt et veldig tydelig budskap, samt&hellip;\n","protected":false},"author":2,"featured_media":29730,"comment_status":"","ping_status":"","sticky":false,"template":"","format":"standard","meta":{"footnotes":""},"categories":[10],"tags":[20,21,24,25,680,15,22,23,13,30,28,29,14,16,41,26,27],"class_list":{"0":"post-29729","1":"post","2":"type-post","3":"status-publish","4":"format-standard","5":"has-post-thumbnail","7":"category-norge","8":"tag-breaking-news","9":"tag-breakingnews","10":"tag-featured-news","11":"tag-featurednews","12":"tag-frp","13":"tag-headlines","14":"tag-latest-news","15":"tag-latestnews","16":"tag-news","17":"tag-no","18":"tag-norge","19":"tag-norway","20":"tag-nyheter","21":"tag-overskrifter","22":"tag-politikk","23":"tag-top-stories","24":"tag-topstories"},"share_on_mastodon":{"url":"","error":""},"_links":{"self":[{"href":"https:\/\/www.europesays.com\/no\/wp-json\/wp\/v2\/posts\/29729","targetHints":{"allow":["GET"]}}],"collection":[{"href":"https:\/\/www.europesays.com\/no\/wp-json\/wp\/v2\/posts"}],"about":[{"href":"https:\/\/www.europesays.com\/no\/wp-json\/wp\/v2\/types\/post"}],"author":[{"embeddable":true,"href":"https:\/\/www.europesays.com\/no\/wp-json\/wp\/v2\/users\/2"}],"replies":[{"embeddable":true,"href":"https:\/\/www.europesays.com\/no\/wp-json\/wp\/v2\/comments?post=29729"}],"version-history":[{"count":0,"href":"https:\/\/www.europesays.com\/no\/wp-json\/wp\/v2\/posts\/29729\/revisions"}],"wp:featuredmedia":[{"embeddable":true,"href":"https:\/\/www.europesays.com\/no\/wp-json\/wp\/v2\/media\/29730"}],"wp:attachment":[{"href":"https:\/\/www.europesays.com\/no\/wp-json\/wp\/v2\/media?parent=29729"}],"wp:term":[{"taxonomy":"category","embeddable":true,"href":"https:\/\/www.europesays.com\/no\/wp-json\/wp\/v2\/categories?post=29729"},{"taxonomy":"post_tag","embeddable":true,"href":"https:\/\/www.europesays.com\/no\/wp-json\/wp\/v2\/tags?post=29729"}],"curies":[{"name":"wp","href":"https:\/\/api.w.org\/{rel}","templated":true}]}}