{"id":29733,"date":"2025-09-08T14:18:11","date_gmt":"2025-09-08T14:18:11","guid":{"rendered":"https:\/\/www.europesays.com\/no\/29733\/"},"modified":"2025-09-08T14:18:11","modified_gmt":"2025-09-08T14:18:11","slug":"marte-23-synes-anklager-om-logn-gjor-stortingsvalget-vanskeligere","status":"publish","type":"post","link":"https:\/\/www.europesays.com\/no\/29733\/","title":{"rendered":"Marte (23) synes anklager om l\u00f8gn gj\u00f8r stortingsvalget vanskeligere"},"content":{"rendered":"\n<ul class=\"_list_ew2ao_3 _list_64s2r_85 _unordered_ew2ao_99 text-sans-m\">\n<li class=\"_item_ew2ao_30\">Fredag ble AUF-leder Gaute Skjerv\u00f8 beskyldt for \u00e5 v\u00e6re en \u00abnotorisk l\u00f8gner\u00bb av FrP-leder Sylvi Listhaug.<\/li>\n<li class=\"_item_ew2ao_30\">Marte Hamre Str\u00f8m synes at slike utspill gj\u00f8r valget vanskeligere.<\/li>\n<li class=\"_item_ew2ao_30\">Leder i Tankesmien Agenda, Trygve Svensson, mener Listhaug krysset en grense. <\/li>\n<li class=\"_item_ew2ao_30\">Retorikkekspert Kjell Terje Ringdal mener at politikere tyr til \u00abpolitisk doping\u00bb. <\/li>\n<\/ul>\n<p>Vis mer <\/p>\n<p class=\"_paragraph_ew2ao_4 _paragraph_xtcu6_10 layout-component text-serif-m layout-normal text-serif-m layout-padded\">\u00abL\u00f8gn\u00bb, \u00abdesinformasjon\u00bb og mer \u00abl\u00f8gn\u00bb. <\/p>\n<p class=\"_paragraph_ew2ao_4 _paragraph_xtcu6_10 layout-component text-serif-m layout-normal text-serif-m layout-padded\">Om du er usikker p\u00e5 hva du skal stemme, har det ikke n\u00f8dvendigvis blitt enklere jo n\u00e6rmere valgdagen har kommet. <\/p>\n<p class=\"_paragraph_ew2ao_4 _paragraph_xtcu6_10 layout-component text-serif-m layout-normal text-serif-m layout-padded\">Partilederne har fyrt l\u00f8s med harde p\u00e5stander om hverandres p\u00e5litelighet.<\/p>\n<p class=\"_paragraph_ew2ao_4 _paragraph_xtcu6_10 layout-component text-serif-m layout-normal text-serif-m layout-padded\">Senest p\u00e5 fredag ble AUF-leder Gaute Skjerv\u00f8 kalt en <a href=\"https:\/\/www.vg.no\/nyheter\/i\/dRyOMq\/anklager-hverandre-for-loegn-skremselspropaganda\" data-track-element-type=\"Link\" data-track-id=\"link:dRyOMq\" class=\"_link_ew2ao_39\" rel=\"nofollow noopener\" target=\"_blank\">\u00abnotorisk l\u00f8gner\u00bb<\/a> av Fremskrittspartiets leder, Sylvi Listhaug. <\/p>\n<p class=\"_paragraph_ew2ao_4 _paragraph_xtcu6_10 layout-component text-serif-m layout-normal text-serif-m layout-padded\">Skjerv\u00f8 beskyldte Frp for \u00e5 v\u00e6re \u00abnotorisk mot fagforeninger\u00bb.<\/p>\n<p class=\"_paragraph_ew2ao_4 _paragraph_xtcu6_10 layout-component text-serif-m layout-normal text-serif-m layout-padded\"><strong class=\"_strong_ew2ao_25\">\u2013 Du lyver jo hele tiden, du lyver og lyver. Du er en notorisk l\u00f8gner! svarte Listhaug.<\/strong><\/p>\n<p class=\"_paragraph_ew2ao_4 _paragraph_xtcu6_10 layout-component text-serif-m layout-normal text-serif-m layout-padded\">Marte Hamre Str\u00f8m (23) synes p\u00e5stander om l\u00f8gn og desinformasjon har bidratt til \u00e5 gj\u00f8re dette valget vanskeligere enn det forrige. <\/p>\n<p class=\"_paragraph_ew2ao_4 _paragraph_xtcu6_10 layout-component text-serif-m layout-normal text-serif-m layout-padded\">\u2013 Fokuset havner mer p\u00e5 konflikten mellom politikerne, enn p\u00e5 l\u00f8sningene de faktisk foresl\u00e5r, sier Str\u00f8m. <\/p>\n<p class=\"_paragraph_ew2ao_4 _paragraph_xtcu6_10 layout-component text-serif-m layout-normal text-serif-m layout-padded\">\u2013 Jeg blir ganske forvirret, legger hun til.<\/p>\n<p>\u2013 Krysset en grense<\/p>\n<p class=\"_paragraph_ew2ao_4 _paragraph_xtcu6_10 layout-component text-serif-m layout-normal text-serif-m layout-padded\">Str\u00f8m mener at debattene preges mer av personlige angrep enn gode diskusjoner om selve politikken. <\/p>\n<p class=\"_paragraph_ew2ao_4 _paragraph_xtcu6_10 layout-component text-serif-m layout-normal text-serif-m layout-padded\">\u2013 Jeg \u00f8nsker fortsatt \u00e5 tro at de fleste politikere vil gj\u00f8re en forskjell, men alt br\u00e5ket gj\u00f8r det vanskeligere \u00e5 ha tillit til dem, sier Str\u00f8m.<\/p>\n<p><img decoding=\"async\" alt=\"Bilde av Trygve Svensson\" class=\"_image_ygndg_42\" height=\"27\" itemprop=\"image\" loading=\"lazy\"  src=\"https:\/\/www.europesays.com\/no\/wp-content\/uploads\/2025\/09\/6eb29aae-df15-4efd-8eea-92a8ac794c3b\"  width=\"40\"\/><strong class=\"_name_ygndg_51 title-serif-xs\">Trygve Svensson<\/strong><\/p>\n<p class=\"_paragraph_ew2ao_4 text-sans-m _description_ygndg_56\">Leder i Tankesmien Agenda<\/p>\n<p class=\"_paragraph_ew2ao_4 _paragraph_xtcu6_10 layout-component text-serif-m layout-normal text-serif-m layout-padded\">Leder i den venstreorienterte Tankesmien Agenda, Trygve Svensson, skrev et innlegg om L\u00f8gn-anklagene p\u00e5 <a href=\"https:\/\/www.facebook.com\/trygve.svensson\/posts\/pfbid0ruuuwugRK3Gr41c6sdo1ABLEBqsCvwFNFxxWiJF8XrCWRYgPpjHicokZb4Sb2VoRl?__cft__%5B0%5D=AZVac6JbkUEdizrPKkwZSajnjHBi8cuUuTHWKSlbWdy6P0GOlw0cdqb8ctHyog8_jLT06c1dQxtQVLsimioaVoXmD1Y9nnXvUNk71RGO8zLeeogDRNhRVlS28T623OkRXhPi1pE9RM9EPnhf437obr7WxVEHcG56fxyh5IXgfQti_A&amp;__tn__=%2CO%2CP-R&amp;utm_source=sdrn%3Avg%3Aarticle%3Ac5f39b92-6a5b-4dbb-a74e-787268457147%40preview\" class=\"_link_ew2ao_39\" rel=\"nofollow noopener\" target=\"_blank\">Facebook<\/a> som har blitt delt over 4000 ganger.<\/p>\n<p class=\"_paragraph_ew2ao_4 _paragraph_xtcu6_10 layout-component text-serif-m layout-normal text-serif-m layout-padded\">\u2013 Listhaug krysset en grense som ikke b\u00f8r krysses. Det var veldig oppsiktsvekkende, sier Svensson til VG.<\/p>\n<p>\u2013 Tacoen ble liggende <\/p>\n<p class=\"_paragraph_ew2ao_4 _paragraph_xtcu6_10 layout-component text-serif-m layout-normal text-serif-m layout-padded\">Han spiste taco sammen med familien mens de s\u00e5 p\u00e5 sendingen.<\/p>\n<p class=\"_paragraph_ew2ao_4 _paragraph_xtcu6_10 layout-component text-serif-m layout-normal text-serif-m layout-padded\">\u2013 Jeg m\u00e5 innr\u00f8mme at tacoen ble liggende p\u00e5 tallerkenen. Vi satt og m\u00e5pte litt, sier Svensson.<\/p>\n<p><img alt=\"AUF-leder Gaute Skjerv\u00f8.  Foto: Amanda Pedersen Giske \/ NTB\" class=\"_image_qp4xg_65 layout-component layout-normal\" data-fullscreen- data-track-element-type=\"Article image fullscreen\" data-track-name=\"ImageFullscreen\" decoding=\"async\" loading=\"lazy\" height=\"4000\" itemprop=\"image\"  src=\"https:\/\/www.europesays.com\/no\/wp-content\/uploads\/2025\/09\/9a0faa23-6eae-467d-82e8-8a1001d42da6\"  style=\"object-position:0% 0%\" width=\"6000\"\/>AUF-leder Gaute Skjerv\u00f8.  Foto: Amanda Pedersen Giske \/ NTB<\/p>\n<p class=\"_paragraph_ew2ao_4 _paragraph_xtcu6_10 layout-component text-serif-m layout-normal text-serif-m layout-padded\">Han mener det er problematisk at politikere tyr til \u00e5 kalle meningsmotstandere for l\u00f8gnere, n\u00e5r de ikke har belegg for det.<\/p>\n<p class=\"_paragraph_ew2ao_4 _paragraph_xtcu6_10 layout-component text-serif-m layout-normal text-serif-m layout-padded\">\u2013 Det er uvanlig i norsk politisk debatt. Jeg har ikke sett noe s\u00e5nt f\u00f8r, og jeg har fulgt norsk politikk tett lenge, sier Svensson.<\/p>\n<p class=\"_paragraph_ew2ao_4 _paragraph_xtcu6_10 layout-component text-serif-m layout-normal text-serif-m layout-padded\">Han mener at Skjerv\u00f8 har belegg for \u00e5 hevde at Frp er mot fagforeninger.<\/p>\n<p class=\"_paragraph_ew2ao_4 _paragraph_xtcu6_10 layout-component text-serif-m layout-normal text-serif-m layout-padded\">\u2013 Det er en kjent sak at Frp er kritisk til fagforeningers makt og innflytelse, sier Svensson.<\/p>\n<p><img alt=\"Unge H\u00f8yre-leder Ola Svenneby  Foto: Amanda Pedersen Giske \/ NTB\" class=\"_image_qp4xg_65 layout-component layout-normal\" data-fullscreen- data-track-element-type=\"Article image fullscreen\" data-track-name=\"ImageFullscreen\" decoding=\"async\" loading=\"lazy\" height=\"3494\" itemprop=\"image\"  src=\"https:\/\/www.europesays.com\/no\/wp-content\/uploads\/2025\/09\/cedc1562-aedb-45b1-8667-ad2d4c6652ce\"  style=\"object-position:0% 0%\" width=\"5242\"\/>Unge H\u00f8yre-leder Ola Svenneby  Foto: Amanda Pedersen Giske \/ NTB<\/p>\n<p class=\"_paragraph_ew2ao_4 _paragraph_xtcu6_10 layout-component text-serif-m layout-normal text-serif-m layout-padded\">En av dem som <a href=\"https:\/\/www.vg.no\/nyheter\/i\/kwlRmX\/svenneby-gaute-er-ingen-notorisk-loegner\" data-track-element-type=\"Link\" data-track-id=\"link:kwlRmX\" class=\"_link_ew2ao_39\" rel=\"nofollow noopener\" target=\"_blank\">tok Skjerv\u00f8 i forsvar<\/a> etter debatten var Unge H\u00f8yre-leder Ola Svenneby.<\/p>\n<p class=\"_paragraph_ew2ao_4 _paragraph_xtcu6_10 layout-component text-serif-m layout-normal text-serif-m layout-padded\">\u2013 Gaute er ingen notorisk l\u00f8gner, skrev Svenneby p\u00e5 Facebook.<\/p>\n<p class=\"_paragraph_ew2ao_4 _paragraph_xtcu6_10 layout-component text-serif-m layout-normal text-serif-m layout-padded\">Svensson roser Svenneby for at han st\u00f8tter Skjerv\u00f8.<\/p>\n<p class=\"_paragraph_ew2ao_4 _paragraph_xtcu6_10 layout-component text-serif-m layout-normal text-serif-m layout-padded\">\u2013 Det synes jeg er veldig positivt. Det gir h\u00e5p for fremtiden. Vi har en flott generasjon med ungdomspolitikere, sier Svensson.<\/p>\n<p><img decoding=\"async\" alt=\"Bilde av Kjell Terje Ringdal\" class=\"_image_ygndg_42\" height=\"27\" itemprop=\"image\" loading=\"lazy\"  src=\"https:\/\/www.europesays.com\/no\/wp-content\/uploads\/2025\/09\/2ce07cfa-8e71-410d-85dc-47a0f56507cc\"  width=\"40\"\/><strong class=\"_name_ygndg_51 title-serif-xs\">Kjell Terje Ringdal<\/strong><\/p>\n<p class=\"_paragraph_ew2ao_4 text-sans-m _description_ygndg_56\">Forfatter og f\u00f8rstelektor i retorikk ved H\u00f8yskolen Kristiania <\/p>\n<p class=\"_paragraph_ew2ao_4 _paragraph_xtcu6_10 layout-component text-serif-m layout-normal text-serif-m layout-padded\">\u00c5 kalle motstanderen sin en l\u00f8gner, handler dypest sett om \u00e5 plassere seg selv i en vinnerrolle og motstanderen i en taperrolle, if\u00f8lge retorikk-ekspert Kjell Terje Ringdal.<\/p>\n<p class=\"_paragraph_ew2ao_4 _paragraph_xtcu6_10 layout-component text-serif-m layout-normal layout-padded\"><strong class=\"_strong_ew2ao_25\">Les ogs\u00e5:<\/strong> <a href=\"https:\/\/www.vg.no\/i\/zAnpEO\" data-track-element-type=\"Link\" data-track-id=\"link:zAnpEO\" class=\"_link_ew2ao_39\" rel=\"nofollow noopener\" target=\"_blank\">Sylvi Listhaug beskylder Ap-nestleder for l\u00f8gn<\/a><\/p>\n<p class=\"_paragraph_ew2ao_4 _paragraph_xtcu6_10 layout-component text-serif-m layout-normal text-serif-m layout-padded\">\u2013 Det er klassisk polarisering. Dette ser vi fra USA og det er en uheldig amerikanisering av den politiske debatten og det politiske klimaet i Norge. <\/p>\n<p class=\"font-weight-semi-bold color-accent label-medium _label_16v91_20\">Les Ringdal sin analyse av p\u00e5standene om l\u00f8gn<\/p>\n<p class=\"_paragraph_ew2ao_4 _paragraph_xtcu6_10 _paragraph_16v91_10 layout-component text-serif-m layout-normal text-sans-m layout-padded\">\u2013 Person selger bedre enn politikk, konflikt selger bedre enn harmoni og l\u00f8sning. Og dette er et medialpolitisk fenomen, understreker Ringdal. <\/p>\n<p class=\"_paragraph_ew2ao_4 _paragraph_xtcu6_10 _paragraph_16v91_10 layout-component text-serif-m layout-normal text-sans-m layout-padded\">Med medialpolitisk sikter han til forholdet mellom mediene og politikken, som han forklarer at har en tung relasjon. <\/p>\n<p class=\"_paragraph_ew2ao_4 _paragraph_xtcu6_10 _paragraph_16v91_10 layout-component text-serif-m layout-normal text-sans-m layout-padded\">Han mener at \u00e5 skape konflikt er en m\u00e5te \u00e5 skaffe medienes oppmerksomhet p\u00e5, og derav ogs\u00e5 velgernes oppmerksomhet. <\/p>\n<p class=\"_paragraph_ew2ao_4 _paragraph_xtcu6_10 _paragraph_16v91_10 layout-component text-serif-m layout-normal text-sans-m layout-padded\">\u2013 Det \u00e5 selge lange resonnementer i VG er det ikke plass til, og det blir mindre og mindre plass til det. <\/p>\n<p class=\"_paragraph_ew2ao_4 _paragraph_xtcu6_10 _paragraph_16v91_10 layout-component text-serif-m layout-normal text-sans-m layout-padded\">Derfor mener han at politikerne tyr til \u00abpolitisk doping\u00bb. <\/p>\n<p class=\"_paragraph_ew2ao_4 _paragraph_xtcu6_10 _paragraph_16v91_10 layout-component text-serif-m layout-normal text-sans-m layout-padded\">\u2013 Det \u00e5 v\u00e6re klar, tydelig og konfronterende \u00abselger\u00bb i den politiske debatten og man kj\u00f8rer i gang med disse store medieoppslagene. <\/p>\n<p class=\"_paragraph_ew2ao_4 _paragraph_xtcu6_10 _paragraph_16v91_10 layout-component text-serif-m layout-normal text-sans-m layout-padded\">Men som med faktisk doping, s\u00e5 blir man syk og d\u00e5rlig av politisk doping ogs\u00e5, sier Ringdal, som legger til at retorikken er uheldig for den demokratiske debatten. <\/p>\n<p>Vis mer<\/p>\n<p class=\"_paragraph_ew2ao_4 _paragraph_xtcu6_10 layout-component text-serif-m layout-normal text-serif-m layout-padded\">Marte Hamre Str\u00f8m synes at saker som ang\u00e5r unge direkte har f\u00e5tt for lite oppmerksomhet, til fordel for den store debatten om formuesskatten. <\/p>\n<p class=\"_paragraph_ew2ao_4 _paragraph_xtcu6_10 layout-component text-serif-m layout-normal text-serif-m layout-padded\">For \u00e5 bestemme seg for hvilket parti som fronter hennes kjernesaker best, m\u00e5tte hun derfor ty til <a href=\"https:\/\/www.vg.no\/spesial\/2025\/valgomat\/\" class=\"_link_ew2ao_39\" rel=\"nofollow noopener\" target=\"_blank\">valgomaten<\/a> fremfor debattene. <\/p>\n<p><img alt=\"Marte Hamre Str\u00f8m etterlyser flere temaer som treffer flere folk i de politiske debattene.   Foto: Privat\" class=\"_image_qp4xg_65 layout-component layout-normal\" data-fullscreen- data-track-element-type=\"Article image fullscreen\" data-track-name=\"ImageFullscreen\" decoding=\"async\" loading=\"lazy\" height=\"822\" itemprop=\"image\"  src=\"https:\/\/www.europesays.com\/no\/wp-content\/uploads\/2025\/09\/da40a8f1-479e-4388-ae10-a100a8601616\"  style=\"object-position:0% 0%\" width=\"1302\"\/>Marte Hamre Str\u00f8m etterlyser flere temaer som treffer flere folk i de politiske debattene.   Foto: Privat<\/p>\n<p class=\"_paragraph_ew2ao_4 _paragraph_xtcu6_10 layout-component text-serif-m layout-normal text-serif-m layout-padded\">\u2013 Jeg opplever debatten om formuesskatt som litt fjern, selv om jeg skj\u00f8nner at det er viktig i den store sammenhengen.<\/p>\n<p class=\"_paragraph_ew2ao_4 _paragraph_xtcu6_10 layout-component text-serif-m layout-normal text-serif-m layout-padded\">Som ung og ganske ny i arbeidslivet, er det andre ting som f\u00f8les viktigere for henne.<\/p>\n<p class=\"_paragraph_ew2ao_4 _paragraph_xtcu6_10 layout-component text-serif-m layout-normal text-serif-m layout-padded\">\u2013 Som boligpriser, helse- og velferdstjenester og \u00f8konomisk trygghet, sier Str\u00f8m.<\/p>\n<p class=\"_paragraph_ew2ao_4 _paragraph_xtcu6_10 layout-component text-serif-m layout-normal text-serif-m layout-padded\">Og det at folk oppfatter at saker de bryr seg om ikke f\u00e5r politisk oppmerksomhet, kan f\u00e5 konsekvenser for valgdeltagelsen. <\/p>\n<p class=\"_paragraph_ew2ao_4 _paragraph_xtcu6_10 layout-component text-serif-m layout-normal text-serif-m layout-padded\">Det sier postdoktor ved Universitetet i Oslo og ekspert p\u00e5 velgeratferd, Peter Egge Langs\u00e6ther. <\/p>\n<p>Uh\u00f8flighet fra politikere p\u00e5virker tilliten <\/p>\n<p class=\"_paragraph_ew2ao_4 _paragraph_xtcu6_10 layout-component text-serif-m layout-normal text-serif-m layout-padded\">\u2013 Det har v\u00e6rt en snever valgkamp med en del fokus p\u00e5 formuesskatten, sperregrense, taktisk stemmegivning og statsministerkandidatur, sier Langs\u00e6ther. <\/p>\n<p class=\"_paragraph_ew2ao_4 _paragraph_xtcu6_10 layout-component text-serif-m layout-normal text-serif-m layout-padded\">\u2013 Men vi vet at en av de viktigste tingene for de som stemmer, er at om de f\u00f8ler at politikken ang\u00e5r dem og handler om ting de er opptatt av. <\/p>\n<p class=\"_paragraph_ew2ao_4 _paragraph_xtcu6_10 layout-component text-serif-m layout-normal text-serif-m layout-padded\">Derfor tror eksperten at et snevert fokus kan v\u00e6re uheldig.<\/p>\n<p><img decoding=\"async\" alt=\"Bilde av Peter Egge Langs\u00e6ther\" class=\"_image_ygndg_42\" height=\"60\" itemprop=\"image\" loading=\"lazy\"  src=\"https:\/\/www.europesays.com\/no\/wp-content\/uploads\/2025\/09\/ca9e5460-2d82-473b-8ac1-69e2b86eb7ff\"  width=\"40\"\/><strong class=\"_name_ygndg_51 title-serif-xs\">Peter Egge Langs\u00e6ther<\/strong><\/p>\n<p class=\"_paragraph_ew2ao_4 text-sans-m _description_ygndg_56\">Postdoktor ved Institutt for Statsvitenskap ved Universitetet i Oslo<\/p>\n<p class=\"_paragraph_ew2ao_4 _paragraph_xtcu6_10 layout-component text-serif-m layout-normal text-serif-m layout-padded\">Langs\u00e6ther forteller ogs\u00e5 om forskning p\u00e5 hvordan d\u00e5rlig oppf\u00f8rsel fra politikere og uh\u00f8flighet i debatter p\u00e5virker velgerne. <\/p>\n<p class=\"_paragraph_ew2ao_4 _paragraph_xtcu6_10 layout-component text-serif-m layout-normal text-serif-m layout-padded\">\u2013 Og kaller man noen en \u00abnotorisk l\u00f8gner\u00bb s\u00e5 er det en uh\u00f8flighet.<\/p>\n<p class=\"_paragraph_ew2ao_4 _paragraph_xtcu6_10 layout-component text-serif-m layout-normal text-serif-m layout-padded\">If\u00f8lge forskningen har det har en negativ effekt p\u00e5 tilliten til politikerne.<\/p>\n<p class=\"_paragraph_ew2ao_4 _paragraph_xtcu6_10 layout-component text-serif-m layout-normal text-serif-m layout-padded\">\u2013 Det gir en nedgang i hvor forn\u00f8yd man er med demokratiets virkem\u00e5te, men det ser ikke ut til \u00e5 endre folks partivalg.<\/p>\n<p>    <img decoding=\"async\" alt=\"Tips oss illustrasjon\" width=\"62px\" height=\"auto\" src=\"https:\/\/www.europesays.com\/no\/wp-content\/uploads\/2025\/08\/1754784428_95_W9avJzE.png\"\/>    <\/p>\n<p class=\"title-serif-s\">Har du tips til oss?<\/p>\n<p class=\"text-sans-m\">Send oss informasjon, bilder eller video<\/p>\n<p>  <a href=\"https:\/\/www.vg.no\/tips-oss\" rel=\"nofollow noopener\" target=\"_blank\"> Tips oss <\/a>      <\/p>\n","protected":false},"excerpt":{"rendered":"Fredag ble AUF-leder Gaute Skjerv\u00f8 beskyldt for \u00e5 v\u00e6re en \u00abnotorisk l\u00f8gner\u00bb av FrP-leder Sylvi Listhaug. Marte Hamre&hellip;\n","protected":false},"author":2,"featured_media":29734,"comment_status":"","ping_status":"","sticky":false,"template":"","format":"standard","meta":{"footnotes":""},"categories":[10],"tags":[31,20,21,24,25,15,22,23,13,30,28,29,14,16,41,199,26,27],"class_list":{"0":"post-29733","1":"post","2":"type-post","3":"status-publish","4":"format-standard","5":"has-post-thumbnail","7":"category-norge","8":"tag-breaking","9":"tag-breaking-news","10":"tag-breakingnews","11":"tag-featured-news","12":"tag-featurednews","13":"tag-headlines","14":"tag-latest-news","15":"tag-latestnews","16":"tag-news","17":"tag-no","18":"tag-norge","19":"tag-norway","20":"tag-nyheter","21":"tag-overskrifter","22":"tag-politikk","23":"tag-stortingsvalg","24":"tag-top-stories","25":"tag-topstories"},"share_on_mastodon":{"url":"","error":""},"_links":{"self":[{"href":"https:\/\/www.europesays.com\/no\/wp-json\/wp\/v2\/posts\/29733","targetHints":{"allow":["GET"]}}],"collection":[{"href":"https:\/\/www.europesays.com\/no\/wp-json\/wp\/v2\/posts"}],"about":[{"href":"https:\/\/www.europesays.com\/no\/wp-json\/wp\/v2\/types\/post"}],"author":[{"embeddable":true,"href":"https:\/\/www.europesays.com\/no\/wp-json\/wp\/v2\/users\/2"}],"replies":[{"embeddable":true,"href":"https:\/\/www.europesays.com\/no\/wp-json\/wp\/v2\/comments?post=29733"}],"version-history":[{"count":0,"href":"https:\/\/www.europesays.com\/no\/wp-json\/wp\/v2\/posts\/29733\/revisions"}],"wp:featuredmedia":[{"embeddable":true,"href":"https:\/\/www.europesays.com\/no\/wp-json\/wp\/v2\/media\/29734"}],"wp:attachment":[{"href":"https:\/\/www.europesays.com\/no\/wp-json\/wp\/v2\/media?parent=29733"}],"wp:term":[{"taxonomy":"category","embeddable":true,"href":"https:\/\/www.europesays.com\/no\/wp-json\/wp\/v2\/categories?post=29733"},{"taxonomy":"post_tag","embeddable":true,"href":"https:\/\/www.europesays.com\/no\/wp-json\/wp\/v2\/tags?post=29733"}],"curies":[{"name":"wp","href":"https:\/\/api.w.org\/{rel}","templated":true}]}}