{"id":29735,"date":"2025-09-08T14:46:14","date_gmt":"2025-09-08T14:46:14","guid":{"rendered":"https:\/\/www.europesays.com\/no\/29735\/"},"modified":"2025-09-08T14:46:14","modified_gmt":"2025-09-08T14:46:14","slug":"forsinkelser-pa-alle-t-banelinjer","status":"publish","type":"post","link":"https:\/\/www.europesays.com\/no\/29735\/","title":{"rendered":"Forsinkelser p\u00e5 alle T-banelinjer"},"content":{"rendered":"<p class=\"kicker \" style=\"\">Sabrina Carpenter:<\/p>\n<p>  Sabrina Carpenters VMA-opptreden vekker reaksjoner.<\/p>\n<p>\n    F\u00c5R GJENNOMG\u00c5: Sabrina Carpenters opptreden under MTV Video Music Award har ikke falt i god jord hos alle. Foto: Charles Sykes \/ Invision\/AP \/ NTB\n  <\/p>\n<p>    Kort fortalt<\/p>\n<ul lang=\"nb-NO\">\n<li>Sabrina Carpenter skapte sterke reaksjoner etter sin opptreden p\u00e5 MTV Video Music Awards.<\/li>\n<li>Opptredenen inkluderte dragqueens og skilt med budskap for transpersoners rettigheter.<\/li>\n<li>Kritikere anklager henne for \u00e5 fetisjere transpersoner og for falsk aktivisme.<\/li>\n<li>Flere forsvarer henne og mener opptredenen var godt ment og viktig.<\/li>\n<\/ul>\n<p class=\"italic ai-disclaimer\" data-lab-italic=\"italic\">Sammendraget er laget av ChatGPT og godkjent av Dagbladet.<\/p>\n<p>      Vis mer<br \/>\n      Vis mindre<\/p>\n<p>Popstjerna <a href=\"https:\/\/www.dagbladet.no\/kjendis\/slaktes-du-har-bommet\/83524498\" rel=\"nofollow noopener\" target=\"_blank\">Sabrina Carpenter (26)<\/a> har skapt sterke reaksjoner etter sin opptreden under MTV Video Music Awards s\u00f8ndag kveld.\u00a0<\/p>\n<p>    <a itemprop=\"url\" href=\"https:\/\/www.dagbladet.no\/kjendis\/slaktes-du-har-bommet\/83524498\" rel=\"nofollow noopener\" target=\"_blank\"><\/p>\n<p>      <img loading=\"lazy\" decoding=\"async\" src=\"https:\/\/www.europesays.com\/no\/wp-content\/uploads\/2025\/09\/1757342769_751_83524611.webp\" width=\"980\" height=\"441\" title=\"Slaktes: - Du har bommet\" alt=\"\" class=\"lazyload\" style=\"--aspect-ratio-image: 2.22; \"\/><\/p>\n<p>        Slaktes: &#8211; Du har bommet<\/p>\n<p>    <\/a><\/p>\n<p>Under framf\u00f8relsen av l\u00e5ta \u00abTears\u00bb hadde hun med seg dragqueens p\u00e5 scenen og dansere som holdt opp skilt med budskap som \u00abIn trans we trust\u00bb og \u00abProtect trans rights\u00bb. <\/p>\n<p>Opptredenen, som fant sted p\u00e5 UBS Arena i New York, inkluderte en dansesekvens i regn hvor Carpenter f\u00f8rst hadde p\u00e5 seg en kjole som hun seinere byttet ut til en glitter-bh og svarte str\u00f8mpebukser.<\/p>\n<p>        KRITISERES: Sabrina Carpenter er i hardt v\u00e6r etter hennes opptreden p\u00e5 \u00e5rets \u00abBrit Awards\u00bb. Video: Youtube &amp; Tiktok \/ Jessica Maria Szymanska \/ R\u00f8d L\u00f8per <\/p>\n<p>Kritikken hagler  <\/p>\n<p>Reaksjonene har ikke latt vente p\u00e5 seg, og opptredenen har ikke falt i god jord hos alle.\u00a0<\/p>\n<p>    <a itemprop=\"url\" href=\"https:\/\/www.dagbladet.no\/kjendis\/prest-fikk-sparken-etter-dette\/82268896\" rel=\"nofollow noopener\" target=\"_blank\"><\/p>\n<p>      <img loading=\"lazy\" decoding=\"async\" src=\"https:\/\/www.europesays.com\/no\/wp-content\/uploads\/2025\/09\/1757342770_957_82269854.webp\" width=\"980\" height=\"441\" title=\"Prest fikk sparken etter dette\" alt=\"\" class=\"lazyload\" style=\"--aspect-ratio-image: 2.22; \"\/><\/p>\n<p>        Prest fikk sparken etter dette<\/p>\n<p>    <\/a><\/p>\n<p>P\u00e5 sosiale medier anklager flere fans Carpenter for \u00e5 \u00abfetisjere\u00bb transpersoner. Det skriver blant andre <a href=\"https:\/\/www.dailymail.co.uk\/tvshowbiz\/article-15075847\/Sabrina-Carpenter-sparks-backlash-mtv-vmas-trans-rights.html?ns_mchannel=rss&amp;ns_campaign=1490&amp;ito=1490\" rel=\"nofollow noopener\" target=\"_blank\">Daily Mail<\/a>.\u00a0<\/p>\n<p>\u00abDet er en slags merkelig fetisjering i mye av &#8216;protect the dolls&#8217;-greiene\u00bb, skriver en bruker, som refererer til et slagord til st\u00f8tte for transkj\u00f8nnede kvinner.<\/p>\n<p>          <img loading=\"lazy\" decoding=\"async\" src=\"https:\/\/www.europesays.com\/no\/wp-content\/uploads\/2025\/09\/83561093.webp\" width=\"686\" height=\"968\" title=\"I HARDT V\u00c6R: Sabrian Carpenters opptreden besto av mange plakater som representerte transpersoners rettigheter. Foto: Angela Weiss \/ AFP \/ NTB\" alt=\"\" class=\"\" style=\"--aspect-ratio-image: 0.71; \"\/><\/p>\n<p>\n          I HARDT V\u00c6R: Sabrian Carpenters opptreden besto av mange plakater som representerte transpersoners rettigheter. Foto: Angela Weiss \/ AFP \/ NTB\n      <\/p>\n<p>En annen kaller opptredenen for \u00abfalsk aktivisme\u00bb, og at den var for \u00abperformativ\u00bb. <\/p>\n<p>Andre mener at store stjerner som nettopp Carpenter burde gj\u00f8re mer enn bare \u00e5 holde opp skilt hvis de faktisk \u00f8nsker \u00e5 gj\u00f8re en forskjell.<\/p>\n<p class=\"font-weight-bold m-font-weight-bold\" data-lab-font_weight=\"font-weight-bold\">\u00abHvis kjendiser faktisk brydde seg, ville de donert penger og hjulpet lokalsamfunn, ikke holdt pappskilt p\u00e5 scenen\u00bb, kommenterer en tilsynelatende oppgitt bruker.\u00a0<\/p>\n<p>          <img loading=\"lazy\" decoding=\"async\" src=\"https:\/\/www.europesays.com\/no\/wp-content\/uploads\/2025\/09\/83561181.webp\" width=\"686\" height=\"460\" title=\"KRITISERT: Artistens opptreden har ikke falt i god jord hos alle. Foto: Charles Sykes \/ Invision \/ AP \/ NTB\" alt=\"\" class=\"\" style=\"--aspect-ratio-image: 1.49; \"\/><\/p>\n<p>\n          KRITISERT: Artistens opptreden har ikke falt i god jord hos alle. Foto: Charles Sykes \/ Invision \/ AP \/ NTB\n      <\/p>\n<p>Til tross for kritikken velger flere \u00e5 forsvare sangeren, og mener at det er helt \u00ababsurd\u00bb \u00e5 kritisere en opptreden som forsvarte transpersoners rettigheter, og som var godt ment.\u00a0<\/p>\n<p>Carpenter vant prisen for beste album for \u00abShort N Sweet\u00bb, og flere mener at hun kom med et stikk til president Donald Trump (79) under takketalen, som har hatt en betydelig innvirkning p\u00e5 transmilj\u00f8et.\u00a0\u00a0<\/p>\n<p>    <a itemprop=\"url\" href=\"https:\/\/www.dagbladet.no\/kjendis\/kjopte-peniskake-ble-sparket\/83210738\" rel=\"nofollow noopener\" target=\"_blank\"><\/p>\n<p>      <img loading=\"lazy\" decoding=\"async\" src=\"https:\/\/www.europesays.com\/no\/wp-content\/uploads\/2025\/09\/83216179.webp\" width=\"147\" height=\"98\" title=\"Kj\u00f8pte peniskake: - Ble sparket\" alt=\"\" class=\"lazyload\" style=\"--aspect-ratio-image: 1.50; \"\/><\/p>\n<p>        Kj\u00f8pte peniskake: &#8211; Ble sparket <\/p>\n<p>    <\/a><\/p>\n<p>&#8211; Som vi alle vet kan den verdenen vi lever i v\u00e6re s\u00e5 full av kritikk, diskriminering og negativitet, var blant det hun sa.\u00a0<\/p>\n<p class=\"no_italic m-no_italic\" data-lab-italic=\"\">Carpenter har hittil ikke svart p\u00e5 kritikken.\u00a0<\/p>\n<p>        TROLLENE TROLLER: Superstjerne og artist Sabrina Carpenter (25) f\u00e5r kritikk i sosiale medier for et stunt hun utf\u00f8rer p\u00e5 scenen i hvert show av turn\u00e9en sin. Video: X. Reporter: Christina H. Korneliussen<\/p>\n<p>&#8211; Du bommet<\/p>\n<p>Carpenter var seinest i hardt v\u00e6r for knapt noen uker siden. I forbindelse med l\u00e5tslippet \u00abTears\u00bb tok det ikke lang tid f\u00f8r reaksjonene begynte \u00e5 hagle.\u00a0<\/p>\n<p>    <a itemprop=\"url\" href=\"https:\/\/www.dagbladet.no\/kjendis\/bryter-tausheten-om-bruddet\/82354140\" rel=\"nofollow noopener\" target=\"_blank\"><\/p>\n<p>      <img loading=\"lazy\" decoding=\"async\" src=\"https:\/\/www.europesays.com\/no\/wp-content\/uploads\/2025\/09\/82354306.webp\" width=\"980\" height=\"441\" title=\"Bryter tausheten om bruddet\" alt=\"\" class=\"lazyload\" style=\"--aspect-ratio-image: 2.22; \"\/><\/p>\n<p>        Bryter tausheten om bruddet<\/p>\n<p>    <\/a><\/p>\n<p>Videoen\u00a0starter med at 26-\u00e5ringen v\u00e5kner opp fra en bilulykke i skogen, som fort eskalerer til at hun kravler rundt i en str\u00f8mpebukse og seler, samt danser rundt en stang.\u00a0<\/p>\n<p>L\u00e5ta er en del av hennes nye album \u00abMan&#8217;s Best Friend\u00bb, som har blitt kraftig kritisert. Coveret viser henne nemlig p\u00e5 alle fire mens en person i svarte bukser drar henne i h\u00e5ret.\u00a0<\/p>\n<p>          <img loading=\"lazy\" decoding=\"async\" src=\"https:\/\/www.europesays.com\/no\/wp-content\/uploads\/2025\/09\/83561529.webp\" width=\"686\" height=\"433\" title=\"I HARDT V\u00c6R: Sabrina Carpenters nye musikkvideo f\u00e5r flere til \u00e5 reagere. Foto: Skjermdump fra YouTube\" alt=\"\" class=\"\" style=\"--aspect-ratio-image: 1.58; \"\/><\/p>\n<p>\n          I HARDT V\u00c6R: Sabrina Carpenters nye musikkvideo f\u00e5r flere til \u00e5 reagere. Foto: Skjermdump fra YouTube\n      <\/p>\n<p>\u00abJeg liker det ikke. Det er veldig merkelig og demonisk, noe jeg ikke forventet av henne\u00bb, skrev en f\u00f8lger i kommentarfeltet til artisten p\u00e5 Instagram.\u00a0<\/p>\n<p class=\"font-weight-bold m-font-weight-bold\" data-lab-font_weight=\"font-weight-bold\">\u00abDette er ikke satire, dette er ikke \u00e5 styrke kvinner. Du har bommet s\u00e5 mye p\u00e5 m\u00e5let\u00bb, hevdet en annen.\u00a0<\/p>\n<p>    <a itemprop=\"url\" href=\"https:\/\/www.dagbladet.no\/kjendis\/refses-for-dette\/82036939\" rel=\"nofollow noopener\" target=\"_blank\"><\/p>\n<p>      <img loading=\"lazy\" decoding=\"async\" src=\"https:\/\/www.europesays.com\/no\/wp-content\/uploads\/2025\/09\/82037588.webp\" width=\"147\" height=\"98\" title=\"Refses for dette\" alt=\"\" class=\"lazyload\" style=\"--aspect-ratio-image: 1.50; \"\/><\/p>\n<p>        Refses for dette<\/p>\n<p>    <\/a><\/p>\n<p>Albumet \u00abMan&#8217;s Best Friend\u00bb kommer nesten ett \u00e5r etter hennes forrige suksessalbum \u00abShort n&#8217; Sweet\u00bb, som solgte ti millioner eksemplarer verden over og ga henne seks Grammy-nominasjoner.<\/p>\n","protected":false},"excerpt":{"rendered":"Sabrina Carpenter: Sabrina Carpenters VMA-opptreden vekker reaksjoner. F\u00c5R GJENNOMG\u00c5: Sabrina Carpenters opptreden under MTV Video Music Award har&hellip;\n","protected":false},"author":2,"featured_media":29736,"comment_status":"","ping_status":"","sticky":false,"template":"","format":"standard","meta":{"footnotes":""},"categories":[10],"tags":[20,21,24,25,15,2539,22,23,13,30,28,29,14,16,26,27],"class_list":{"0":"post-29735","1":"post","2":"type-post","3":"status-publish","4":"format-standard","5":"has-post-thumbnail","7":"category-norge","8":"tag-breaking-news","9":"tag-breakingnews","10":"tag-featured-news","11":"tag-featurednews","12":"tag-headlines","13":"tag-innenriks","14":"tag-latest-news","15":"tag-latestnews","16":"tag-news","17":"tag-no","18":"tag-norge","19":"tag-norway","20":"tag-nyheter","21":"tag-overskrifter","22":"tag-top-stories","23":"tag-topstories"},"share_on_mastodon":{"url":"","error":""},"_links":{"self":[{"href":"https:\/\/www.europesays.com\/no\/wp-json\/wp\/v2\/posts\/29735","targetHints":{"allow":["GET"]}}],"collection":[{"href":"https:\/\/www.europesays.com\/no\/wp-json\/wp\/v2\/posts"}],"about":[{"href":"https:\/\/www.europesays.com\/no\/wp-json\/wp\/v2\/types\/post"}],"author":[{"embeddable":true,"href":"https:\/\/www.europesays.com\/no\/wp-json\/wp\/v2\/users\/2"}],"replies":[{"embeddable":true,"href":"https:\/\/www.europesays.com\/no\/wp-json\/wp\/v2\/comments?post=29735"}],"version-history":[{"count":0,"href":"https:\/\/www.europesays.com\/no\/wp-json\/wp\/v2\/posts\/29735\/revisions"}],"wp:featuredmedia":[{"embeddable":true,"href":"https:\/\/www.europesays.com\/no\/wp-json\/wp\/v2\/media\/29736"}],"wp:attachment":[{"href":"https:\/\/www.europesays.com\/no\/wp-json\/wp\/v2\/media?parent=29735"}],"wp:term":[{"taxonomy":"category","embeddable":true,"href":"https:\/\/www.europesays.com\/no\/wp-json\/wp\/v2\/categories?post=29735"},{"taxonomy":"post_tag","embeddable":true,"href":"https:\/\/www.europesays.com\/no\/wp-json\/wp\/v2\/tags?post=29735"}],"curies":[{"name":"wp","href":"https:\/\/api.w.org\/{rel}","templated":true}]}}