{"id":297402,"date":"2026-07-19T12:59:20","date_gmt":"2026-07-19T12:59:20","guid":{"rendered":"https:\/\/www.europesays.com\/no\/297402\/"},"modified":"2026-07-19T12:59:20","modified_gmt":"2026-07-19T12:59:20","slug":"hemmelig-mote-mellom-kong-charles-og-prins-harry-uten-prins-william","status":"publish","type":"post","link":"https:\/\/www.europesays.com\/no\/297402\/","title":{"rendered":"Hemmelig m\u00f8te mellom kong Charles og prins Harry uten prins William"},"content":{"rendered":"<p class=\"kicker \" style=\"\">Dronning Camilla:\u00a0<\/p>\n<p class=\"subtitle t30\" style=\"\">Kong Charles skal ha samlet Harry, Meghan og barnebarna bak lukkede d\u00f8rer, uten \u00e5 informere prins William og prinsesse Kate.<\/p>\n<p>\n    ST\u00d8TTE: Dronning Camilla skal ha sluppet alt og kj\u00f8rt til Highgrove for \u00e5 v\u00e6re ved kong Charles\u2019 side under det hemmelige m\u00f8tet med prins Harry og familien. Foto: David Davies \/ NTB\n  <\/p>\n<p>Fredag ettermiddag ankom prins Harry (41), hertuginne Meghan (44) og barna Archie (7) og Lilibet (5) hjemmet til kong Charles (77) og dronning Camilla (78).<\/p>\n<p>    <a itemprop=\"url\" href=\"https:\/\/www.seher.no\/kjendis\/full-forvirring\/84885592\" rel=\"nofollow noopener\" target=\"_blank\"><\/p>\n<p>        <img loading=\"lazy\" decoding=\"async\" src=\"https:\/\/www.europesays.com\/no\/wp-content\/uploads\/2026\/07\/1784465954_531_84885549.webp\" width=\"980\" height=\"441\" alt=\"\" class=\"lazyload\" style=\"--aspect-ratio-image: 2.22; \"\/><\/p>\n<p>        Full forvirring<\/p>\n<p>    <\/a><\/p>\n<p class=\"font-weight-bold m-font-weight-bold\" data-lab-font_weight=\"font-weight-bold\">M\u00f8tet var avtalt i siste liten og holdt s\u00e5 hemmelig at selv prins William (44) og prinsesse Kate (44) ikke skal ha blitt informert.\u00a0<\/p>\n<p>If\u00f8lge <a href=\"https:\/\/www.vanityfair.com\/story\/king-charles-queen-camilla-prince-harry-reunion\" rel=\"nofollow noopener\" target=\"_blank\">Vanity Fair<\/a> fikk bare et f\u00e5tall personer vite hva som skulle skje, og det p\u00e5 f\u00e5 timers varsel.\u00a0<\/p>\n<p>        FORLOT FOLKEFESTEN: Da resten av landslagsgutta var opptatt med \u00e5 feire VM-bragden med over 100.000 mennesker i Oslo, var Erling Braut Haaland og Sander Berge p\u00e5 et privatfly. VIDEO: Instagram &#8211; @detnorskekongehus \/ Snapiximage \/ NTB \/\/ Foto: NTB \/ Skjermdump &#8211; YouTube &#8211; Dolce &amp; Gabbana \/\/ Reporter: H\u00e5vard Bj\u00f8rnerem<\/p>\n<p>Kastet seg i bilen\t<\/p>\n<p>Gjenforeningen med s\u00f8nnen, svigerdatteren og de to barnebarna skjedde i det private hjemmet til kongen, Highgrove House.\u00a0<\/p>\n<p>        <img loading=\"lazy\" decoding=\"async\" src=\"https:\/\/www.europesays.com\/no\/wp-content\/uploads\/2026\/07\/84814281.webp\" width=\"667\" height=\"681\" alt=\"\" class=\"\" style=\"--aspect-ratio-image: 0.98; \"\/><\/p>\n<p>\n        SAMLET: Archie og Lilibet m\u00f8tte kong Charles sist i 2022. Sistnevnte var den gangen ett \u00e5r gammel. Foto: Skjermbilde: @meghan \/ Instagram\n    <\/p>\n<p>&#8211; Kongen \u00f8nsket \u00e5 se Harry og barna. Det ble avtalt at Sussex-familien skulle komme til Highgrove fredag ettermiddag, og for kongen var det uvanlig kort varsel. Alle ble p\u00e5lagt taushet slik at m\u00f8tet kunne forbli privat, sier en kilde til magasinet.<\/p>\n<p>        <img loading=\"lazy\" decoding=\"async\" src=\"https:\/\/www.europesays.com\/no\/wp-content\/uploads\/2026\/07\/84907080.webp\" width=\"686\" height=\"440\" alt=\"\" class=\"\" style=\"--aspect-ratio-image: 1.56; \"\/><\/p>\n<p>\n        M\u00d8TTES HER: Highgrove House er det private hjemmet til kongen og dronningen. Foto: Chris Jackson \/ NTB\n    <\/p>\n<p>Camilla var p\u00e5 sin private eiendom Ray Mill House da hun fikk beskjeden om at m\u00f8tet skulle finne sted. Hun skal ha kastet seg i bilen og kj\u00f8rt til Highgrove for \u00e5 st\u00f8tte ektemannen.<\/p>\n<p class=\"font-weight-bold m-font-weight-bold\" data-lab-font_weight=\"font-weight-bold\">&#8211; Charles \u00f8nsket at Camilla skulle v\u00e6re der som moralsk st\u00f8tte, og fordi hun har v\u00e6rt en klippe for ham gjennom alt dramaet med Harry. Hun slapp alt hun hadde i hendene. Hun fortalte det ikke til noen, ikke engang familien sin. Hun satte seg bare i bilen og kj\u00f8rte bort. De var alle fast bestemt p\u00e5 \u00e5 gj\u00f8re m\u00f8tet s\u00e5 tett som overhodet mulig, sier kilden.<\/p>\n<p>        <img loading=\"lazy\" decoding=\"async\" src=\"https:\/\/www.europesays.com\/no\/wp-content\/uploads\/2026\/07\/84907086.webp\" width=\"667\" height=\"621\" alt=\"\" class=\"\" style=\"--aspect-ratio-image: 1.07; \"\/><\/p>\n<p>\n        GOD ST\u00d8TTE: If\u00f8lge kilder med kjennskap til den britiske kongefamilien har Camilla v\u00e6rt en viktig st\u00f8tte for kong Charles under den betente konflikten med s\u00f8nnen. Her er de avbildet tidligere i \u00e5r. Foto: PA\/POOL supplied by Splash News \/ SplashNews.com\/NTB\n    <\/p>\n<p>Familien skal ha v\u00e6rt samlet i rundt \u00e9n time. Ingen bilder ble tatt, og ingenting fra samtalen skulle lekke ut.<\/p>\n<p> &#8211; Det vil trolig v\u00e6re videre kontakt mellom Harry og kong Charles, s\u00e5 lenge Harry ikke lekker opplysninger til mediene, sier den britiske kongehuseksperten Hilary Fordwich til <a href=\"https:\/\/www.foxnews.com\/entertainment\/prince-william-absence-speaks-volumes-king-charles-reunites-prince-harry-meghan-markle-experts\" rel=\"nofollow noopener\" target=\"_blank\">Fox News Digital<\/a>.<\/p>\n<p>        FORLOT FOLKEFESTEN: Da resten av landslagsgutta var opptatt med \u00e5 feire VM-bragden med over 100.000 mennesker i Oslo, var Erling Braut Haaland og Sander Berge p\u00e5 et privatfly. VIDEO: Instagram &#8211; @detnorskekongehus \/ Snapiximage \/ NTB \/\/ Foto: NTB \/ Skjermdump &#8211; YouTube &#8211; Dolce &amp; Gabbana \/\/ Reporter: H\u00e5vard Bj\u00f8rnerem<\/p>\n<p>&#8211; Ikke til \u00e5 stole p\u00e5\t<\/p>\n<p> Prins William og kona prinsesse Kate var merkbart frav\u00e6rende fra gjenforeningen. Prinsessen av Wales var i Windsor for \u00e5 st\u00f8tte ektemannen, som deltok i DMI Royal Charity Polo Cup 2026 p\u00e5 Guards Polo Club.\u00a0<\/p>\n<p>        <img loading=\"lazy\" decoding=\"async\" src=\"https:\/\/www.europesays.com\/no\/wp-content\/uploads\/2026\/07\/84907090.webp\" width=\"686\" height=\"460\" alt=\"\" class=\"\" style=\"--aspect-ratio-image: 1.49; \"\/><\/p>\n<p>\n        ISFRONT: Forrige gang br\u00f8drene m\u00f8ttes var under begravelsen til onkelen Robert Fellowes i 2024. Da var det angivelig allerede d\u00e5rlig stemning mellom dem. Foto: Bav Media \/ SplashNews.com \/ NTB\n    <\/p>\n<p>&#8211; Prins William st\u00e5r fortsatt fast p\u00e5 at Harry ikke er til \u00e5 stole p\u00e5, hevder Fordwich. <\/p>\n<p>        <img loading=\"lazy\" decoding=\"async\" src=\"https:\/\/www.europesays.com\/no\/wp-content\/uploads\/2026\/07\/84907252.webp\" width=\"686\" height=\"392\" alt=\"\" class=\"\" style=\"--aspect-ratio-image: 1.75; \"\/><\/p>\n<p>\n        LYKKELIGERE TIDER: Prins Harry, prinsesse Kate og prins William avbildet sammen i 2014. Foto: Tim Rooke\/REX\/NTB\n    <\/p>\n<p>De to br\u00f8drene, som ikke har sett hverandre p\u00e5 nesten to \u00e5r, m\u00f8tte ikke hverandre under bes\u00f8ket. Den kongelige kommentatoren Ian Pelham tror at dette er strategisk.\u00a0<\/p>\n<p>    <a itemprop=\"url\" href=\"https:\/\/www.seher.no\/kongelig\/nevnte-seg-selv-54-ganger\/84847012\" rel=\"nofollow noopener\" target=\"_blank\"><\/p>\n<p>        <img loading=\"lazy\" decoding=\"async\" src=\"https:\/\/www.europesays.com\/no\/wp-content\/uploads\/2026\/07\/1784465959_472_84847033.webp\" width=\"980\" height=\"441\" alt=\"\" class=\"lazyload\" style=\"--aspect-ratio-image: 2.22; \"\/><\/p>\n<p>        &#8211; Nevnte seg selv 54 ganger<\/p>\n<p>    <\/a><\/p>\n<p>&#8211; Den st\u00f8rste hindringen for Harry n\u00e5 er \u00e5 f\u00e5 i gang fredssamtaler med William og prinsesse Kate, dersom det i det hele tatt lar seg gj\u00f8re, sier han til Fox News Digital, og legger til:\u00a0<\/p>\n<p class=\"font-weight-bold m-font-weight-bold\" data-lab-font_weight=\"font-weight-bold\">&#8211;\u00a0 William har vist tydelig motstand mot Harry siden boken \u00abSpare\u00bb ble utgitt. <\/p>\n<p>        <img loading=\"lazy\" decoding=\"async\" src=\"https:\/\/www.europesays.com\/no\/wp-content\/uploads\/2026\/07\/84907093.webp\" width=\"686\" height=\"460\" alt=\"\" class=\"\" style=\"--aspect-ratio-image: 1.49; \"\/><\/p>\n<p>\n        KONTROVERSIELL BOK: Prins Harrys memoarbok \u00abSpare\u00bb vakte sterke reaksjoner da den kom i 2023, fordi han delte private detaljer om konfliktene med prins William og resten av kongefamilien. Foto: Justin Tallis \/ AFP \/ NTB\n    <\/p>\n<p>Tyst etter m\u00f8tet\t<\/p>\n<p>Buckingham Palace ventet med \u00e5 bekrefte bes\u00f8ket til Harry hadde forlatt eiendommen uten \u00e5 bli sett.\u00a0<\/p>\n<p>    <a itemprop=\"url\" href=\"https:\/\/www.seher.no\/kongelig\/det-siste-han-trenger-na\/84810086\" rel=\"nofollow noopener\" target=\"_blank\"><\/p>\n<p>        <img loading=\"lazy\" decoding=\"async\" src=\"https:\/\/www.europesays.com\/no\/wp-content\/uploads\/2026\/07\/1784465960_303_84812125.webp\" width=\"980\" height=\"441\" alt=\"\" class=\"lazyload\" style=\"--aspect-ratio-image: 2.22; \"\/><\/p>\n<p>        &#8211; Det siste han trenger n\u00e5<\/p>\n<p>    <\/a><\/p>\n<p class=\"font-weight-bold m-font-weight-bold\" data-lab-font_weight=\"font-weight-bold\">Hoffet har samtidig gjort det klart at det ikke kommer flere opplysninger eller bilder fra m\u00f8tet. Det var f\u00f8rste gang Charles, Camilla, Harry, Meghan og barna skal ha v\u00e6rt samlet p\u00e5 fire \u00e5r.<\/p>\n<p>        <img loading=\"lazy\" decoding=\"async\" src=\"https:\/\/www.europesays.com\/no\/wp-content\/uploads\/2026\/07\/84907104.webp\" width=\"667\" height=\"748\" alt=\"\" class=\"\" style=\"--aspect-ratio-image: 0.89; \"\/><\/p>\n<p>\n        TROLIG FORN\u00d8YDE: M\u00f8tet med kongen og dronningen er tilsynelatende et steg i riktig retning for relasjonen. Foto: Courtney Africa \/ AFP \/ NTB\n    <\/p>\n<p class=\"\">F\u00f8r bes\u00f8ket m\u00e5tte Harry love faren at det som ble sagt, skulle forbli mellom dem. Sussex-paret skal v\u00e6re sv\u00e6rt forn\u00f8yd med at planen lyktes, og at verken bilder eller detaljer kom ut.<\/p>\n<p>Meghan, Archie og Lilibet er ikke blitt sett offentlig under oppholdet. Harry ble derimot fotografert ved Althorp, eiendommen der moren prinsesse Diana vokste opp, tidligere samme dag.<\/p>\n<p>        F\u00c5R DRA HJEM: Etter lungetransplantasjonen er kronprinsesse Mette-Marit n\u00e5 utskrevet fra sykehuset, og selv om hun ikke skal tilbake p\u00e5 jobb med det f\u00f8rste, hylles hun for \u00e9n ting. Video: H\u00e5vard Bj\u00f8rnerem \/ Caroline Vagle \/ NTB \/ Instagram: @detnorskekongehus \/\/ Foto: Instagram: @detnorskekongehus<\/p>\n<p>Verken Sussex-paret eller Buckingham Palace \u00f8nsker \u00e5 kommentere m\u00f8tet ytterligere.<\/p>\n","protected":false},"excerpt":{"rendered":"Dronning Camilla:\u00a0 Kong Charles skal ha samlet Harry, Meghan og barnebarna bak lukkede d\u00f8rer, uten \u00e5 informere prins&hellip;\n","protected":false},"author":2,"featured_media":297403,"comment_status":"","ping_status":"","sticky":false,"template":"","format":"standard","meta":{"footnotes":"","_share_on_mastodon":"0"},"categories":[58],"tags":[3868,71,1299,2543,3994,76,30,28,29,75,72],"class_list":["post-297402","post","type-post","status-publish","format-standard","has-post-thumbnail","category-underholdning","tag-dronning-camilla","tag-entertainment","tag-hertuginne-meghan","tag-kjendisdesken","tag-kong-charles","tag-kongelig","tag-no","tag-norge","tag-norway","tag-prins-harry","tag-underholdning"],"share_on_mastodon":{"url":"https:\/\/pubeurope.com\/@no\/116946768514867249","error":""},"_links":{"self":[{"href":"https:\/\/www.europesays.com\/no\/wp-json\/wp\/v2\/posts\/297402","targetHints":{"allow":["GET"]}}],"collection":[{"href":"https:\/\/www.europesays.com\/no\/wp-json\/wp\/v2\/posts"}],"about":[{"href":"https:\/\/www.europesays.com\/no\/wp-json\/wp\/v2\/types\/post"}],"author":[{"embeddable":true,"href":"https:\/\/www.europesays.com\/no\/wp-json\/wp\/v2\/users\/2"}],"replies":[{"embeddable":true,"href":"https:\/\/www.europesays.com\/no\/wp-json\/wp\/v2\/comments?post=297402"}],"version-history":[{"count":0,"href":"https:\/\/www.europesays.com\/no\/wp-json\/wp\/v2\/posts\/297402\/revisions"}],"wp:featuredmedia":[{"embeddable":true,"href":"https:\/\/www.europesays.com\/no\/wp-json\/wp\/v2\/media\/297403"}],"wp:attachment":[{"href":"https:\/\/www.europesays.com\/no\/wp-json\/wp\/v2\/media?parent=297402"}],"wp:term":[{"taxonomy":"category","embeddable":true,"href":"https:\/\/www.europesays.com\/no\/wp-json\/wp\/v2\/categories?post=297402"},{"taxonomy":"post_tag","embeddable":true,"href":"https:\/\/www.europesays.com\/no\/wp-json\/wp\/v2\/tags?post=297402"}],"curies":[{"name":"wp","href":"https:\/\/api.w.org\/{rel}","templated":true}]}}