{"id":297725,"date":"2026-07-19T23:00:01","date_gmt":"2026-07-19T23:00:01","guid":{"rendered":"https:\/\/www.europesays.com\/no\/297725\/"},"modified":"2026-07-19T23:00:01","modified_gmt":"2026-07-19T23:00:01","slug":"kia-pv5-varebil-personbil-og-bobil-i-ett","status":"publish","type":"post","link":"https:\/\/www.europesays.com\/no\/297725\/","title":{"rendered":"Kia PV5: Varebil, personbil og bobil i ett!"},"content":{"rendered":"<p class=\"kicker text-red color_mobile_text-red hasTextColor hasTextColorMobile\" style=\"\">Kia PV5 som bobil:\u00a0<\/p>\n<p class=\"subtitle \" style=\"\">Ja, takk. Og den er elektrisk.\u00a0<\/p>\n<p>\n    BYGGESETT: Med taktelt og kj\u00f8kken, med innlagt vann og kj\u00f8leboks. Foto: Vantech\n  <\/p>\n<p>(Elbil24): Den elektriske PV5<br \/>\nhar kommet p\u00e5 markedet b\u00e5de som varebil og personbil, men hvorfor ikke gj\u00f8re<br \/>\nden til bobil i tillegg? Kia har selv vist den frem som det r\u00f8ffe<br \/>\ncampingkonseptet WKNDR, men n\u00e5 har den nederlandske ombyggingsspesialisten<br \/>\nVantrack kastet seg p\u00e5 banen ogs\u00e5. De lanserer rett og slett en fiks ferdig campinginnredning<br \/>\nsom passer som formst\u00f8pt inn i den elektriske flerbruksbilen.<\/p>\n<p>Vi tipper dog at<br \/>\nde skulle \u00f8nske de var noe tidligere ute, for de f\u00f8rste kundene f\u00e5r sine biler f\u00f8rst<br \/>\ni september. <\/p>\n<p>Samtidig m\u00e5 vi si<br \/>\nde er unnskyldt, for de startet f\u00f8rst i april i \u00e5r da Vantrack avduket en<br \/>\nprototype kalt LightCamp. Bilen, som er bygget p\u00e5 personbilutgaven av Kia PV5,<br \/>\nble m\u00f8tt med god respons, s\u00e5 god at selskapet n\u00e5 har bestemt seg for \u00e5 sette<br \/>\nmodellen i produksjon. Tanken og id\u00e9en er selvf\u00f8lgelig ikke ny, for hvem husker<br \/>\nvel ikke California-utgavene av Volkswagen? <\/p>\n<p>    <a itemprop=\"url\" href=\"https:\/\/www.elbil24.no\/pro\/test-sa-bra-at-du-vil-ta-omveier-hjem\/84870756\" rel=\"nofollow noopener\" target=\"_blank\"><\/p>\n<p>        <img loading=\"lazy\" decoding=\"async\" src=\"https:\/\/www.europesays.com\/no\/wp-content\/uploads\/2026\/07\/1784501999_266_84873508.webp\" width=\"980\" height=\"441\" alt=\"\" class=\"lazyload\" style=\"--aspect-ratio-image: 2.22; \"\/><\/p>\n<p>        TEST: &#8211; S\u00e5 bra at du vil ta omveier hjem<\/p>\n<p>    <\/a><\/p>\n<p>Til jobb og fritid<\/p>\n<p>Det spennende er<br \/>\nat ogs\u00e5 norske selskap har planer om \u00e5 lansere tilsvarende l\u00f8sninger, og vi vet<br \/>\nat den norske Kia-import\u00f8ren er p\u00e5 ballen. Snart er det ogs\u00e5 duket for den<br \/>\nstore caravan-messa i Dusseldorf, og vi vet at det kommer til \u00e5 v\u00e6re flere utstillere<br \/>\nav slike l\u00f8sninger, b\u00e5de til PV5 og andre egnede biler. <\/p>\n<p>Noen er<br \/>\nnaturligvis mer avanserte enn andre, noe som ogs\u00e5 gj\u00f8r at du kan f\u00e5 pakkel\u00f8sninger<br \/>\ni alle prisklasser, avhengig av hva du er ute etter. <\/p>\n<p>        <img loading=\"lazy\" decoding=\"async\" src=\"https:\/\/www.europesays.com\/no\/wp-content\/uploads\/2026\/07\/84899263.webp\" width=\"980\" height=\"559\" alt=\"\" class=\"\" style=\"--aspect-ratio-image: 1.75; \"\/><\/p>\n<p>\n        Foto: Vantech\n    <\/p>\n<p>N\u00e5r du skal bruke<br \/>\nbilen i jobb er det bare \u00e5 dra ut campinginnredningen, og du har en funksjonell<br \/>\nbil s\u00e5nn som du kj\u00f8pte den. N\u00e5r helgen kommer er det bare \u00e5 dytte inn campingmodulene,<br \/>\nog du er klar for tur. Vantrack har rykte p\u00e5 seg for \u00e5 ha god kvalitet, med aluminiumslister<br \/>\nder interi\u00f8ret slites mest, og med materialer som ikke er av typen tjukk papp. <\/p>\n<p>    <a itemprop=\"url\" href=\"https:\/\/www.elbil24.no\/nyheter\/kia-satser-pa-turglede-med-ev9-og-pv5\/82217552\" rel=\"nofollow noopener\" target=\"_blank\"><\/p>\n<p>        <img loading=\"lazy\" decoding=\"async\" src=\"https:\/\/www.europesays.com\/no\/wp-content\/uploads\/2026\/07\/82217585.webp\" width=\"980\" height=\"441\" alt=\"\" class=\"lazyload\" style=\"--aspect-ratio-image: 2.22; \"\/><\/p>\n<p>        Kia satser p\u00e5 turglede med EV9 og PV5<\/p>\n<p>    <\/a><\/p>\n<p>2+2 = 4<\/p>\n<p>Soveplassen best\u00e5r<br \/>\nav en h\u00f8ydejusterbar uttrekksseng som m\u00e5ler 190 x 130 centimeter, og er utstyrt<br \/>\nmed en luftmadrass. Det er selvf\u00f8lgelig fristende med en mer sofistikert<br \/>\nmadrass, men husk at dette m\u00e5 ryddes vekk n\u00e5r man ikke skal bruke bilen som seng.<br \/>\nSkulle man v\u00e6re flere p\u00e5 tur, har jo bilen en stor panorama-takluke. Gjennom<br \/>\ndenne f\u00e5r du fri tilgang til et spesiallaget taktelt. Det betyr at du p\u00e5 den<br \/>\nm\u00e5ten kan v\u00e6re minst fire voksne p\u00e5 tur, men det er selvsagt en lite egnet<br \/>\nl\u00f8sning om vinteren. Da trives du antagelig best i bilen, der du har varme dra<br \/>\nbilens eget varmeapparat. Tesla var de f\u00f8rste som lanserte Capm-Mode som dette.\n<\/p>\n<p>Husk ogs\u00e5 at bilen<br \/>\ni seg selv leveres med V2L-l\u00f8sning, der du kan tappe str\u00f8m rett fra bilens<br \/>\nbatteri. <\/p>\n<p><b>Se flere bilder her:\u00a0<\/b><\/p>\n<p>Det kommer godt<br \/>\nmed n\u00e5r det modul\u00e6re kj\u00f8kkenet har en induksjontopp som kokesystem. I tillegg har<br \/>\nden et system for 11 liter ferskvann, tilkoblet en egen kran. Og som om ikke<br \/>\ndette var nok, s\u00e5 m\u00e5 du jo ogs\u00e5 ha en kj\u00f8leboks. Her har de benyttet seg av en 18<br \/>\nliters integrert kj\u00f8leboks, som rent teoretisk skulle bli noe s\u00e5nt som 36<br \/>\nhalvlitere med noe godt. <\/p>\n<p>All bagasje og<br \/>\nutstyr har ogs\u00e5 f\u00e5tt faste plasser gjennom et system med lasteskinner, en stor<br \/>\nutvendig bagasjehylle p\u00e5 195 liter bak p\u00e5 bilen, og en solid skuffel\u00f8sning som<br \/>\ner tilpasset de standardiserte Eurokassene.<\/p>\n<p>    <a itemprop=\"url\" href=\"https:\/\/www.elbil24.no\/nyheter\/elektrisk-campingbil-de-fleste-har-rad-til\/84459854\" rel=\"nofollow noopener\" target=\"_blank\"><\/p>\n<p>        <img loading=\"lazy\" decoding=\"async\" src=\"https:\/\/www.europesays.com\/no\/wp-content\/uploads\/2026\/07\/84459892.webp\" width=\"980\" height=\"441\" alt=\"\" class=\"lazyload\" style=\"--aspect-ratio-image: 2.22; \"\/><\/p>\n<p>        Elektrisk campingbil de fleste har r\u00e5d til<\/p>\n<p>    <\/a><\/p>\n<p>Hvor dyrt er egentlig<br \/>\ndyrt? <\/p>\n<p>L\u00f8sningen er som<br \/>\nsagt ikke blant de billigste, noe Vantrack heller ikke har som m\u00e5l. Den<br \/>\nkomplette LightCamp-modellen har f\u00e5tt en antydet pris p\u00e5 rundt 65 000 euro i<br \/>\nEuropa, inkludert bilen, selvf\u00f8lgelig. Dette er omtrent 25 000 euro (ca. 280.000 kroner) over<br \/>\nstartprisen for en standard Kia PV5 som personbil. <\/p>\n<p>Dette er rett og<br \/>\nslett en dr\u00f8y pris, og vi ser derfor frem til \u00e5 teste den norske l\u00f8sningen om<br \/>\nnoen uker. <\/p>\n<p> Der tipper vi du f\u00e5r full pakke med det meste<br \/>\nfor et sted rundt 50-60.000 kroner, noe som er langt mer smakelig. For elbiler<br \/>\ner uten vil godt egnet for lange ferieturer ogs\u00e5. Elbil24 er blant annet kjent<br \/>\nmed en som har kj\u00f8rt en PV5 til Italia, s\u00e5 hvem t\u00f8r si det ikke lar seg gj\u00f8re? Den<br \/>\nnorske varianten skal v\u00e6re klar i l\u00f8pet av n\u00e6rmeste fremtid. <\/p>\n","protected":false},"excerpt":{"rendered":"Kia PV5 som bobil:\u00a0 Ja, takk. Og den er elektrisk.\u00a0 BYGGESETT: Med taktelt og kj\u00f8kken, med innlagt vann&hellip;\n","protected":false},"author":2,"featured_media":297726,"comment_status":"","ping_status":"","sticky":false,"template":"","format":"standard","meta":{"footnotes":"","_share_on_mastodon":"0"},"categories":[56],"tags":[4915,60,24489,24490,61,267,2073,62,30,28,29,14,24492,24491,24493],"class_list":["post-297725","post","type-post","status-publish","format-standard","has-post-thumbnail","category-naeringsliv","tag-4915","tag-business","tag-campingbil","tag-campingsett","tag-economy","tag-elbil","tag-kia","tag-naeringsliv","tag-no","tag-norge","tag-norway","tag-nyheter","tag-pv5","tag-taktelt","tag-vantech"],"share_on_mastodon":{"url":"https:\/\/pubeurope.com\/@no\/116949131756986608","error":""},"_links":{"self":[{"href":"https:\/\/www.europesays.com\/no\/wp-json\/wp\/v2\/posts\/297725","targetHints":{"allow":["GET"]}}],"collection":[{"href":"https:\/\/www.europesays.com\/no\/wp-json\/wp\/v2\/posts"}],"about":[{"href":"https:\/\/www.europesays.com\/no\/wp-json\/wp\/v2\/types\/post"}],"author":[{"embeddable":true,"href":"https:\/\/www.europesays.com\/no\/wp-json\/wp\/v2\/users\/2"}],"replies":[{"embeddable":true,"href":"https:\/\/www.europesays.com\/no\/wp-json\/wp\/v2\/comments?post=297725"}],"version-history":[{"count":0,"href":"https:\/\/www.europesays.com\/no\/wp-json\/wp\/v2\/posts\/297725\/revisions"}],"wp:featuredmedia":[{"embeddable":true,"href":"https:\/\/www.europesays.com\/no\/wp-json\/wp\/v2\/media\/297726"}],"wp:attachment":[{"href":"https:\/\/www.europesays.com\/no\/wp-json\/wp\/v2\/media?parent=297725"}],"wp:term":[{"taxonomy":"category","embeddable":true,"href":"https:\/\/www.europesays.com\/no\/wp-json\/wp\/v2\/categories?post=297725"},{"taxonomy":"post_tag","embeddable":true,"href":"https:\/\/www.europesays.com\/no\/wp-json\/wp\/v2\/tags?post=297725"}],"curies":[{"name":"wp","href":"https:\/\/api.w.org\/{rel}","templated":true}]}}