{"id":29791,"date":"2025-09-08T16:18:11","date_gmt":"2025-09-08T16:18:11","guid":{"rendered":"https:\/\/www.europesays.com\/no\/29791\/"},"modified":"2025-09-08T16:18:11","modified_gmt":"2025-09-08T16:18:11","slug":"sjokkerende-sier-martin-odegaard-om-diogo-jota","status":"publish","type":"post","link":"https:\/\/www.europesays.com\/no\/29791\/","title":{"rendered":"&#8211; Sjokkerende, sier Martin \u00d8degaard om Diogo Jota."},"content":{"rendered":"<p class=\"kicker \" style=\"\">Rystet av d\u00f8dsfall:<\/p>\n<p>  Martin \u00d8degaard til Dagbladet: &#8211; N\u00e5r det er s\u00e5 n\u00e6rt, blir det sjokkerende.<\/p>\n<p>\n    RYSTET: Martin \u00d8degaard spilte mot avd\u00f8de Diogo Jota ti ganger. Foto: NTB\n  <\/p>\n<ul>\n<li class=\"lab-bodytext-line font-weight-bold m-font-weight-bold\" data-lab-font_weight=\"font-weight-bold\">Norge &#8211; Moldova, klokka 20.45 tirsdag<\/li>\n<\/ul>\n<p>ULLEVAAL (Dagbladet): Erling Braut Haaland (25) fikk et t\u00f8ft m\u00f8te med en bussd\u00f8r. Martin \u00d8degaard (26) har f\u00e5tt ny sveis. Og hvor mange m\u00e5l scorer Norge mot Moldova?<\/p>\n<p>Dette har v\u00e6rt noen av temaene f\u00f8r kampen i VM-kvalifiseringen tirsdag kveld. Men &#8211; naturligvis &#8211; det blir paranteser sammenliknet med sjokket som rammet Portugal og fotballverdenen i juli.<\/p>\n<p>    <a itemprop=\"url\" href=\"https:\/\/www.dagbladet.no\/sport\/skulle-vaert-med\/83559101\" rel=\"nofollow noopener\" target=\"_blank\"><\/p>\n<p>      <img loading=\"lazy\" decoding=\"async\" src=\"https:\/\/www.europesays.com\/no\/wp-content\/uploads\/2025\/09\/83559157.webp\" width=\"980\" height=\"441\" title=\"Bobb skulle v\u00e6rt med\" alt=\"\" class=\"lazyload\" style=\"--aspect-ratio-image: 2.22; \"\/><\/p>\n<p>        Bobb skulle v\u00e6rt med<\/p>\n<p>    <\/a><\/p>\n<p>If\u00f8lge nettstedet Transfermarkt spilte \u00d8degaard ti kamper mot den avd\u00f8de Portugal- og Liverpool-spilleren Diogo Jota (28). Til sammen m\u00f8ttes de i 474 minutter for Arsenal og Liverpool.<\/p>\n<p>          <img loading=\"lazy\" decoding=\"async\" src=\"https:\/\/www.europesays.com\/no\/wp-content\/uploads\/2025\/09\/1757348290_966_83563834.webp\" width=\"686\" height=\"392\" title=\"D\u00d8D: Portugal- og Liverpool-spiller Diogo Jota ble 28 \u00e5r. Han d\u00f8de i en bilulykke i Spania. Foto: NTB\" alt=\"\" class=\"\" style=\"--aspect-ratio-image: 1.75; \"\/><\/p>\n<p>\n          D\u00d8D: Portugal- og Liverpool-spiller Diogo Jota ble 28 \u00e5r. Han d\u00f8de i en bilulykke i Spania. Foto: NTB\n      <\/p>\n<p>\u00d8degaard blir alvorlig n\u00e5r Dagbladet sp\u00f8r hvordan han tok imot nyheten om d\u00f8dsfallet i sommer.<\/p>\n<p>&#8211; Det var grusomt \u00e5 se, og forferdelig trist, sier han.<\/p>\n<p>          <img loading=\"lazy\" decoding=\"async\" src=\"https:\/\/www.europesays.com\/no\/wp-content\/uploads\/2025\/09\/1757348290_104_83563839.webp\" width=\"686\" height=\"440\" title=\"M\u00d8TTE MEDIENE: Martin \u00d8degaard snakket p\u00e5 en pressekonferanse mandag. Stedet var Ullevaal stadion. Foto: Vegard Gr\u00f8tt \/ Bildbyr\u00e5n\" alt=\"\" class=\"\" style=\"--aspect-ratio-image: 1.56; \"\/><\/p>\n<p>\n          M\u00d8TTE MEDIENE: Martin \u00d8degaard snakket p\u00e5 en pressekonferanse mandag. Stedet var Ullevaal stadion. Foto: Vegard Gr\u00f8tt \/ Bildbyr\u00e5n\n      <\/p>\n<p>I sommer var de litt i samme situasjon. \u00d8degaard fikk sin Helene Spilling p\u00e5 en vakker l\u00f8rdag i Gjerdrum kirke 21. juni. Neste dag giftet Jota seg med kj\u00e6resten Rute Cardoso.<\/p>\n<p>Bryllupsdagen er den ultimate bekreftelsen p\u00e5 kj\u00e6rligheten mellom to personer. Men elleve dager etter bryllupet d\u00f8de Jota og broren Andr\u00e9 i en trafikkulykke i Spania.<\/p>\n<p>    <a itemprop=\"url\" href=\"https:\/\/www.dagbladet.no\/sport\/reagerte-med-sjokk\/83561237\" rel=\"nofollow noopener\" target=\"_blank\"><\/p>\n<p>      <img loading=\"lazy\" decoding=\"async\" src=\"https:\/\/www.europesays.com\/no\/wp-content\/uploads\/2025\/09\/1757348291_819_83561332.webp\" width=\"147\" height=\"100\" title=\"Reagerte med sjokk\" alt=\"\" class=\"lazyload\" style=\"--aspect-ratio-image: 1.47; \"\/><\/p>\n<p>        Reagerte med sjokk<\/p>\n<p>    <\/a><\/p>\n<p>\u00d8degaard erkjenner at det ble n\u00e6rt.<\/p>\n<p>&#8211; Jeg har &#8211; som du sier &#8211; spilt mot ham mange ganger. N\u00e5r det er s\u00e5 n\u00e6rt, blir det sjokkerende, sier han til Dagbladet.<\/p>\n<p>          <img loading=\"lazy\" decoding=\"async\" src=\"https:\/\/www.europesays.com\/no\/wp-content\/uploads\/2025\/09\/1757348291_966_83563827.webp\" width=\"686\" height=\"453\" title=\"TELLER NED: Martin \u00d8degaard hopper kattemykt over et hinder p\u00e5 Ullevaal stadion. Foto: Vegard Gr\u00f8tt \/ Bildbyr\u00e5n\" alt=\"\" class=\"\" style=\"--aspect-ratio-image: 1.51; \"\/><\/p>\n<p>\n          TELLER NED: Martin \u00d8degaard hopper kattemykt over et hinder p\u00e5 Ullevaal stadion. Foto: Vegard Gr\u00f8tt \/ Bildbyr\u00e5n\n      <\/p>\n<p>Flere av Jotas n\u00e6rmeste har sagt at Jota selv ville ha sagt at fotballen og livet m\u00e5 g\u00e5 videre.\u00a0<\/p>\n<p>Nettopp dette virket \u00d8degaard klar for da han snakket p\u00e5 en pressekonferanse p\u00e5 Ullevaal mandag.<\/p>\n<p>Mediesirkuset rundt bryllupet, en Se og H\u00f8r-fotograf som ble b\u00e5ret vekk med bar mage &#8211; og den nye sveisen: Alt er snakket ferdig. N\u00e5 handler det om \u00e5 vinne mot Moldova.\u00a0<\/p>\n<p>Og \u00d8degaard er klar.<\/p>\n<p>          <img loading=\"lazy\" decoding=\"async\" src=\"https:\/\/www.europesays.com\/no\/wp-content\/uploads\/2025\/09\/1757348291_117_83563855.webp\" width=\"686\" height=\"501\" title=\"MUSKELKRAFT: En fotograf fra Se og H\u00f8r ble eskortert vekk fra bryllupsomr\u00e5det av to bestemte menn. Hendelsen er anmeldt. Foto: NTB\" alt=\"\" class=\"\" style=\"--aspect-ratio-image: 1.37; \"\/><\/p>\n<p>\n          MUSKELKRAFT: En fotograf fra Se og H\u00f8r ble eskortert vekk fra bryllupsomr\u00e5det av to bestemte menn. Hendelsen er anmeldt. Foto: NTB\n      <\/p>\n<p>23. august skadet han skulderen mot Leeds. Om situasjonen sier han til Dagbladet:<\/p>\n<p>&#8211; Jeg landet p\u00e5 skulderen ganske hardt. Det var ikke optimalt. Det var ganske vondt en periode. Men det g\u00e5r ganske bra n\u00e5. Jeg f\u00f8ler at jeg har bra kontroll p\u00e5 det n\u00e5, s\u00e5 jeg er klar.<\/p>\n<p class=\"italic m-italic\" data-lab-italic=\"italic\">&#8211; Du er klar for 90 minutter?<\/p>\n<p>&#8211; Ja, jeg er klar for kamp. Om det blir 90 minutter eller ikke, er opp til St\u00e5le.<\/p>\n<p>        Erling Braut Haaland fikk et ublidt m\u00f8te med bussen. Video: NTB, S\u00f8r\u00f8 Olsen\/Dagbladet TV-sporten<\/p>\n<p>Utad vil ingen snakke om betydningen av \u00e5 vinne med mange m\u00e5l over Moldova. St\u00e5le Solbakken vil heller ikke snakke om det perfekte utfallet for Norge n\u00e5r Israel og Italia barker sammen i Debrecen mandag kveld.<\/p>\n<p>&#8211; Jeg konsentrerer meg om v\u00e5re kamper. Jeg er ikke s\u00e5 opptatt av det der. Vi f\u00e5r ikke gjort noe med det, sier Solbakken til Dagbladet.<\/p>\n<p>        Pr\u00f8ver Erling Braut Haaland \u00e5 unng\u00e5 fotografene? Video: Ljosland<\/p>\n<p> Han signaliserer at i kveld er det valgsendingene som teller. Og stemmeseddelen er levert.\u00a0<\/p>\n<p>For landslagssjefen blir det Arbeiderpartiet.<\/p>\n","protected":false},"excerpt":{"rendered":"Rystet av d\u00f8dsfall: Martin \u00d8degaard til Dagbladet: &#8211; N\u00e5r det er s\u00e5 n\u00e6rt, blir det sjokkerende. RYSTET: Martin&hellip;\n","protected":false},"author":2,"featured_media":29792,"comment_status":"","ping_status":"","sticky":false,"template":"","format":"standard","meta":{"footnotes":""},"categories":[5],"tags":[20,21,24,25,92,15,19,22,23,17,18,181,13,30,28,29,14,16,83,26,27],"class_list":{"0":"post-29791","1":"post","2":"type-post","3":"status-publish","4":"format-standard","5":"has-post-thumbnail","7":"category-overskrifter","8":"tag-breaking-news","9":"tag-breakingnews","10":"tag-featured-news","11":"tag-featurednews","12":"tag-fotball","13":"tag-headlines","14":"tag-hovedoppslag","15":"tag-latest-news","16":"tag-latestnews","17":"tag-main-news","18":"tag-mainnews","19":"tag-martin-odegaard","20":"tag-news","21":"tag-no","22":"tag-norge","23":"tag-norway","24":"tag-nyheter","25":"tag-overskrifter","26":"tag-sport","27":"tag-top-stories","28":"tag-topstories"},"share_on_mastodon":{"url":"","error":""},"_links":{"self":[{"href":"https:\/\/www.europesays.com\/no\/wp-json\/wp\/v2\/posts\/29791","targetHints":{"allow":["GET"]}}],"collection":[{"href":"https:\/\/www.europesays.com\/no\/wp-json\/wp\/v2\/posts"}],"about":[{"href":"https:\/\/www.europesays.com\/no\/wp-json\/wp\/v2\/types\/post"}],"author":[{"embeddable":true,"href":"https:\/\/www.europesays.com\/no\/wp-json\/wp\/v2\/users\/2"}],"replies":[{"embeddable":true,"href":"https:\/\/www.europesays.com\/no\/wp-json\/wp\/v2\/comments?post=29791"}],"version-history":[{"count":0,"href":"https:\/\/www.europesays.com\/no\/wp-json\/wp\/v2\/posts\/29791\/revisions"}],"wp:featuredmedia":[{"embeddable":true,"href":"https:\/\/www.europesays.com\/no\/wp-json\/wp\/v2\/media\/29792"}],"wp:attachment":[{"href":"https:\/\/www.europesays.com\/no\/wp-json\/wp\/v2\/media?parent=29791"}],"wp:term":[{"taxonomy":"category","embeddable":true,"href":"https:\/\/www.europesays.com\/no\/wp-json\/wp\/v2\/categories?post=29791"},{"taxonomy":"post_tag","embeddable":true,"href":"https:\/\/www.europesays.com\/no\/wp-json\/wp\/v2\/tags?post=29791"}],"curies":[{"name":"wp","href":"https:\/\/api.w.org\/{rel}","templated":true}]}}