{"id":29823,"date":"2025-09-08T16:53:12","date_gmt":"2025-09-08T16:53:12","guid":{"rendered":"https:\/\/www.europesays.com\/no\/29823\/"},"modified":"2025-09-08T16:53:12","modified_gmt":"2025-09-08T16:53:12","slug":"norgesdemokratene-holder-vake-i-oslo-vil-ikke-si-hvor-de-er","status":"publish","type":"post","link":"https:\/\/www.europesays.com\/no\/29823\/","title":{"rendered":"Norgesdemokratene holder vake i Oslo. Vil ikke si hvor de er"},"content":{"rendered":"<p>&#8211; De sier \u00abvi har nok ledig plass, jeg ringer deg opp igjen\u00bb. Men s\u00e5 ringer de opp igjen og sier at det ikke er ledig likevel. Det er ikke sant, vettu.<\/p>\n<p class=\"font-weight-bold m-font-weight-bold\" data-lab-font_weight=\"font-weight-bold\">Det sier Norgesdemokratenes organisatoriske leder Tom Stian \u00d8hman til Dagbladet, noen f\u00e5 timer f\u00f8r deres egen valgvake starter.\u00a0<\/p>\n<p>    <a itemprop=\"url\" href=\"https:\/\/www.dagbladet.no\/nyheter\/demonstrerer-mot-nytt-afd-besok-i-oslo\/83554285\" rel=\"nofollow noopener\" target=\"_blank\"><\/p>\n<p>      <img loading=\"lazy\" decoding=\"async\" src=\"https:\/\/www.europesays.com\/no\/wp-content\/uploads\/2025\/09\/1757350389_825_83554446.webp\" width=\"980\" height=\"441\" title=\"Demonstrerer mot nytt AfD-bes\u00f8k i Oslo\" alt=\"\" class=\"lazyload\" style=\"--aspect-ratio-image: 2.22; \"\/><\/p>\n<p>        Demonstrerer mot nytt AfD-bes\u00f8k i Oslo<\/p>\n<p>    <\/a><\/p>\n<p>De m\u00e5tte jobbe hardt for \u00e5 finne seg et sted \u00e5 v\u00e6re p\u00e5 valgkvelden.<\/p>\n<p>Men hvor de har endt opp, det vil de ikke si.\u00a0<\/p>\n<p>&#8211; Vi kan ikke si det f\u00f8r klokka 18. Vi har pr\u00f8vd flere hoteller i Oslo. Fikk ikke v\u00e6re der siden vi er Norgesdemokratene. Det er en skandale.\u00a0<\/p>\n<p>          <img loading=\"lazy\" decoding=\"async\" src=\"https:\/\/www.europesays.com\/no\/wp-content\/uploads\/2025\/09\/83564621.webp\" width=\"980\" height=\"559\" title=\"SKAPTE KAOS: Geir Ugland Jacobsen fra Norgesdemokratene og Lena Kotre fra tyske Afd under en \u00abspasertur\u00bb gjennom Oslo med start p\u00e5 Gr\u00f8nland og videre til Youngstorget og Eidsvolls plass. Foto: Lars Eivind Bones \/ Dagbladet\" alt=\"\" class=\"\" style=\"--aspect-ratio-image: 1.75; \"\/><\/p>\n<p>\n          SKAPTE KAOS: Geir Ugland Jacobsen fra Norgesdemokratene og Lena Kotre fra tyske Afd under en \u00abspasertur\u00bb gjennom Oslo med start p\u00e5 Gr\u00f8nland og videre til Youngstorget og Eidsvolls plass. Foto: Lars Eivind Bones \/ Dagbladet\n      <\/p>\n<p>Partiet er p\u00e5 den radikale h\u00f8yresiden og f\u00f8rer s\u00e5kalt nasjonalkonservativ politikk med \u00abNorge f\u00f8rst\u00bb som hovedslagord.<\/p>\n<p>Var det opp til dem, skulle \u00abNorge styres av Norge\u00bb, sier han. Derfor mener mange at de \u00aber rasister\u00bb, opplever\u00a0\u00d8hman.\u00a0<\/p>\n<p>&#8211; Det er takket v\u00e6re H\u00f8yre, Frp, regjeringen .. Vi blir kalt rasister, alle slags mulige hersketeknikker, mener han.\u00a0<\/p>\n<p>&#8211; Redd for at de blir ringt ned\t<\/p>\n<p class=\"italic m-italic\" data-lab-italic=\"italic\">&#8211; Hvorfor vil dere ikke si hvor dere er?\u00a0<\/p>\n<p>&#8211; Vi er redd for at de vi er hos skal bli ringt ned av venstreradikale kokoer. Da f\u00e5r de ikke til \u00e5 drive. Men vi er i Oslo.\u00a0\u00a0<\/p>\n<p>\u00d8hman vi trekke en sammenligning mellom eget parti og Milj\u00f8partiet de gr\u00f8nne og R\u00f8dt.\u00a0<\/p>\n<p>&#8211; Selv om vi hadde \u00e9n prosent ved forrige valg, s\u00e5 var vi likevel ikke med i en eneste debatt eller ett intervju. R\u00f8dt og Mdg hadde vel cirka et halvt poeng da de fikk tilgang p\u00e5 mainstream media. Vi fikk ikke det, vi er utestengt over alt.<\/p>\n<p>Norgesdemokratene fikk 1,1 prosent av stemmene ved stortingsvalget i 2021. Det tilsvarte i overkant av 34 000 stemmer, og partiet var da det st\u00f8rste uten stortingsrepresentasjon.\u00a0<\/p>\n<p>          <img loading=\"lazy\" decoding=\"async\" src=\"https:\/\/www.europesays.com\/no\/wp-content\/uploads\/2025\/09\/83564587.webp\" width=\"686\" height=\"872\" title=\"HAR STEMT: \u00d8hman har lagt ut dette bildet p\u00e5 egen Facebook. Foto: Privat\" alt=\"\" class=\"\" style=\"--aspect-ratio-image: 0.79; \"\/><\/p>\n<p>\n          HAR STEMT: \u00d8hman har lagt ut dette bildet p\u00e5 egen Facebook. Foto: Privat\n      <\/p>\n<p>Han mener ogs\u00e5 at \u00abmedia er samkj\u00f8rte\u00bb, og forklarer:\u00a0<\/p>\n<p>&#8211; De tenker \u00abvi skal ikke snakke om dem\u00bb. F\u00f8r skrev de drittpakker om oss, men det gj\u00f8r de heller ikke lenger, for da f\u00e5r vi tilsvarsrett. Det tror jeg du ser selv ogs\u00e5, hvis du tenker deg om litt.<\/p>\n<p class=\"italic m-italic\" data-lab-italic=\"italic\">&#8211; Hvorfor tror du det s\u00e5nn da?\u00a0<\/p>\n<p>&#8211; Ap og H\u00f8yre \u00f8nsker \u00e5 kalle oss rasister, putinister, antivaksere &#8230;\u00a0 Alt. Men vi snakker om det vi mener er sannheten.<\/p>\n<p class=\"italic m-italic\" data-lab-italic=\"italic\">&#8211; Hva er sannheten?<\/p>\n<p>&#8211; At vi er nasjonalkonservative og vil bevare landet, kulturen, v\u00e5re selvr\u00e5derett og selvforsyning. Alt det de andre bryter. Det er ikke tvil som at de bryter grunnloven, for <a href=\"https:\/\/www.stortinget.no\/no\/stortinget-og-demokratiet\/grunnloven\/grunnloven-av-4-november-1814\/\" target=\"_blank\" rel=\"nofollow noopener\">i den st\u00e5r det at <\/a>\u00abNorge er et udelelig rike og kan ikke gis bort\u00bb. Det st\u00e5r i straffeloven at du kan f\u00e5 21 \u00e5rs fengsel om du bryter selvr\u00e5deretten.<\/p>\n<p>    Norgesdemokratene:<\/p>\n<ul>\n<li>\n<p>Partiet ble stiftet i 2002 under navnet Demokratene, og skiftet i 2023 navn til Norgesdemokratene for \u00e5 markere avstand fra USA&#8217;s Democratic Party og tydeliggj\u00f8re en norsk, nasjonalkonservativ profil.<\/p>\n<\/li>\n<li>\n<p>Partiet omtaler seg som et folkeparti uten tilknytning til internasjonale bevegelser.<\/p>\n<\/li>\n<li>\n<p>Ideologisk vektlegger partiet kristne verdier, norsk suverenitet, motstand mot globalisme, og nasjonal kontroll over grunnleggende avtaler som E\u00d8S, FN, og WHO.<\/p>\n<\/li>\n<\/ul>\n<p>Partileder og sentrale personer<\/p>\n<ul>\n<li>\n<p>Geir Ugland Jacobsen har v\u00e6rt partileder siden 2021, og har bakgrunn fra n\u00e6ringslivet og tidligere Fremskrittspartiet.<\/p>\n<\/li>\n<li>\n<p>Sentralstyret inkluderer blant annet \u00d8yvind Eikrem, Tom Stian \u00d8hman, Ole Anders Flatmo og Richard Krogstad.<\/p>\n<\/li>\n<\/ul>\n<p>      Vis mer<br \/>\n      Vis mindre<\/p>\n<p>&#8211; Det verste er Ap\t<\/p>\n<p>Dagbladet sp\u00f8r ham om det verst tenkelige utfallet i kveld, slik han ser det.\u00a0<\/p>\n<p>&#8211; Det verste er om Ap vinner, det er det ingen tvil om. H\u00f8yre p\u00e5 en god andreplass, Listthaug ogs\u00e5. Jeg satt i lokallaget i bydel p\u00e5 Alna, Frp, jeg &#8211; f\u00f8r. Folk tror at de er nasjonalkonservative, men det er de ikke. Det er en l\u00f8gn. Men vi er det!<\/p>\n<p>De blir mellom 80 og 100 p\u00e5 vaken i kveld, tror han.\u00a0<\/p>\n<p>&#8211; Vi har vaker over hele landet. G\u00e5r det bra, s\u00e5 f\u00e5r vi fire prosent, og da f\u00e5r vi bes\u00f8k av all media som finnes. Derfor m\u00e5 vi ha et samlingssted i Oslo. Men jeg blir ikke overrasket om vi havner p\u00e5 ett prosent, det skulle ikke forundre meg &#8211; for vi f\u00e5r ikke engang lov til \u00e5 stille p\u00e5 skolevalg.\u00a0<\/p>\n<p>          <img loading=\"lazy\" decoding=\"async\" src=\"https:\/\/www.europesays.com\/no\/wp-content\/uploads\/2025\/09\/83564496.webp\" width=\"980\" height=\"559\" title=\"GR\u00d8NLAND: Politiet skilte motdemonstranter og st\u00f8ttestpillere da politikeren Lena Kotr\u00e9 fra tyske AfD dukket opp p\u00e5 Gr\u00f8nland i Oslo. Foto: Thomas Fure \/ NTB\" alt=\"\" class=\"\" style=\"--aspect-ratio-image: 1.75; \"\/><\/p>\n<p>\n          GR\u00d8NLAND: Politiet skilte motdemonstranter og st\u00f8ttestpillere da politikeren Lena Kotr\u00e9 fra tyske AfD dukket opp p\u00e5 Gr\u00f8nland i Oslo. Foto: Thomas Fure \/ NTB\n      <\/p>\n<p>&#8211; Det eneste vi jobber for, er landet v\u00e5r, at Norge skal styre Norge. Det er ikke vanskeligere enn det, sier\u00a0\u00d8hman.\u00a0<\/p>\n<p>Ble skrevet om\t<\/p>\n<p>Partiet vakte oppsikt for noen uker siden, da det oppsto fullt kaos da en politiker fra Alternative f\u00fcr Deutschland (AfD) gjestet en \u00abbefaring\u00bb arrangert av Norgesdemokratenes p\u00e5 Gr\u00f8nland i Oslo.\u00a0<\/p>\n<p>Kotr\u00e9 ble <a href=\"https:\/\/www.dagbladet.no\/nyheter\/demonstrerer-mot-nytt-afd-besok-i-oslo\/83554285\" target=\"_blank\" rel=\"nofollow noopener\">evakuert kort tid etter ankomst<\/a> av hensyn til \u00abliv og helse\u00bb, skrev Dagbladet da. Noen dager seinere pr\u00f8vde de seg p\u00e5 ny. Den gang hadde Norgesdemokratene kalt det en \u00abspasertur\u00bb fra Gr\u00f8nland via Youngstorget til Eidsvolls plass foran Stortinget.<\/p>\n<p>Politiet var tungt til stede i Oslo sentrum da et betydelig antall motdemonstranter m\u00f8tte opp. De ropte \u00abhele Oslo hater fascister\u00bb og \u00abingen fascister i v\u00e5re gater\u00bb.<\/p>\n<p>Reagerte p\u00e5 eventet\t<\/p>\n<p>Den tyske sikkerhetstjenesten har stemplet flere av AfDs regionale avdelinger p\u00e5 sin liste over h\u00f8yreekstreme grupper. Avdelingen i Brandenburg, som Lena Kotr\u00e9 tilh\u00f8rer, er blant disse.<\/p>\n<p>Ordf\u00f8rer Anne Lindboe (H) reagerte sterkt p\u00e5 arrangementet, og p\u00e5 at hun selv figurerte i partiets invitasjon p\u00e5 Facebook.<\/p>\n<p>&#8211; Rett etter det rasistisk motiverte drapet p\u00e5 Tamima synes Norgesdemokratene at det er passende med en ny \u00abinspeksjon\u00bb p\u00e5 Gr\u00f8nland sammen med tyske AfD. Og de bruker meg som \u00abpostergirl\u00bb i invitasjonen. Jeg vil p\u00e5 det sterkeste ta avstand fra dette totalt uf\u00f8lsomme, polariserende stuntet, skrev Lindboe p\u00e5 Facebook f\u00f8r arrangementet.\u00a0<\/p>\n","protected":false},"excerpt":{"rendered":"&#8211; De sier \u00abvi har nok ledig plass, jeg ringer deg opp igjen\u00bb. Men s\u00e5 ringer de opp&hellip;\n","protected":false},"author":2,"featured_media":29824,"comment_status":"","ping_status":"","sticky":false,"template":"","format":"standard","meta":{"footnotes":""},"categories":[5],"tags":[20,21,24,25,15,19,2539,22,23,17,18,13,30,28,29,14,16,26,27],"class_list":{"0":"post-29823","1":"post","2":"type-post","3":"status-publish","4":"format-standard","5":"has-post-thumbnail","7":"category-overskrifter","8":"tag-breaking-news","9":"tag-breakingnews","10":"tag-featured-news","11":"tag-featurednews","12":"tag-headlines","13":"tag-hovedoppslag","14":"tag-innenriks","15":"tag-latest-news","16":"tag-latestnews","17":"tag-main-news","18":"tag-mainnews","19":"tag-news","20":"tag-no","21":"tag-norge","22":"tag-norway","23":"tag-nyheter","24":"tag-overskrifter","25":"tag-top-stories","26":"tag-topstories"},"share_on_mastodon":{"url":"","error":""},"_links":{"self":[{"href":"https:\/\/www.europesays.com\/no\/wp-json\/wp\/v2\/posts\/29823","targetHints":{"allow":["GET"]}}],"collection":[{"href":"https:\/\/www.europesays.com\/no\/wp-json\/wp\/v2\/posts"}],"about":[{"href":"https:\/\/www.europesays.com\/no\/wp-json\/wp\/v2\/types\/post"}],"author":[{"embeddable":true,"href":"https:\/\/www.europesays.com\/no\/wp-json\/wp\/v2\/users\/2"}],"replies":[{"embeddable":true,"href":"https:\/\/www.europesays.com\/no\/wp-json\/wp\/v2\/comments?post=29823"}],"version-history":[{"count":0,"href":"https:\/\/www.europesays.com\/no\/wp-json\/wp\/v2\/posts\/29823\/revisions"}],"wp:featuredmedia":[{"embeddable":true,"href":"https:\/\/www.europesays.com\/no\/wp-json\/wp\/v2\/media\/29824"}],"wp:attachment":[{"href":"https:\/\/www.europesays.com\/no\/wp-json\/wp\/v2\/media?parent=29823"}],"wp:term":[{"taxonomy":"category","embeddable":true,"href":"https:\/\/www.europesays.com\/no\/wp-json\/wp\/v2\/categories?post=29823"},{"taxonomy":"post_tag","embeddable":true,"href":"https:\/\/www.europesays.com\/no\/wp-json\/wp\/v2\/tags?post=29823"}],"curies":[{"name":"wp","href":"https:\/\/api.w.org\/{rel}","templated":true}]}}