{"id":29825,"date":"2025-09-08T16:54:08","date_gmt":"2025-09-08T16:54:08","guid":{"rendered":"https:\/\/www.europesays.com\/no\/29825\/"},"modified":"2025-09-08T16:54:08","modified_gmt":"2025-09-08T16:54:08","slug":"manchester-city-inngikk-forlik-med-premier-league","status":"publish","type":"post","link":"https:\/\/www.europesays.com\/no\/29825\/","title":{"rendered":"Manchester City inngikk forlik med Premier League"},"content":{"rendered":"\n<p class=\"_lead_ew2ao_2 _lead_xtcu6_50 layout-component text-serif-m layout-normal text-serif-l layout-component layout-wide layout-padded _wide_17hqh_1 layout-padded\">Klubben f\u00e5r gr\u00f8nt lys for milliardavtale med Etihad Airways, hevder Daily Mail.<\/p>\n<p><img alt=\"Oscar Bobb og Erling Braut Haaland i aksjon mot Wolverhampton i Premier League. Foto: Nick Potts \/ Pa Photos \/ NTB\" class=\"_image_qp4xg_65 layout-component layout-wide\" data-fullscreen- data-track-element-type=\"Article image fullscreen\" data-track-name=\"ImageFullscreen\" fetchpriority=\"high\" decoding=\"sync\" loading=\"eager\" height=\"2980\" itemprop=\"image\"  src=\"https:\/\/www.europesays.com\/no\/wp-content\/uploads\/2025\/09\/c98fd755-71eb-4ec2-968b-78e8b9b66522\"  style=\"object-position:0% 0%\" width=\"4422\"\/>Oscar Bobb og Erling Braut Haaland i aksjon mot Wolverhampton i Premier League. Foto: Nick Potts \/ Pa Photos \/ NTB<\/p>\n<ul aria-hidden=\"true\" class=\"_images_1y6fe_106\">\n<li><a class=\"_link_1y6fe_111\" href=\"https:\/\/www.vg.no\/forfatter\/andreas-hopen\" style=\"z-index:1\" title=\"Andreas Hopen\" rel=\"nofollow noopener\" target=\"_blank\"><img alt=\"Bilde av Andreas Hopen\" class=\"_image_1y6fe_88\" fetchpriority=\"low\" loading=\"lazy\" decoding=\"async\" itemprop=\"image\"  src=\"https:\/\/www.europesays.com\/no\/wp-content\/uploads\/2025\/09\/1757350448_570_8d697287-ea03-4d54-ab67-6d65b82629eb\"  width=\"480\"\/><\/a><\/li>\n<\/ul>\n<p> Oppdatert mandag 8. september kl. 17:35    <\/p>\n<ul class=\"_list_ew2ao_3 _list_64s2r_85 _unordered_ew2ao_99 text-sans-m\">\n<li class=\"_item_ew2ao_30\">Manchester City og Premier League har inng\u00e5tt et forlik om sponsorregelbrudd.<\/li>\n<li class=\"_item_ew2ao_30\">Klubben ble anklaget for \u00e5 bryte regler med avtalen med Etihad Airways.<\/li>\n<li class=\"_item_ew2ao_30\">City godtok at de eksisterende reglene er gyldige.<\/li>\n<li class=\"_item_ew2ao_30\">Hindringene for milliardavtalen med Etihad er n\u00e5 fjernet.<\/li>\n<\/ul>\n<p>Vis mer <\/p>\n<p class=\"_paragraph_ew2ao_4 _paragraph_xtcu6_10 layout-component text-serif-m layout-normal text-serif-m layout-padded\">Manchester City og <a href=\"https:\/\/www.vg.no\/tag\/premier-league?utm_source=vg-article&amp;utm_medium=auto-tagger&amp;utm_campaign=kwlvKB\" class=\"_link_ew2ao_39\" rel=\"nofollow noopener\" target=\"_blank\">Premier League<\/a> har inng\u00e5tt et forlik som avslutter en langvarig juridisk strid om sponsoravtaler. <\/p>\n<p class=\"_paragraph_ew2ao_4 _paragraph_xtcu6_10 layout-component text-serif-m layout-normal text-serif-m layout-padded\">Klubben ble anklaget for brudd p\u00e5 Premier Leagues APT-regler. Dette er regler som skal hindre eiere fra \u00e5 finansiere fotballklubber gjennom kunstige sponsoravtaler.<\/p>\n<p class=\"_paragraph_ew2ao_4 _paragraph_xtcu6_10 layout-component text-serif-m layout-normal text-serif-m layout-padded\">Mandag publiserte Manchester City <a href=\"https:\/\/www.mancity.com\/news\/club\/club-statement-manchester-city-premier-league-63892937\" class=\"_link_ew2ao_39\" rel=\"nofollow noopener\" target=\"_blank\">nyheten<\/a> om at klubben og Premier League har inng\u00e5tt et forlik i saken.<\/p>\n<p class=\"_paragraph_ew2ao_4 _paragraph_xtcu6_10 layout-component text-serif-m layout-normal text-serif-m layout-padded\">Konflikten startet i 2023 da Premier League blokkerte en foresl\u00e5tt avtale mellom City og flyselskapet Etihad Airways. Ligaen mente avtalen ikke hadde \u00abrettferdig markedsverdi\u00bb under de gjeldende reglene, skriver\u00a0<a href=\"https:\/\/www.dailymail.co.uk\/sport\/football\/article-15077029\/Man-Citys-war-Premier-League-big-money-sponsorship-deals-ENDS-deal-reached.html\" class=\"_link_ew2ao_39\" rel=\"nofollow noopener\" target=\"_blank\">Daily Mail<\/a>.<\/p>\n<p class=\"_paragraph_ew2ao_4 _paragraph_xtcu6_10 layout-component text-serif-m layout-normal text-serif-m layout-padded\">City gikk til juridisk kamp og fikk medhold. En uavhengig domstol slo fast at Premier Leagues regler for kommersielle partnerskap med tilknyttede parter var \u00abulovlige og ikke mulig \u00e5 h\u00e5ndheve\u00bb.<\/p>\n<p class=\"_paragraph_ew2ao_4 _paragraph_xtcu6_10 layout-component text-serif-m layout-normal text-serif-m layout-padded\">Til tross for trusselen om ytterligere rettslige skritt, valgte Premier League \u00e5 justere reglene i stedet for \u00e5 omskrive dem helt. City reagerte igjen, og en ny h\u00f8ring var planlagt neste m\u00e5ned.<\/p>\n<p class=\"_paragraph_ew2ao_4 _paragraph_xtcu6_10 layout-component text-serif-m layout-normal text-serif-m layout-padded\">\u2013 Som del av forliket aksepterer Manchester City at de gjeldende APT-reglene er gyldige og bindende, heter det i en uttalelse.<\/p>\n<p class=\"_paragraph_ew2ao_4 _paragraph_xtcu6_10 layout-component text-serif-m layout-normal text-serif-m layout-padded\">Hindringene for Etihad-avtalen er n\u00e5 fjernet, skriver avisen. I 2011 signerte City en ti\u00e5rig avtale p\u00e5 <strong class=\"_strong_ew2ao_25\">5,4 milliarder norske kroner<\/strong> med det statseide flyselskapet fra Abu Dhabi. Avtalen ble fornyet, men hvor mye den nye avtalen er verdt er ikke kjent, men trolig er den enda st\u00f8rre enn den foreg\u00e5ende.<\/p>\n<p class=\"_paragraph_ew2ao_4 _paragraph_xtcu6_10 layout-component text-serif-m layout-normal text-serif-m layout-padded\">De s\u00e5kalte APT-reglene (associated party transaction) ble innf\u00f8rt i 2021, da Newcastle fikk saudiarabiske eiere.<\/p>\n<p class=\"_paragraph_ew2ao_4 _paragraph_xtcu6_10 layout-component text-serif-m layout-normal text-serif-m layout-padded\">City fikk i fjor delvis medhold i et s\u00f8ksm\u00e5l mot Premier League om regelverket. Forslaget som senere ble vedtatt av et flertall av klubbene, hadde tatt hensyn til klagepunktene som City vant fram p\u00e5.<\/p>\n<p class=\"_paragraph_ew2ao_4 _paragraph_xtcu6_10 layout-component text-serif-m layout-normal text-serif-m layout-padded\">Forliket er ikke knyttet til Premier Leagues sak mot City for over 115 p\u00e5st\u00e5tte regelbrudd.<\/p>\n","protected":false},"excerpt":{"rendered":"Klubben f\u00e5r gr\u00f8nt lys for milliardavtale med Etihad Airways, hevder Daily Mail. Oscar Bobb og Erling Braut Haaland&hellip;\n","protected":false},"author":2,"featured_media":29826,"comment_status":"","ping_status":"","sticky":false,"template":"","format":"standard","meta":{"footnotes":""},"categories":[59],"tags":[92,671,30,28,29,161,83,82],"class_list":{"0":"post-29825","1":"post","2":"type-post","3":"status-publish","4":"format-standard","5":"has-post-thumbnail","7":"category-sport","8":"tag-fotball","9":"tag-manchester-city","10":"tag-no","11":"tag-norge","12":"tag-norway","13":"tag-premier-league","14":"tag-sport","15":"tag-sports"},"share_on_mastodon":{"url":"","error":""},"_links":{"self":[{"href":"https:\/\/www.europesays.com\/no\/wp-json\/wp\/v2\/posts\/29825","targetHints":{"allow":["GET"]}}],"collection":[{"href":"https:\/\/www.europesays.com\/no\/wp-json\/wp\/v2\/posts"}],"about":[{"href":"https:\/\/www.europesays.com\/no\/wp-json\/wp\/v2\/types\/post"}],"author":[{"embeddable":true,"href":"https:\/\/www.europesays.com\/no\/wp-json\/wp\/v2\/users\/2"}],"replies":[{"embeddable":true,"href":"https:\/\/www.europesays.com\/no\/wp-json\/wp\/v2\/comments?post=29825"}],"version-history":[{"count":0,"href":"https:\/\/www.europesays.com\/no\/wp-json\/wp\/v2\/posts\/29825\/revisions"}],"wp:featuredmedia":[{"embeddable":true,"href":"https:\/\/www.europesays.com\/no\/wp-json\/wp\/v2\/media\/29826"}],"wp:attachment":[{"href":"https:\/\/www.europesays.com\/no\/wp-json\/wp\/v2\/media?parent=29825"}],"wp:term":[{"taxonomy":"category","embeddable":true,"href":"https:\/\/www.europesays.com\/no\/wp-json\/wp\/v2\/categories?post=29825"},{"taxonomy":"post_tag","embeddable":true,"href":"https:\/\/www.europesays.com\/no\/wp-json\/wp\/v2\/tags?post=29825"}],"curies":[{"name":"wp","href":"https:\/\/api.w.org\/{rel}","templated":true}]}}