{"id":29841,"date":"2025-09-08T17:07:11","date_gmt":"2025-09-08T17:07:11","guid":{"rendered":"https:\/\/www.europesays.com\/no\/29841\/"},"modified":"2025-09-08T17:07:11","modified_gmt":"2025-09-08T17:07:11","slug":"trond-giske-om-sylvi-som-statsminister","status":"publish","type":"post","link":"https:\/\/www.europesays.com\/no\/29841\/","title":{"rendered":"Trond Giske om Sylvi som statsminister:"},"content":{"rendered":"<p class=\"kicker \" style=\"\">Giske om Sylvi som statsminister:<\/p>\n<p>  Dagbladet B\u00f8rsen m\u00f8tte Giske ved valgurna. Der delte han sine tanker om Sylvi som potensiell statsminister &#8211; og om reforhandling av E\u00d8S-avtalen.<\/p>\n<p>\n    KRYSSER FINGRENE: Trond Giske stemmer ved Hovedbiblioteket i Trondheim p\u00e5 valgdagen. Han h\u00e5per p\u00e5 r\u00f8dgr\u00f8nt flertall, men kommenterer sjansen for bl\u00e5 regjering. Foto: Hans Arne Vedlog \/ Dagbladet.\n  <\/p>\n<p>    Kort fortalt<\/p>\n<p lang=\"nb-NO\">Trond Giske har stemt i Trondheim og uttrykker optimisme for valget, med fokus p\u00e5 bedre \u00f8konomi og velferd.<\/p>\n<p lang=\"nb-NO\">Giske \u00f8nsker \u00e5 bruke handlingsrommet i E\u00d8S-avtalen for \u00e5 sikre billig str\u00f8m, til tross for St\u00f8res avvisning av reforhandling.<\/p>\n<p lang=\"nb-NO\">Han ser fram til \u00e5 v\u00e6re en del av et stort lag i Stortinget og h\u00e5per p\u00e5 et sterkt Arbeiderparti for trygg styring.<\/p>\n<p lang=\"nb-NO\">Giske er ikke bekymret for Frps fremgang og mener velgerne skal bestemme, men h\u00e5per p\u00e5 venstresidens flertall.<\/p>\n<p class=\"italic ai-disclaimer\" data-lab-italic=\"italic\">Sammendraget er laget av ChatGPT og godkjent av B\u00f8rsen.<\/p>\n<p>      Vis mer<br \/>\n      Vis mindre<\/p>\n<p>TRONDHEIM (Dagbladet): Sola skinner over Trondheim by mandag 8. september, og stortingskandidat Trond Giske (Ap) har nettopp avlagt sin stemme i Hovedbibliotekets valglokaler like ved Nidelva i bartebyen.<\/p>\n<p class=\"italic m-italic\" data-lab-italic=\"italic\">&#8211; Hvordan er magef\u00f8lelsen for kvelden?<\/p>\n<p class=\"no_italic m-no_italic\" data-lab-italic=\"\">&#8211; Jeg har en god magef\u00f8lelse, men det er viktig at vi vinner, alts\u00e5. S\u00e6rlig hvis folk vil ha bedre r\u00e5d, bedre pensjon og billigere barnehage &#8211; og det trengs videre i \u00e5ra som kommer, sier han med et lurt smil.<\/p>\n<p>          <img loading=\"lazy\" decoding=\"async\" src=\"https:\/\/www.europesays.com\/no\/wp-content\/uploads\/2025\/09\/83562796.webp\" width=\"980\" height=\"559\" title=\"VIKTIG: - Bruk den demokratiske retten, sa Trond Giske idet han stemte ved Hovedbiblioteket i Trondheim mandag formiddag. Foto: Hans Arne Vedlog \/ Dagbladet.\" alt=\"\" class=\"\" style=\"--aspect-ratio-image: 1.75; \"\/><\/p>\n<p>\n          VIKTIG: &#8211; Bruk den demokratiske retten, sa Trond Giske idet han stemte ved Hovedbiblioteket i Trondheim mandag formiddag. Foto: Hans Arne Vedlog \/ Dagbladet.\n      <\/p>\n<p class=\"no_italic m-no_italic font-weight-bold m-font-weight-bold\" data-lab-italic=\"\" data-lab-font_weight=\"font-weight-bold\">Giske kom h\u00e5nd i h\u00e5nd med dattera, for \u00e5 vise henne hvordan stemmeprosessen foreg\u00e5r, forteller han.\u00a0<\/p>\n<p class=\"no_italic m-no_italic\" data-lab-italic=\"\">&#8211; Jeg lurer p\u00e5 hva pappa stemmer, sier dattera mens hun ler fra sidelinja, idet Giske trekker for gardinen og velger sin stemmeseddel.<\/p>\n<p>    <a itemprop=\"url\" href=\"https:\/\/borsen.dagbladet.no\/nyheter\/tar-oppgjor-angrep-mot-meg\/83537536\" rel=\"nofollow noopener\" target=\"_blank\"><\/p>\n<p>      <img loading=\"lazy\" decoding=\"async\" src=\"https:\/\/www.europesays.com\/no\/wp-content\/uploads\/2025\/09\/1757351229_917_83555620.webp\" width=\"980\" height=\"441\" title=\"Tar oppgj\u00f8r: - Angrep mot meg\" alt=\"\" class=\"lazyload\" style=\"--aspect-ratio-image: 2.22; \"\/><\/p>\n<p>        Tar oppgj\u00f8r: &#8211; Angrep mot meg<\/p>\n<p>    <\/a><\/p>\n<p class=\"no_italic m-no_italic\" data-lab-italic=\"\">Etterp\u00e5 humrer Giske og sier:<\/p>\n<p class=\"no_italic m-no_italic\" data-lab-italic=\"\">&#8211; Jeg g\u00e5r jo ikke akkurat i kamuflasje her jeg st\u00e5r, med rose over brystet, hehe. Det er nok ingen hemmelighet hva jeg stemmer.\u00a0<\/p>\n<p>          <img loading=\"lazy\" decoding=\"async\" src=\"https:\/\/www.europesays.com\/no\/wp-content\/uploads\/2025\/09\/83562673.webp\" width=\"980\" height=\"559\" title=\"SAMARBEID? Trond Giske h\u00e5per og krysser fingrene for r\u00f8dgr\u00f8nt flertall under \u00e5rets Stortingsvalg, men uttaler seg ogs\u00e5 om sjansen for bl\u00e5 regjering. Her avbildet sammen med Sylvi Listhaug under valgkampen i 2017. Foto: Thomas Rasmus Skaug \/ Dagbladet.\" alt=\"\" class=\"\" style=\"--aspect-ratio-image: 1.75; \"\/><\/p>\n<p>\n          SAMARBEID? Trond Giske h\u00e5per og krysser fingrene for r\u00f8dgr\u00f8nt flertall under \u00e5rets Stortingsvalg, men uttaler seg ogs\u00e5 om sjansen for bl\u00e5 regjering. Her avbildet sammen med Sylvi Listhaug under valgkampen i 2017. Foto: Thomas Rasmus Skaug \/ Dagbladet.\n      <\/p>\n<p>Viktig med handlingsrom i E\u00d8S-avtalen\t<\/p>\n<p>Den siste meningsm\u00e5lingen Norstat gjennomf\u00f8rte for Dagbladet, V\u00e5rt Land og NRK, som ble publisert fredag, ga 91 mandater til venstresiden. Borgerlig side m\u00e5les til 78 mandater.<\/p>\n<p class=\"no_italic m-no_italic font-weight-bold m-font-weight-bold\" data-lab-italic=\"\" data-lab-font_weight=\"font-weight-bold\">Men selv om meningsm\u00e5lingene de siste dagene har gitt venstresiden grunn til \u00e5 juble, er ikke de r\u00f8dgr\u00f8nne enige om alt:<\/p>\n<p class=\"no_italic m-no_italic\" data-lab-italic=\"\">Noen av partiene er blant annet annet sv\u00e6rt skeptiske til E\u00d8S-avtalen.\u00a0<\/p>\n<p class=\"no_italic m-no_italic\" data-lab-italic=\"\">Under s\u00f8ndagens TV 2-sendte statsministerduell spurte programleder Yvonne Fonden\u00e6s om reforhandling av E\u00d8S, ettersom Aps potensielle samarbeidspartnere \u00f8nsker det.\u00a0<\/p>\n<p class=\"no_italic m-no_italic\" data-lab-italic=\"\">Da var St\u00f8re rask p\u00e5 avtrekkeren:<\/p>\n<p class=\"no_italic m-no_italic font-weight-normal m-font-weight-normal\" data-lab-italic=\"\" data-lab-font_weight=\"font-weight-normal\">&#8211; Det er totalt uaktuelt.\u00a0De som peker p\u00e5 Arbeiderpartiet og sier vi skal styre, de vet hvem vi er. Vi er et parti som legger E\u00d8S-avtalen til grunn. Den skal ikke reforhandles, sa han kontant.<\/p>\n<p>    <a itemprop=\"url\" href=\"https:\/\/borsen.dagbladet.no\/nyheter\/godt-med-stottehjul\/83560506\" rel=\"nofollow noopener\" target=\"_blank\"><\/p>\n<p>      <img loading=\"lazy\" decoding=\"async\" src=\"https:\/\/www.europesays.com\/no\/wp-content\/uploads\/2025\/09\/83560520.webp\" width=\"980\" height=\"441\" title=\"- Godt med st\u00f8ttehjul\" alt=\"\" class=\"lazyload\" style=\"--aspect-ratio-image: 2.22; \"\/><\/p>\n<p>        &#8211; Godt med st\u00f8ttehjul<\/p>\n<p>    <\/a><\/p>\n<p class=\"no_italic m-no_italic font-weight-normal m-font-weight-normal\" data-lab-italic=\"\" data-lab-font_weight=\"font-weight-normal\">Mandag sp\u00f8r Dagbladet hva Giske tenker om statsministerens svar.\u00a0<\/p>\n<p class=\"no_italic m-no_italic font-weight-bold m-font-weight-bold\" data-lab-italic=\"\" data-lab-font_weight=\"font-weight-bold\">Den mange\u00e5rige statsr\u00e5den og Ap-nestlederen er nemlig en av dem som \u00f8nsker \u00e5 reforhandle deler av E\u00d8S-avtalen.\u00a0<\/p>\n<p class=\"italic m-italic\" data-lab-italic=\"italic\">&#8211; St\u00f8re garanterte at Ap ikke skal reforhandle E\u00d8S-avtalen under partilederdebatten s\u00f8ndag kveld. Hva tenker du om det?<\/p>\n<p class=\"no_italic m-no_italic\" data-lab-italic=\"\">&#8211; Vi bruker ikke ordet reforhandling, men \u00e5 bruke handlingsrommet i E\u00d8S-avtalen er viktig. Det gj\u00f8r vi n\u00e5 med Norgespris, og det b\u00f8r vi fortsette med for \u00e5 sikre at vi har billig str\u00f8m b\u00e5de til bedrifter og til folket i Norge.<\/p>\n<p>    Dagens E\u00d8S-avtale:<\/p>\n<p> Dagens E\u00d8S-avtale\u00a0knytter Norge, Island og Liechtenstein til EUs indre marked, og gir tilgang til fri bevegelighet for varer, personer, tjenester og kapital \u2013 kalt de \u00abfire friheter\u00bb.<\/p>\n<p>FrP, R\u00f8dt, SV og Senterpartiet er imidlertid misforn\u00f8yde med dagens E\u00d8S-avtale, og f\u00f8r helga lanserte ogs\u00e5 Trond Giske (Ap) et utspill om at E\u00d8S-avtalen m\u00e5 reforhandles.\u00a0<\/p>\n<p class=\"font-weight-bold m-font-weight-bold\" data-lab-font_weight=\"font-weight-bold\">Men ledelsen i Ap har sagt klart ifra om at E\u00d8S-avtalen ikke skal reforhandles, noe ogs\u00e5 ledelsen i H\u00f8yre er tydelige p\u00e5.<\/p>\n<p>&#8211; Norske regjeringer har lenge har hatt en uttalt ambisjon om \u00e5 f\u00f8re en aktiv europapolitikk, men det har i de siste \u00e5ra handlet mer om \u00e5 utnytte handlingsrommet innenfor rammen av E\u00d8S-avtalen, sier Lise Rye til<a href=\"https:\/\/gemini.no\/2025\/09\/slik-ble-norge-eus-mest-integrerte-ikke-medlem\/\" rel=\"nofollow noopener\" target=\"_blank\"> Gemini.no<\/a>, nettstedet for forskningsnytt fra NTNU og SINTEF.<\/p>\n<p>Hun er professor i europeisk samtidshistorie ved NTNU og har Norges forhold til EU og E\u00d8S-avtalen som spesialfelt.<\/p>\n<p>I en nylig publisert artikkel har Rye og postdoktor Kristine Graneng sett p\u00e5 hvordan norske politikere har presentert handlingsrommet innenfor E\u00d8S-samarbeidet i perioden 1987\u20132022.<\/p>\n<p>Et av funnene er at politikernes framstillinger av handlingsrommet farges av partienes holdning til E\u00d8S-samarbeidet og EU-medlemskap.<\/p>\n<p>      Vis mer<br \/>\n      Vis mindre<\/p>\n<p>&#8211; H\u00e5per og krysser fingrene\t<\/p>\n<p class=\"italic m-italic\" data-lab-italic=\"italic\">&#8211; Blir du en opposisjon i eget parti om du kommer p\u00e5 tinget?\u00a0<\/p>\n<p class=\"no_italic m-no_italic\" data-lab-italic=\"\">&#8211; Arbeiderpartiet har som ambisjon \u00e5 v\u00e6re et veldig stort parti, og da har vi et mangfold av milj\u00f8er og geografier, generasjoner og meninger. Men vi st\u00e5r fast p\u00e5 at vi skal ha en sterk sosialdemokratisk velferdsstat med sm\u00e5 forskjeller, organisert arbeidsliv &#8211; og ellers alle de grunnleggende velferdsgodene.<\/p>\n<p>          <img loading=\"lazy\" decoding=\"async\" src=\"https:\/\/www.europesays.com\/no\/wp-content\/uploads\/2025\/09\/83562799.webp\" width=\"980\" height=\"559\" title=\"SPENNENDE: Trond Giske sier magef\u00f8lelsen for valgkvelden er god, men han er ogs\u00e5 spent. Foto: Hans Arne Vedlog \/ Dagbladet.\" alt=\"\" class=\"\" style=\"--aspect-ratio-image: 1.75; \"\/><\/p>\n<p>\n          SPENNENDE: Trond Giske sier magef\u00f8lelsen for valgkvelden er god, men han er ogs\u00e5 spent. Foto: Hans Arne Vedlog \/ Dagbladet.\n      <\/p>\n<p class=\"no_italic m-no_italic\" data-lab-italic=\"\">&#8211; Hvordan ser du p\u00e5 egen rolle som Ap-representant?<\/p>\n<p class=\"no_italic m-no_italic\" data-lab-italic=\"\">&#8211; Jeg gleder meg til \u00e5 bli en del av et stort lag i Stortinget. Jeg h\u00e5per og krysser fingrene for et godt valg i kveld, og for at et sterkt Ap blir garanti for trygg styring av Norge, sier Giske og smiler.\u00a0<\/p>\n<p>        Frp-leder Sylvi Listhaug kom med harde karakteristikker av AUF-leder Gaute B. Skjerv\u00f8 i valgets siste NRK-debatt. Video: NRK og Jostein Sletten\/Dagbladet. <\/p>\n<p>Om Sylvi: &#8211; Skal klare \u00e5 samarbeide\t<\/p>\n<p>Ogs\u00e5 Frp ser ut til \u00e5 gj\u00f8re et brakvalg i \u00e5r. De klatrer stadig p\u00e5 meningsm\u00e5lene &#8211; og i forrige uke avsl\u00f8rte tall fra skolevalget at partiet <a href=\"https:\/\/borsen.dagbladet.no\/nyheter\/frp-klart-storst-beste-noensinne\/83535164\" style=\"font-size: 18px; font-weight: 400; font-family: ff-meta-serif-web-pro, helvetica, arial, sans-serif;\" rel=\"nofollow noopener\" target=\"_blank\">gjorde sitt beste skolevalg<\/a> noensinne.\u00a0<\/p>\n<p class=\"font-weight-bold m-font-weight-bold\" data-lab-font_weight=\"font-weight-bold\">Giske virker imidlertid ikke veldig stresset over dette:<\/p>\n<p class=\"font-weight-normal m-font-weight-normal\" data-lab-font_weight=\"font-weight-normal\">&#8211; Jeg tenker at n\u00e5 skal velgerne f\u00e5 lov til \u00e5 bestemme, sier han til Dagbladet B\u00f8rsen.<\/p>\n<p class=\"italic m-italic\" data-lab-italic=\"italic\">&#8211; Men det later til \u00e5 bli et jevnt valg, s\u00e5 hvordan ser du p\u00e5 et Norge med Sylvi som statsminister, dersom det blir et skifte?<\/p>\n<p>&#8211; Vi skal nok klare \u00e5 samarbeide selv om det blir mange partier p\u00e5 Stortinget. Av og til samarbeider vi over blokkgrensa til og med &#8211; men jeg h\u00e5per jo virkelig at det blir flertall for venstresiden, sier han avslutningsvis.<\/p>\n","protected":false},"excerpt":{"rendered":"Giske om Sylvi som statsminister: Dagbladet B\u00f8rsen m\u00f8tte Giske ved valgurna. Der delte han sine tanker om Sylvi&hellip;\n","protected":false},"author":2,"featured_media":29842,"comment_status":"","ping_status":"","sticky":false,"template":"","format":"standard","meta":{"footnotes":""},"categories":[5],"tags":[499,20,21,24,25,15,19,201,22,23,17,18,13,30,28,29,14,16,4005,776,200,26,27,4712,596],"class_list":{"0":"post-29841","1":"post","2":"type-post","3":"status-publish","4":"format-standard","5":"has-post-thumbnail","7":"category-overskrifter","8":"tag-arbeiderpartiet","9":"tag-breaking-news","10":"tag-breakingnews","11":"tag-featured-news","12":"tag-featurednews","13":"tag-headlines","14":"tag-hovedoppslag","15":"tag-jonas-gahr-store","16":"tag-latest-news","17":"tag-latestnews","18":"tag-main-news","19":"tag-mainnews","20":"tag-news","21":"tag-no","22":"tag-norge","23":"tag-norway","24":"tag-nyheter","25":"tag-overskrifter","26":"tag-some","27":"tag-stortingsvalg-2025","28":"tag-sylvi-listhaug","29":"tag-top-stories","30":"tag-topstories","31":"tag-trond-giske","32":"tag-trondheim"},"share_on_mastodon":{"url":"","error":""},"_links":{"self":[{"href":"https:\/\/www.europesays.com\/no\/wp-json\/wp\/v2\/posts\/29841","targetHints":{"allow":["GET"]}}],"collection":[{"href":"https:\/\/www.europesays.com\/no\/wp-json\/wp\/v2\/posts"}],"about":[{"href":"https:\/\/www.europesays.com\/no\/wp-json\/wp\/v2\/types\/post"}],"author":[{"embeddable":true,"href":"https:\/\/www.europesays.com\/no\/wp-json\/wp\/v2\/users\/2"}],"replies":[{"embeddable":true,"href":"https:\/\/www.europesays.com\/no\/wp-json\/wp\/v2\/comments?post=29841"}],"version-history":[{"count":0,"href":"https:\/\/www.europesays.com\/no\/wp-json\/wp\/v2\/posts\/29841\/revisions"}],"wp:featuredmedia":[{"embeddable":true,"href":"https:\/\/www.europesays.com\/no\/wp-json\/wp\/v2\/media\/29842"}],"wp:attachment":[{"href":"https:\/\/www.europesays.com\/no\/wp-json\/wp\/v2\/media?parent=29841"}],"wp:term":[{"taxonomy":"category","embeddable":true,"href":"https:\/\/www.europesays.com\/no\/wp-json\/wp\/v2\/categories?post=29841"},{"taxonomy":"post_tag","embeddable":true,"href":"https:\/\/www.europesays.com\/no\/wp-json\/wp\/v2\/tags?post=29841"}],"curies":[{"name":"wp","href":"https:\/\/api.w.org\/{rel}","templated":true}]}}