{"id":29843,"date":"2025-09-08T17:08:08","date_gmt":"2025-09-08T17:08:08","guid":{"rendered":"https:\/\/www.europesays.com\/no\/29843\/"},"modified":"2025-09-08T17:08:08","modified_gmt":"2025-09-08T17:08:08","slug":"bryr-meg-ikke-sa-mye","status":"publish","type":"post","link":"https:\/\/www.europesays.com\/no\/29843\/","title":{"rendered":"\u2013 Bryr meg ikke s\u00e5 mye"},"content":{"rendered":"\n<p class=\"_lead_ew2ao_2 _lead_xtcu6_50 layout-component text-serif-m layout-normal text-serif-l layout-component layout-wide layout-padded _wide_17hqh_1 layout-padded\">Martin \u00d8degaard snakker ut om debatten rundt kapteinsvalget i Arsenal. <\/p>\n<p> <img class=\"_image_qp4xg_65 layout-component layout-wide\" data-fullscreen- data-track-element-type=\"Article image fullscreen\" data-track-name=\"ImageFullscreen\" fetchpriority=\"high\" decoding=\"sync\" loading=\"eager\" height=\"181\" itemprop=\"image\"  src=\"https:\/\/www.europesays.com\/no\/wp-content\/uploads\/2025\/09\/2d7d903adf1d8990ba8b9cccfec73eee.jpg\"  style=\"object-position:50% 50%;aspect-ratio:1.75;height:auto;object-fit:cover;width:100%\" width=\"102\"\/>  <\/p>\n<ul aria-hidden=\"true\" class=\"_images_1y6fe_106\">\n<li><a class=\"_link_1y6fe_111\" href=\"https:\/\/www.vg.no\/forfatter\/benjamin-kvaale\" style=\"z-index:1\" title=\"Benjamin Kvaale\" rel=\"nofollow noopener\" target=\"_blank\"><img alt=\"Bilde av Benjamin Kvaale\" class=\"_image_1y6fe_88\" fetchpriority=\"low\" loading=\"lazy\" decoding=\"async\" itemprop=\"image\"  src=\"https:\/\/www.europesays.com\/no\/wp-content\/uploads\/2025\/09\/1757351288_715_21fe9a1c-5915-4269-bbd5-7feeec1fa8ae\"  width=\"480\"\/><\/a><\/li>\n<\/ul>\n<p> Oppdatert mandag 8. september kl. 12:05     <\/p>\n<p class=\"_paragraph_ew2ao_4 _paragraph_xtcu6_10 layout-component text-serif-m layout-normal text-serif-m layout-padded\">\u00d8degaard bekrefter at Arsenal-sjef Mikel Arteta holdt en avstemning blant Arsenal-spillerne i troppen for \u00e5 bestemme hvem som skulle v\u00e6re Arsenal-kaptein denne sesongen.<\/p>\n<p class=\"_paragraph_ew2ao_4 _paragraph_xtcu6_10 layout-component text-serif-m layout-normal text-serif-m layout-padded\"><a href=\"https:\/\/www.vg.no\/tag\/martin-oedegaard?utm_source=vg-article&amp;utm_medium=auto-tagger&amp;utm_campaign=lw6n3y\" class=\"_link_ew2ao_39\" rel=\"nofollow noopener\" target=\"_blank\">Martin \u00d8degaard<\/a> har hatt kapteinsbindet de siste sesongene hos London-klubben, og slik blir det ogs\u00e5 denne sesongen. <\/p>\n<p class=\"_paragraph_ew2ao_4 _paragraph_xtcu6_10 layout-component text-serif-m layout-normal text-serif-m layout-padded\">\u2013 Det stemmer det at vi stemte over det. Det var vel til syvende og sist hans (Artetas), valg uansett. Det er en fin bekreftelse \u00e5 f\u00e5 det, sier \u00d8degaard p\u00e5 pressekonferansen dagen f\u00f8r VM-kvalifiseringskampen mot Moldova. <\/p>\n<p class=\"_paragraph_ew2ao_4 _paragraph_xtcu6_10 layout-component text-serif-m layout-normal text-serif-m layout-padded\">If\u00f8lge Arteta vant \u00d8degaard avstemmingen med stor margin. <\/p>\n<p class=\"_paragraph_ew2ao_4 _paragraph_xtcu6_10 layout-component text-serif-m layout-normal text-serif-m layout-padded\">\u2013 Det er det tydeligste signalet du kan f\u00e5. Det er det de f\u00f8ler rundt \u00e5 hvem som skal v\u00e6re kapteinen deres og hjelpe dem \u00e5 forsvare, forbedre seg og vinne kampene vi \u00f8nsker \u00e5 vinne. S\u00e5 det er ikke noe sp\u00f8rsm\u00e5l rundt det, har Arteta forklart. <\/p>\n<p class=\"_paragraph_ew2ao_4 _paragraph_xtcu6_10 layout-component text-serif-m layout-normal text-serif-m layout-padded\">Arsenal-legenden Tony Adams har <a href=\"https:\/\/www.vg.no\/sport\/i\/0V2bOE\/martin-oedegaard-roses-som-arsenal-kaptein-men-maa-loefte-seg-kommende-sesong\" data-track-element-type=\"Link\" data-track-id=\"link:0V2bOE\" class=\"_link_ew2ao_39\" rel=\"nofollow noopener\" target=\"_blank\">kritisert \u00d8degaard<\/a> og mener at Declan Rice heller burde v\u00e6rt kaptein denne sesongen. Den kritikken b\u00f8rster drammenseren av seg. <\/p>\n<p class=\"_paragraph_ew2ao_4 _paragraph_xtcu6_10 layout-component text-serif-m layout-normal text-serif-m layout-padded\">\u2013 Det bryr jeg meg ikke s\u00e5 mye om. Alle f\u00e5r ha sin mening og si det de vil. Jeg lever fint med det. Man kan ikke bry seg om hva alle sier, det vil v\u00e6re mye positivt og negativt som kan prege meg. Det er viktig bare \u00e5 blokke det ut, jeg har gjort det hele karrieren min, sier \u00d8degaard. <\/p>\n<p class=\"_paragraph_ew2ao_4 _paragraph_xtcu6_10 layout-component text-serif-m layout-normal text-serif-m layout-padded\">Siden St\u00e5le Solbakken overtok landslaget i desember 2020 har \u00d8degaard ogs\u00e5 v\u00e6rt landslagskaptein.<\/p>\n","protected":false},"excerpt":{"rendered":"Martin \u00d8degaard snakker ut om debatten rundt kapteinsvalget i Arsenal. Oppdatert mandag 8. september kl. 12:05 \u00d8degaard bekrefter&hellip;\n","protected":false},"author":2,"featured_media":29844,"comment_status":"","ping_status":"","sticky":false,"template":"","format":"standard","meta":{"footnotes":""},"categories":[59],"tags":[92,3163,181,30,28,29,83,82],"class_list":{"0":"post-29843","1":"post","2":"type-post","3":"status-publish","4":"format-standard","5":"has-post-thumbnail","7":"category-sport","8":"tag-fotball","9":"tag-herrelandslaget-fotball","10":"tag-martin-odegaard","11":"tag-no","12":"tag-norge","13":"tag-norway","14":"tag-sport","15":"tag-sports"},"share_on_mastodon":{"url":"","error":""},"_links":{"self":[{"href":"https:\/\/www.europesays.com\/no\/wp-json\/wp\/v2\/posts\/29843","targetHints":{"allow":["GET"]}}],"collection":[{"href":"https:\/\/www.europesays.com\/no\/wp-json\/wp\/v2\/posts"}],"about":[{"href":"https:\/\/www.europesays.com\/no\/wp-json\/wp\/v2\/types\/post"}],"author":[{"embeddable":true,"href":"https:\/\/www.europesays.com\/no\/wp-json\/wp\/v2\/users\/2"}],"replies":[{"embeddable":true,"href":"https:\/\/www.europesays.com\/no\/wp-json\/wp\/v2\/comments?post=29843"}],"version-history":[{"count":0,"href":"https:\/\/www.europesays.com\/no\/wp-json\/wp\/v2\/posts\/29843\/revisions"}],"wp:featuredmedia":[{"embeddable":true,"href":"https:\/\/www.europesays.com\/no\/wp-json\/wp\/v2\/media\/29844"}],"wp:attachment":[{"href":"https:\/\/www.europesays.com\/no\/wp-json\/wp\/v2\/media?parent=29843"}],"wp:term":[{"taxonomy":"category","embeddable":true,"href":"https:\/\/www.europesays.com\/no\/wp-json\/wp\/v2\/categories?post=29843"},{"taxonomy":"post_tag","embeddable":true,"href":"https:\/\/www.europesays.com\/no\/wp-json\/wp\/v2\/tags?post=29843"}],"curies":[{"name":"wp","href":"https:\/\/api.w.org\/{rel}","templated":true}]}}