{"id":29845,"date":"2025-09-08T17:09:10","date_gmt":"2025-09-08T17:09:10","guid":{"rendered":"https:\/\/www.europesays.com\/no\/29845\/"},"modified":"2025-09-08T17:09:10","modified_gmt":"2025-09-08T17:09:10","slug":"lady-gaga-vant-arets-artist-pa-mtv-video-music-awards","status":"publish","type":"post","link":"https:\/\/www.europesays.com\/no\/29845\/","title":{"rendered":"Lady Gaga vant \u00e5rets artist p\u00e5 MTV Video Music Awards"},"content":{"rendered":"\n<p class=\"_lead_ew2ao_2 _lead_xtcu6_50 layout-component text-serif-m layout-normal text-serif-l layout-component layout-wide layout-padded _wide_17hqh_1 layout-padded\">Popstjernen (45) hadde \u00e6ren av \u00e5 dele ut pris p\u00e5 MTV-gallaen.<\/p>\n<p><img alt=\"Jessica Simpson p\u00e5 scenen i New York med Ricky Martin natt til mandag norsk tid. Foto: KEVIN KANE \/ AFP \/ NTB\" class=\"_image_qp4xg_65 layout-component layout-wide\" data-fullscreen- data-track-element-type=\"Article image fullscreen\" data-track-name=\"ImageFullscreen\" fetchpriority=\"high\" decoding=\"sync\" loading=\"eager\" height=\"1615\" itemprop=\"image\"  src=\"https:\/\/www.europesays.com\/no\/wp-content\/uploads\/2025\/09\/cbec02ad-ce76-4554-be35-0e377ebbd794\"  style=\"object-position:0% 0%\" width=\"2422\"\/>Jessica Simpson p\u00e5 scenen i New York med Ricky Martin natt til mandag norsk tid. Foto: KEVIN KANE \/ AFP \/ NTB<\/p>\n<ul aria-hidden=\"true\" class=\"_images_1y6fe_106\">\n<li><a class=\"_link_1y6fe_111\" href=\"https:\/\/www.vg.no\/forfatter\/kari-aarstad-aase\" style=\"z-index:2\" title=\"Kari Aarstad Aase\" rel=\"nofollow noopener\" target=\"_blank\"><img alt=\"Bilde av Kari Aarstad Aase\" class=\"_image_1y6fe_88\" fetchpriority=\"low\" loading=\"lazy\" decoding=\"async\" itemprop=\"image\"  src=\"https:\/\/www.europesays.com\/no\/wp-content\/uploads\/2025\/09\/1757351348_154_0dbde33e-6d8e-4680-8e4f-e2a64281e2b8\"  width=\"480\"\/><\/a><\/li>\n<li><a class=\"_link_1y6fe_111\" href=\"https:\/\/www.vg.no\/forfatter\/catherine-gonsholt-ighanian\" style=\"z-index:1\" title=\"Catherine Gonsholt Ighanian\" rel=\"nofollow noopener\" target=\"_blank\"><img alt=\"Bilde av Catherine Gonsholt Ighanian\" class=\"_image_1y6fe_88\" fetchpriority=\"low\" loading=\"lazy\" decoding=\"async\" itemprop=\"image\"  src=\"https:\/\/www.europesays.com\/no\/wp-content\/uploads\/2025\/09\/1757351348_229_72dca32d-ee6f-474c-a50e-72a9bb49f38a\"  width=\"480\"\/><\/a><\/li>\n<\/ul>\n<p> Oppdatert mandag 8. september kl. 07:38    <\/p>\n<ul class=\"_list_ew2ao_3 _list_64s2r_85 _unordered_ew2ao_99 text-sans-m\">\n<li class=\"_item_ew2ao_30\">Jessica Simpson (45) gjorde comeback p\u00e5 MTV Video Music Awards og delte ut pris for f\u00f8rste gang siden 2006.<\/li>\n<li class=\"_item_ew2ao_30\">Ariana Grande tok \u00abVideo of the Year\u00bb for \u00abBrighter Days Ahead\u00bb og \u00abBest Pop\u00bb, Lady Gaga ble \u00abArtist of the Year\u00bb, og Mariah Carey vant sin f\u00f8rste VMA.<\/li>\n<\/ul>\n<p>Vis mer <\/p>\n<p class=\"_paragraph_ew2ao_4 _paragraph_xtcu6_10 layout-component text-serif-m layout-normal text-serif-m layout-padded\">For aller f\u00f8rste gang siden 2006 dukket Jessica Simpson opp p\u00e5 den sagnomsuste prisutdelingen.<\/p>\n<p class=\"_paragraph_ew2ao_4 _paragraph_xtcu6_10 layout-component text-serif-m layout-normal text-serif-m layout-padded\">Festlighetene fant sted p\u00e5 UBS Arena i Elmont i New York.<\/p>\n<p class=\"_paragraph_ew2ao_4 _paragraph_xtcu6_10 layout-component text-serif-m layout-normal text-serif-m layout-padded\"><strong class=\"_strong_ew2ao_25\">MinMote<\/strong>: <a href=\"https:\/\/www.minmote.no\/mote\/roed-loeper\/a\/kwlweQ\/mtv-vma-2025-se-antrekkene-paa-roed-loeper?utm_source=vgfront&amp;utm_content=hovedlopet_row3_pos1&amp;utm_term=dre-minmote-kwlweQ-1757309567%3Adre-68be6a7f97aefd94adc8ade5&amp;utm_medium=dre-68be6a7f97aefd94adc8ade5\" class=\"_link_ew2ao_39\" rel=\"nofollow noopener\" target=\"_blank\">Se stjerner og antrekk<\/a><\/p>\n<p class=\"_paragraph_ew2ao_4 _paragraph_xtcu6_10 layout-component text-serif-m layout-normal text-serif-m layout-padded\">Simpson delte blant annet ut pris til Ricky Martin, som ble hedret med Latin Icon Awards.<\/p>\n<p><img alt=\"Jessica Simpson poserte for fotografene.  Foto: Kylie Cooper \/ Reuters \/ NTB\" class=\"_image_qp4xg_65 layout-component layout-normal\" data-fullscreen- data-track-element-type=\"Article image fullscreen\" data-track-name=\"ImageFullscreen\" decoding=\"async\" loading=\"lazy\" height=\"1580\" itemprop=\"image\"  src=\"https:\/\/www.europesays.com\/no\/wp-content\/uploads\/2025\/09\/2ce43786-3ace-461a-bcef-444ce029249b\"  style=\"object-position:0% 0%\" width=\"1541\"\/>Jessica Simpson poserte for fotografene.  Foto: Kylie Cooper \/ Reuters \/ NTB<\/p>\n<p class=\"_paragraph_ew2ao_4 _paragraph_xtcu6_10 layout-component text-serif-m layout-normal text-serif-m layout-padded\">Nyseparerte Simpson returnerte til musikkbransje i v\u00e5r, etter mange \u00e5rs pause. I mai opptr\u00e5dte hun p\u00e5 \u00abAmerican Idol\u00bb-finalen, og nylig slapp hun to EP-er.<\/p>\n<p class=\"_paragraph_ew2ao_4 _paragraph_xtcu6_10 layout-component text-serif-m layout-normal text-serif-m layout-padded\">P\u00c5 MTV-scenen hadde Jessica selskap av s\u00f8steren Ashlee Simpson, som ogs\u00e5 var blant prisutdelerne.<\/p>\n<p><img alt=\"Jessica og Ashlee Simpson.  Foto: Brendan McDermid \/ Reuters \/ NTB\" class=\"_image_qp4xg_65 layout-component layout-normal\" data-fullscreen- data-track-element-type=\"Article image fullscreen\" data-track-name=\"ImageFullscreen\" decoding=\"async\" loading=\"lazy\" height=\"1893\" itemprop=\"image\"  src=\"https:\/\/www.europesays.com\/no\/wp-content\/uploads\/2025\/09\/f3192f52-214d-4a32-9611-dc3df6484c73\"  style=\"object-position:0% 0%\" width=\"2880\"\/>Jessica og Ashlee Simpson.  Foto: Brendan McDermid \/ Reuters \/ NTB<\/p>\n<p class=\"_paragraph_ew2ao_4 _paragraph_xtcu6_10 layout-component text-serif-m layout-normal text-serif-m layout-padded\">Ariana Grande stakk av med de to av de gjeveste prisene,  b\u00e5de \u00abVideo of the Year\u00bb og \u00abBest Pop\u00bb.<\/p>\n<p class=\"_paragraph_ew2ao_4 _paragraph_xtcu6_10 layout-component text-serif-m layout-normal text-serif-m layout-padded\">Grande fikk f\u00f8rstnevnte for \u00abBrighter Days Ahead\u00bb, en kortfilm som fulgte med hennes siste album \u00abEternal Sunshine\u00bb. <\/p>\n<p class=\"_paragraph_ew2ao_4 _paragraph_xtcu6_10 layout-component text-serif-m layout-normal text-serif-m layout-padded\">Med de to nye prisene har 31-\u00e5ringen n\u00e5 totalt 12 VMA-priser, inkludert \u00abArtist of the Year\u00bb fra 2019.<\/p>\n<p><img alt=\"Ariana Grande.  Foto: Charles Sykes \/ AP \/ NTB\" class=\"_image_qp4xg_65 layout-component layout-normal\" data-fullscreen- data-track-element-type=\"Article image fullscreen\" data-track-name=\"ImageFullscreen\" decoding=\"async\" loading=\"lazy\" height=\"2976\" itemprop=\"image\"  src=\"https:\/\/www.europesays.com\/no\/wp-content\/uploads\/2025\/09\/c9194f00-c6b7-4b09-ab00-200358a9696c\"  style=\"object-position:0% 0%\" width=\"4464\"\/>Ariana Grande.  Foto: Charles Sykes \/ AP \/ NTB<\/p>\n<p class=\"_paragraph_ew2ao_4 _paragraph_xtcu6_10 layout-component text-serif-m layout-normal text-serif-m layout-padded\">Popstjernen <a href=\"https:\/\/www.vg.no\/tag\/lady-gaga?utm_source=vg-article&amp;utm_medium=auto-tagger&amp;utm_campaign=bmEmme\" class=\"_link_ew2ao_39\" rel=\"nofollow noopener\" target=\"_blank\">Lady Gaga<\/a> ble k\u00e5ret til \u00e5rets artist. Hun slo tungvektere som Taylor Swift og Beyonc\u00e9 i kategorien, der fansen har stemt frem.<\/p>\n<p class=\"_paragraph_ew2ao_4 _paragraph_xtcu6_10 layout-component text-serif-m layout-normal text-serif-m layout-padded\">Gaga gikk p\u00e5 scenen i en svart kjole med volanger, gigantiske ermer og lilla detaljer. Hun takket fansen da hun mottok den ikoniske Moon Person-trofeet.<\/p>\n<p><img alt=\"Lady Gaga vant gjev pris.  Foto: ANGELA WEISS \/ AFP \/ NTB\" class=\"_image_qp4xg_65 layout-component layout-normal\" data-fullscreen- data-track-element-type=\"Article image fullscreen\" data-track-name=\"ImageFullscreen\" decoding=\"async\" loading=\"lazy\" height=\"1796\" itemprop=\"image\"  src=\"https:\/\/www.europesays.com\/no\/wp-content\/uploads\/2025\/09\/65866ec5-2bcf-4195-bc9d-91c9688ed19b\"  style=\"object-position:0% 0%\" width=\"2694\"\/>Lady Gaga vant gjev pris.  Foto: ANGELA WEISS \/ AFP \/ NTB<\/p>\n<p class=\"_paragraph_ew2ao_4 _paragraph_xtcu6_10 layout-component text-serif-m layout-normal text-serif-m layout-padded\">\u2013 Jeg kan ikke begynne \u00e5 fortelle dere hva dette betyr \u00e5 bli bel\u00f8nnet for \u00e5 v\u00e6re en artist, sa Gaga f\u00f8r hun forlot arrangementet for \u00e5 holde konsert p\u00e5 Madison Square Garden.<\/p>\n<p class=\"_paragraph_ew2ao_4 _paragraph_xtcu6_10 layout-component text-serif-m layout-normal text-serif-m layout-padded\">Seieren hindret b\u00e5de Beyonc\u00e9 og Swift i \u00e5 bli den mest hedrede artisten i VMA-historien. De to ligger fortsatt likt med 30 VMA-priser hver.<\/p>\n<p class=\"_paragraph_ew2ao_4 _paragraph_xtcu6_10 layout-component text-serif-m layout-normal text-serif-m layout-padded\">Gaga hadde flest nominasjoner f\u00f8r seremonien med tolv nominasjoner, blant annet for l\u00e5ten \u00abDie with a Smile\u00bb, hennes duett med Bruno Mars.<\/p>\n<p class=\"_paragraph_ew2ao_4 _paragraph_xtcu6_10 layout-component text-serif-m layout-normal text-serif-m layout-padded\">Mariah Carey vant sin aller f\u00f8rste VMA-statuett noensinne \u2013 til tross for 35 \u00e5r i bransjen. Hun ble hedret med Michael Jackson Video Vanguard Award.<\/p>\n<p class=\"_paragraph_ew2ao_4 _paragraph_xtcu6_10 layout-component text-serif-m layout-normal text-serif-m layout-padded\">\u2013 Jeg kan ikke tro det. Min f\u00f8rste VMA! Tusen takk, str\u00e5lte Carey p\u00e5 podiet if\u00f8lge CNN.<\/p>\n<p><img alt=\"Mariah Carey med trofeet.  Foto: ANGELA WEISS \/ AFP \/ NTB\" class=\"_image_qp4xg_65 layout-component layout-normal\" data-fullscreen- data-track-element-type=\"Article image fullscreen\" data-track-name=\"ImageFullscreen\" decoding=\"async\" loading=\"lazy\" height=\"2939\" itemprop=\"image\"  src=\"https:\/\/www.europesays.com\/no\/wp-content\/uploads\/2025\/09\/3bc41084-894e-4e07-8bcd-721b49163811\"  style=\"object-position:0% 0%\" width=\"2376\"\/>Mariah Carey med trofeet.  Foto: ANGELA WEISS \/ AFP \/ NTB<\/p>\n<p class=\"_paragraph_ew2ao_4 _paragraph_xtcu6_10 layout-component text-serif-m layout-normal text-serif-m layout-padded\">Programleder LL Cool J \u00e5pnet seremonien med l\u00f8fter om spektakul\u00e6re opptredener.<\/p>\n<p class=\"_paragraph_ew2ao_4 _paragraph_xtcu6_10 layout-component text-serif-m layout-normal text-serif-m layout-padded\">\u2013 Musikk er kraften som bringer oss sammen, sa LL Cool J.<\/p>\n<p class=\"_paragraph_ew2ao_4 _paragraph_xtcu6_10 layout-component text-serif-m layout-normal text-serif-m layout-padded\">MTV Video Music Awards startet i 1984 og har blitt kjent for minneverdige \u00f8yeblikk som kyss mellom Madonna og Britney Spears p\u00e5 scenen.<\/p>\n<p>Les ogs\u00e5<\/p>\n","protected":false},"excerpt":{"rendered":"Popstjernen (45) hadde \u00e6ren av \u00e5 dele ut pris p\u00e5 MTV-gallaen. Jessica Simpson p\u00e5 scenen i New York&hellip;\n","protected":false},"author":2,"featured_media":29846,"comment_status":"","ping_status":"","sticky":false,"template":"","format":"standard","meta":{"footnotes":""},"categories":[58],"tags":[4809,71,4811,219,4810,221,30,28,29,1453,72,46],"class_list":{"0":"post-29845","1":"post","2":"type-post","3":"status-publish","4":"format-standard","5":"has-post-thumbnail","7":"category-underholdning","8":"tag-beyonce","9":"tag-entertainment","10":"tag-jessica-simpson","11":"tag-lady-gaga","12":"tag-mtv-video-music-awards","13":"tag-musikk","14":"tag-no","15":"tag-norge","16":"tag-norway","17":"tag-taylor-swift","18":"tag-underholdning","19":"tag-vgai"},"share_on_mastodon":{"url":"","error":""},"_links":{"self":[{"href":"https:\/\/www.europesays.com\/no\/wp-json\/wp\/v2\/posts\/29845","targetHints":{"allow":["GET"]}}],"collection":[{"href":"https:\/\/www.europesays.com\/no\/wp-json\/wp\/v2\/posts"}],"about":[{"href":"https:\/\/www.europesays.com\/no\/wp-json\/wp\/v2\/types\/post"}],"author":[{"embeddable":true,"href":"https:\/\/www.europesays.com\/no\/wp-json\/wp\/v2\/users\/2"}],"replies":[{"embeddable":true,"href":"https:\/\/www.europesays.com\/no\/wp-json\/wp\/v2\/comments?post=29845"}],"version-history":[{"count":0,"href":"https:\/\/www.europesays.com\/no\/wp-json\/wp\/v2\/posts\/29845\/revisions"}],"wp:featuredmedia":[{"embeddable":true,"href":"https:\/\/www.europesays.com\/no\/wp-json\/wp\/v2\/media\/29846"}],"wp:attachment":[{"href":"https:\/\/www.europesays.com\/no\/wp-json\/wp\/v2\/media?parent=29845"}],"wp:term":[{"taxonomy":"category","embeddable":true,"href":"https:\/\/www.europesays.com\/no\/wp-json\/wp\/v2\/categories?post=29845"},{"taxonomy":"post_tag","embeddable":true,"href":"https:\/\/www.europesays.com\/no\/wp-json\/wp\/v2\/tags?post=29845"}],"curies":[{"name":"wp","href":"https:\/\/api.w.org\/{rel}","templated":true}]}}