{"id":298519,"date":"2026-07-21T03:59:17","date_gmt":"2026-07-21T03:59:17","guid":{"rendered":"https:\/\/www.europesays.com\/no\/298519\/"},"modified":"2026-07-21T03:59:17","modified_gmt":"2026-07-21T03:59:17","slug":"tate-brodrene-kjemper-mot-utlevering-til-storbritannia","status":"publish","type":"post","link":"https:\/\/www.europesays.com\/no\/298519\/","title":{"rendered":"Tate-br\u00f8drene kjemper mot utlevering til Storbritannia"},"content":{"rendered":"\n<p class=\"_lead_145nj_2 _lead_6fko5_53 layout-component text-serif-m layout-normal text-serif-l layout-component layout-wide layout-padded _wide_17hqh_1 layout-padded\">Advokaten deres hevder at anklagene er politisk motiverte.<\/p>\n<p><img alt=\"Her avbildet i forbindelse med et rettsm\u00f8te i Bucuresti i Romania desember 2024. Foto: DANIEL MIHAILESCU \/ AFP \/ NTB\" class=\"_image_jw3bv_65 layout-component layout-wide\" data-fullscreen- data-track-element-type=\"Article image fullscreen\" data-track-name=\"ImageFullscreen\" fetchpriority=\"high\" decoding=\"sync\" loading=\"eager\" height=\"3215\" itemprop=\"image\"  src=\"https:\/\/www.europesays.com\/no\/wp-content\/uploads\/2026\/07\/cda6b6f7-af34-333e-9797-5e471d6b1538.jpeg\"  style=\"object-position:0% 0%\" width=\"4287\"\/>Her avbildet i forbindelse med et rettsm\u00f8te i Bucuresti i Romania desember 2024. Foto: DANIEL MIHAILESCU \/ AFP \/ NTB<\/p>\n<ul aria-hidden=\"true\" class=\"_images_ntbth_112\">\n<li><a class=\"_link_ntbth_117\" href=\"https:\/\/www.vg.no\/forfatter\/ingrid-bjoerndal-farestvedt\" style=\"z-index:1\" title=\"Ingrid Bj\u00f8rndal Farestvedt\" rel=\"nofollow noopener\" target=\"_blank\"><img alt=\"Bilde av Ingrid Bj\u00f8rndal Farestvedt\" class=\"_image_ntbth_93\" fetchpriority=\"low\" loading=\"lazy\" decoding=\"async\" itemprop=\"image\"  src=\"https:\/\/www.europesays.com\/no\/wp-content\/uploads\/2026\/07\/1784606355_38_0ca626e9-b4bd-4417-836d-161b53cb789f.jpeg\"  width=\"480\"\/><\/a><\/li>\n<\/ul>\n<p> Oppdatert tirsdag 21. juli kl. 05:23    <\/p>\n<ul class=\"_list_145nj_3 _list_64s2r_85 _unordered_145nj_106 text-sans-m\">\n<li class=\"_item_145nj_30\">Andrew og Tristan Tate ble p\u00e5grepet i Miami p\u00e5 vei til en boksekamp.<\/li>\n<li class=\"_item_145nj_30\">Br\u00f8drene st\u00e5r overfor britiske utleveringskrav og alvorlige anklager om voldtekt og menneskehandel.<\/li>\n<li class=\"_item_145nj_30\">De nekter straffskyld. Advokaten deres hevder anklagene er politisk motiverte.<\/li>\n<\/ul>\n<p>Vis mer <\/p>\n<p class=\"_paragraph_145nj_4 _paragraph_6fko5_10 layout-component text-serif-m layout-normal text-serif-m layout-padded\">Den omstridte influenceren <a href=\"https:\/\/www.vg.no\/tag\/andrew-tate?utm_source=vg-article&amp;utm_medium=auto-tagger&amp;utm_campaign=Ar0665\" class=\"_link_145nj_39\" rel=\"nofollow noopener\" target=\"_blank\">Andrew Tate<\/a> (39) og broren Tristan (38) var <a href=\"https:\/\/www.vg.no\/nyheter\/i\/5pW2gE\/ap-andrew-tate-og-broren-tristian-er-paagrepet-i-miami\" data-track-element-type=\"Link\" data-track-id=\"link:5pW2gE\" class=\"_link_145nj_39\" rel=\"nofollow noopener\" target=\"_blank\">p\u00e5 vei til en boksekamp<\/a> i Miami da de ble p\u00e5grepet l\u00f8rdag.<\/p>\n<p class=\"_paragraph_145nj_4 _paragraph_6fko5_10 layout-component text-serif-m layout-normal text-serif-m layout-padded\">Bakgrunnen er en utleveringsbegj\u00e6ringutleveringsbegj\u00e6ringEn formell foresp\u00f8rsel om \u00e5 overf\u00f8re en person fra ett land til et annet for \u00e5 bli stilt for retten. fra Storbritannia, der br\u00f8drene er tiltalttiltaltN\u00e5r noen er formelt anklaget for \u00e5 ha gjort noe ulovlig i en rettssak. for blant annet voldtekt og menneskehandelmenneskehandelUlovlig handel med mennesker, ofte for \u00e5 utnytte dem til arbeid eller seksuelle form\u00e5l..<\/p>\n<p class=\"_paragraph_145nj_4 _paragraph_6fko5_10 layout-component text-serif-m layout-normal text-serif-m layout-padded\"><strong class=\"_strong_145nj_25\">Mandag m\u00f8tte de i retten i Miami \u2013 if\u00f8rt h\u00e5ndjern og fangedrakt.<\/strong><\/p>\n<p class=\"_paragraph_145nj_4 _paragraph_6fko5_10 layout-component text-serif-m layout-normal text-serif-m layout-padded\">Br\u00f8drene har hele tiden nektet straffskyld.<\/p>\n<p><img alt=\"Rettstegningen illustrerer Tristan og Andrew Tate foran dommeren mandag.  Foto: Lothar Speer \/ AP \/ NTB\" class=\"_image_jw3bv_65 layout-component layout-normal\" data-fullscreen- data-track-element-type=\"Article image fullscreen\" data-track-name=\"ImageFullscreen\" decoding=\"async\" loading=\"lazy\" height=\"3815\" itemprop=\"image\"  src=\"https:\/\/www.europesays.com\/no\/wp-content\/uploads\/2026\/07\/1f87d1db-e970-34c4-acad-96b3be7d1280.jpeg\"  style=\"object-position:0% 0%\" width=\"5086\"\/>Rettstegningen illustrerer Tristan og Andrew Tate foran dommeren mandag.  Foto: Lothar Speer \/ AP \/ NTB<\/p>\n<p class=\"_paragraph_145nj_4 _paragraph_6fko5_10 layout-component text-serif-m layout-normal text-serif-m layout-padded\">Advokaten deres har varslet at de vil kjempe mot utleveringen med \u00aballe rettslige virkemidler\u00bb, skriver <a href=\"https:\/\/edition.cnn.com\/2026\/07\/20\/us\/tate-brothers-extradition-wwk\" class=\"_link_145nj_39\" rel=\"nofollow noopener\" target=\"_blank\">CNN<\/a>.<\/p>\n<p>Rubio har siste ord<\/p>\n<p class=\"_paragraph_145nj_4 _paragraph_6fko5_10 layout-component text-serif-m layout-normal text-serif-m layout-padded\">Til slutt er det en amerikansk dommer som avgj\u00f8r om vilk\u00e5rene for utlevering er oppfylt. <\/p>\n<p class=\"_paragraph_145nj_4 _paragraph_6fko5_10 layout-component text-serif-m layout-normal text-serif-m layout-padded\">Endelig beslutning ligger imidlertid hos utenriksminister Marco Rubio, if\u00f8lge <a href=\"https:\/\/edition.cnn.com\/2026\/07\/20\/us\/tate-brothers-extradition-wwk\" class=\"_link_145nj_39\" rel=\"nofollow noopener\" target=\"_blank\">CNN<\/a>.<\/p>\n<p>Hvem er Andrew Tate?<\/p>\n<ul class=\"_list_145nj_3 _list_6fko5_9 _list_12fix_10 _unordered_145nj_106 layout-component text-serif-m layout-normal text-sans-m layout-padded\">\n<li class=\"_item_145nj_30\">Andrew Tate er tidligere kickbokser, realitydeltager og influencer.<\/li>\n<li class=\"_item_145nj_30\">Han har f\u00e5tt mye oppmerksomhet for sine omstridte synspunkter p\u00e5 seksuelle overgrep, trakassering og kvinner. Han kaller seg selv mannssj\u00e5vinist.<\/li>\n<li class=\"_item_145nj_30\">Tate har en stor tilhengerskare i sosiale medier og milliarder av visninger p\u00e5 YouTube og TikTok.<\/li>\n<li class=\"_item_145nj_30\">Mange av st\u00f8ttespillerne hans er unge menn.<\/li>\n<\/ul>\n<p>Vis mer<\/p>\n<p class=\"_paragraph_145nj_4 _paragraph_6fko5_10 layout-component text-serif-m layout-normal text-serif-m layout-padded\">Andrew Tate har en massiv f\u00f8lgerskare i sosiale medier med milliarder av visninger p\u00e5 YouTube og TikTok. <\/p>\n<p class=\"_paragraph_145nj_4 _paragraph_6fko5_10 layout-component text-serif-m layout-normal text-serif-m layout-padded\">B\u00e5de han og broren er kjent for sine ultra-maskuline holdninger, og mange av st\u00f8ttespillerne deres er unge menn.<\/p>\n<p class=\"_paragraph_145nj_4 _paragraph_6fko5_10 layout-component text-serif-m layout-normal text-serif-m layout-padded\">De siste \u00e5rene har br\u00f8drene g\u00e5tt viralt for kontroversielle utsagn om kvinner, trakassering og overgrep.<\/p>\n<p class=\"_paragraph_145nj_4 _paragraph_6fko5_10 layout-component text-serif-m layout-normal text-serif-m layout-padded\">Samtidig etterforskes de for en rekke alvorlige lovbrudd b\u00e5de i Storbritannia og Romania.<\/p>\n<p class=\"_paragraph_145nj_4 _paragraph_6fko5_10 layout-component text-serif-m layout-normal layout-padded\"><strong class=\"_strong_145nj_25\">Les ogs\u00e5:<\/strong> <a href=\"https:\/\/www.vg.no\/i\/gkLKJa\" data-track-element-type=\"Link\" data-track-id=\"link:gkLKJa\" class=\"_link_145nj_39\" rel=\"nofollow noopener\" target=\"_blank\">Andrew Tate siktet for hatefulle ytringer mot kvinner<\/a><\/p>\n<p>\u2013 Politisk motivert<\/p>\n<p class=\"_paragraph_145nj_4 _paragraph_6fko5_10 layout-component text-serif-m layout-normal text-serif-m layout-padded\">Br\u00f8drene, som b\u00e5de har amerikansk og britisk statsborgerskap, har tidligere sittet i varetekttidligere sittet i varetektI april opphevet en rumensk domstol alle restriksjonene mot dem. og i husarrest i Romania.<\/p>\n<p class=\"_paragraph_145nj_4 _paragraph_6fko5_10 layout-component text-serif-m layout-normal text-serif-m layout-padded\"><strong class=\"_strong_145nj_25\">I tillegg venter alts\u00e5 britiske arrestordrearrestordreEn offisiell ordre fra en domstol om \u00e5 arrestere en person.. <\/strong><\/p>\n<ul class=\"_list_145nj_3 _list_6fko5_9 _unordered_145nj_106 layout-component text-serif-m layout-normal text-serif-m layout-padded\">\n<li class=\"_item_145nj_30\">Andrew Tate st\u00e5r overfor 42 tiltalepunkter, mens broren Tristan er tiltalt for 17 forhold, skriver <a href=\"https:\/\/www.theguardian.com\/us-news\/2026\/jul\/20\/andrew-tristan-tate-fight-charges-extradition\" class=\"_link_145nj_39\" rel=\"nofollow noopener\" target=\"_blank\">The Guardian<\/a>. <\/li>\n<li class=\"_item_145nj_30\">Til sammen dreier det seg om 59 anklager, blant annet voldtekt, seksuelt overgrep, menneskehandel og besittelse av overgrepsbilder av barn, if\u00f8lge avisen.<\/li>\n<li class=\"_item_145nj_30\">De p\u00e5st\u00e5tte forholdene skal ha skjedd mellom 2010 og 2017.<\/li>\n<\/ul>\n<p class=\"_paragraph_145nj_4 _paragraph_6fko5_10 layout-component text-serif-m layout-normal text-serif-m layout-padded\">Saken involverer n\u00e5 syv forn\u00e6rmedeforn\u00e6rmedePersoner som skal ha blitt utsatt for en kriminell handling. kvinner, if\u00f8lge britisk politi.<\/p>\n<p><img decoding=\"async\" alt=\"Bilde av Joseph McBride\" class=\"_image_148z4_25\" height=\"40\" itemprop=\"image\" loading=\"lazy\"  src=\"https:\/\/www.europesays.com\/no\/wp-content\/uploads\/2026\/07\/3a08dbbb-5c56-30f8-853c-613fda4297cb.jpeg\"  width=\"40\"\/><strong class=\"_name_148z4_34 title-serif-xs\">Joseph McBride<\/strong><\/p>\n<p class=\"_paragraph_145nj_4 text-sans-m _description_148z4_39\">Advokat for Tate-br\u00f8drene.<\/p>\n<p class=\"_paragraph_145nj_4 _paragraph_6fko5_10 layout-component text-serif-m layout-normal text-serif-m layout-padded\">Br\u00f8drenes advokat Joseph McBride har omtalt anklagene som \u00abskitt og bakvaskelse\u00bb. <\/p>\n<p class=\"_paragraph_145nj_4 _paragraph_6fko5_10 layout-component text-serif-m layout-normal text-serif-m layout-padded\">\u2013 Ja, det er politisk motivert. Det er ingen tvil om det, sa McBride til journalistene utenfor retten mandag.<\/p>\n<p class=\"_paragraph_145nj_4 _paragraph_6fko5_10 layout-component text-serif-m layout-normal text-serif-m layout-padded\">Br\u00f8drene sitter fortsatt i varetekt. Neste rettsm\u00f8te er berammet til mandag.<\/p>\n<p class=\"_paragraph_145nj_4 _paragraph_6fko5_10 layout-component text-serif-m layout-normal text-serif-m layout-padded\"><strong class=\"_strong_145nj_25\">Skrekkhistorier, luksus og skandaler \u2013 se dokumentaren fra 2024:<\/strong><\/p>\n","protected":false},"excerpt":{"rendered":"Advokaten deres hevder at anklagene er politisk motiverte. Her avbildet i forbindelse med et rettsm\u00f8te i Bucuresti i&hellip;\n","protected":false},"author":2,"featured_media":298520,"comment_status":"","ping_status":"","sticky":false,"template":"","format":"standard","meta":{"footnotes":"","_share_on_mastodon":"0"},"categories":[5],"tags":[18439,20,21,24,25,15,19,22,23,17,18,13,30,28,29,14,16,865,26,27,50,46],"class_list":["post-298519","post","type-post","status-publish","format-standard","has-post-thumbnail","category-overskrifter","tag-andrew-tate","tag-breaking-news","tag-breakingnews","tag-featured-news","tag-featurednews","tag-headlines","tag-hovedoppslag","tag-latest-news","tag-latestnews","tag-main-news","tag-mainnews","tag-news","tag-no","tag-norge","tag-norway","tag-nyheter","tag-overskrifter","tag-storbritannia","tag-top-stories","tag-topstories","tag-usa","tag-vgai"],"share_on_mastodon":{"url":"https:\/\/pubeurope.com\/@no\/116955969136529139","error":""},"_links":{"self":[{"href":"https:\/\/www.europesays.com\/no\/wp-json\/wp\/v2\/posts\/298519","targetHints":{"allow":["GET"]}}],"collection":[{"href":"https:\/\/www.europesays.com\/no\/wp-json\/wp\/v2\/posts"}],"about":[{"href":"https:\/\/www.europesays.com\/no\/wp-json\/wp\/v2\/types\/post"}],"author":[{"embeddable":true,"href":"https:\/\/www.europesays.com\/no\/wp-json\/wp\/v2\/users\/2"}],"replies":[{"embeddable":true,"href":"https:\/\/www.europesays.com\/no\/wp-json\/wp\/v2\/comments?post=298519"}],"version-history":[{"count":0,"href":"https:\/\/www.europesays.com\/no\/wp-json\/wp\/v2\/posts\/298519\/revisions"}],"wp:featuredmedia":[{"embeddable":true,"href":"https:\/\/www.europesays.com\/no\/wp-json\/wp\/v2\/media\/298520"}],"wp:attachment":[{"href":"https:\/\/www.europesays.com\/no\/wp-json\/wp\/v2\/media?parent=298519"}],"wp:term":[{"taxonomy":"category","embeddable":true,"href":"https:\/\/www.europesays.com\/no\/wp-json\/wp\/v2\/categories?post=298519"},{"taxonomy":"post_tag","embeddable":true,"href":"https:\/\/www.europesays.com\/no\/wp-json\/wp\/v2\/tags?post=298519"}],"curies":[{"name":"wp","href":"https:\/\/api.w.org\/{rel}","templated":true}]}}