{"id":29870,"date":"2025-09-08T17:28:09","date_gmt":"2025-09-08T17:28:09","guid":{"rendered":"https:\/\/www.europesays.com\/no\/29870\/"},"modified":"2025-09-08T17:28:09","modified_gmt":"2025-09-08T17:28:09","slug":"okonomi-er-saken-som-avgjor-valget","status":"publish","type":"post","link":"https:\/\/www.europesays.com\/no\/29870\/","title":{"rendered":"\u00d8konomi er saken som avgj\u00f8r valget"},"content":{"rendered":"\n<p class=\"_lead_ew2ao_2 _lead_xtcu6_50 layout-component text-serif-m layout-normal text-serif-l layout-component layout-wide layout-padded _wide_17hqh_1 layout-padded\">\u00d8konomi er saken som avgj\u00f8r valget. Det handler b\u00e5de om formuer \u2013 og forskjeller.<\/p>\n<p><img alt=\" Foto: Lise \u00c5serud \/ NTB\" class=\"_image_qp4xg_65 layout-component layout-wide\" data-fullscreen- data-track-element-type=\"Article image fullscreen\" data-track-name=\"ImageFullscreen\" fetchpriority=\"high\" decoding=\"sync\" loading=\"eager\" height=\"3268\" itemprop=\"image\"  src=\"https:\/\/www.europesays.com\/no\/wp-content\/uploads\/2025\/09\/54f64567-6e97-4622-9e5f-7925773f6bd0\"  style=\"object-position:0% 0%\" width=\"4902\"\/> Foto: Lise \u00c5serud \/ NTB<\/p>\n<ul aria-hidden=\"true\" class=\"_images_1y6fe_106\">\n<li><a class=\"_link_1y6fe_111\" href=\"https:\/\/www.vg.no\/forfatter\/sven-arne-buggeland-2\" style=\"z-index:1\" title=\"Sven Arne Buggeland\" rel=\"nofollow noopener\" target=\"_blank\"><img alt=\"Bilde av Sven Arne Buggeland\" class=\"_image_1y6fe_88\" fetchpriority=\"low\" loading=\"lazy\" decoding=\"async\" itemprop=\"image\"  src=\"https:\/\/www.europesays.com\/no\/wp-content\/uploads\/2025\/09\/1757352488_999_245f0348-339b-463c-8ebb-7c3456b9ab3c\"  width=\"480\"\/><\/a><\/li>\n<\/ul>\n<p> Oppdatert mandag 8. september kl. 16:59     <\/p>\n<p class=\"_paragraph_ew2ao_4 _paragraph_xtcu6_10 layout-component text-serif-m layout-normal text-serif-m layout-padded\">Respons Analyse har p\u00e5 oppdrag for VG og Aftenposten stilt f\u00f8lgende sp\u00f8rsm\u00e5l til et landsrepresentativt utvalg som har avgitt forh\u00e5ndsstemme:<\/p>\n<p class=\"_paragraph_ew2ao_4 _paragraph_xtcu6_10 layout-component text-serif-m layout-normal text-serif-m layout-padded\"><strong class=\"_strong_ew2ao_25\">Hvilken sak var viktigst for deg da du stemte ved stortingsvalget i \u00e5r?<\/strong><\/p>\n<p class=\"_paragraph_ew2ao_4 _paragraph_xtcu6_10 layout-component text-serif-m layout-normal text-serif-m layout-padded\">Tre saker peker seg ut:<\/p>\n<ul class=\"_list_ew2ao_3 _list_xtcu6_9 _unordered_ew2ao_99 layout-component text-serif-m layout-normal text-serif-m layout-padded\">\n<li class=\"_item_ew2ao_30\">17 prosent svarte sosiale forskjeller i samfunnet<\/li>\n<li class=\"_item_ew2ao_30\">11 prosent svarte skatter og avgifter<\/li>\n<li class=\"_item_ew2ao_30\">9 prosent svarte \u00f8konomi og n\u00e6ringsliv<\/li>\n<\/ul>\n<p class=\"_paragraph_ew2ao_4 _paragraph_xtcu6_10 layout-component text-serif-m layout-normal text-serif-m layout-padded\">\u2013 Det er ganske p\u00e5fallende at alle toppsakene handler om \u00f8konomi, sier forskningsleder ved Institutt for samfunnsforskning (ISF) Johannes Bergh til VG.<\/p>\n<p class=\"_paragraph_ew2ao_4 _paragraph_xtcu6_10 layout-component text-serif-m layout-normal text-serif-m layout-padded\">Han minner om at Innvandring var den store saken i 2017, mens stortingsvalget i 2021 handlet mye om klima.<\/p>\n<p class=\"_paragraph_ew2ao_4 _paragraph_xtcu6_10 layout-component text-serif-m layout-normal text-serif-m layout-padded\">\u2013 Dette valget vil i st\u00f8rre grad enn vi har v\u00e6rt vant til, handle om egen lommebok.<\/p>\n<p class=\"_paragraph_ew2ao_4 _paragraph_xtcu6_10 layout-component text-serif-m layout-normal text-serif-m layout-padded\">\u2013 Kan vi ut fra denne meningsm\u00e5lingen lese hvem som vinner valget?<\/p>\n<p class=\"_paragraph_ew2ao_4 _paragraph_xtcu6_10 layout-component text-serif-m layout-normal text-serif-m layout-padded\">\u2013 Nei, \u00f8konomiske sp\u00f8rsm\u00e5l mobiliserer velgere b\u00e5de p\u00e5 venstre- og h\u00f8yresiden.<\/p>\n<p><img alt=\"Lang k\u00f8 som ville forh\u00e5ndsstemme p\u00e5 Carl Berners plasssd i Oslo fredag.  Foto: Amanda Pedersen Giske \/ NTB\" class=\"_image_qp4xg_65 layout-component layout-normal\" data-fullscreen- data-track-element-type=\"Article image fullscreen\" data-track-name=\"ImageFullscreen\" decoding=\"async\" loading=\"lazy\" height=\"5464\" itemprop=\"image\"  src=\"https:\/\/www.europesays.com\/no\/wp-content\/uploads\/2025\/09\/dd474830-6a82-4779-84ce-ddc8ac8d70f5\"  style=\"object-position:0% 0%\" width=\"8192\"\/>Lang k\u00f8 som ville forh\u00e5ndsstemme p\u00e5 Carl Berners plasssd i Oslo fredag.  Foto: Amanda Pedersen Giske \/ NTB<\/p>\n<p class=\"_paragraph_ew2ao_4 _paragraph_xtcu6_10 layout-component text-serif-m layout-normal text-serif-m layout-padded\">Samtidig ser valgforskeren ved ISF et helt klart skille:<\/p>\n<p class=\"_paragraph_ew2ao_4 _paragraph_xtcu6_10 layout-component text-serif-m layout-normal text-serif-m layout-padded\">\u2013 Sosiale ulikheter er venstresidens m\u00e5te \u00e5 snakke om \u00f8konomi p\u00e5. Skatter, avgifter og vilk\u00e5r for n\u00e6ringslivet er mer saker for h\u00f8yresiden, sier valgforskeren ved ISF.<\/p>\n<p>Om meningsm\u00e5lingen<\/p>\n<ul class=\"_list_ew2ao_3 _list_xtcu6_9 _list_16v91_9 _unordered_ew2ao_99 layout-component text-serif-m layout-normal text-sans-m layout-padded\">\n<li class=\"_item_ew2ao_30\">Unders\u00f8kelsen er gjennomf\u00f8rt av Respons Analyse p\u00e5 oppdrag og VG og Aftenposten.<\/li>\n<li class=\"_item_ew2ao_30\">M\u00e5lingen er gjennomf\u00f8rt 3.\u20136. september 2025. Data er innsamlet via web og sms-intervju.<\/li>\n<li class=\"_item_ew2ao_30\">1293 som har oppgitt \u00e5 ha forh\u00e5ndsstemt, er intervjuet. <\/li>\n<li class=\"_item_ew2ao_30\">De som har svart, utgj\u00f8r er representativt utvalg av befolkningen over 18 \u00e5r.<\/li>\n<\/ul>\n<p>Vis mer<\/p>\n<p class=\"_paragraph_ew2ao_4 _paragraph_xtcu6_10 layout-component text-serif-m layout-normal text-serif-m layout-padded\">Valglokalene stenger klokken 21. Da kommer de f\u00f8rste prognosene, n\u00e5r mediene f\u00e5r tilgang p\u00e5 opptalte stemmer fra Valgdirektoratet. 47,1 prosent av velgerne har forh\u00e5ndsstemt i \u00e5r.<\/p>\n<p class=\"_paragraph_ew2ao_4 _paragraph_xtcu6_10 layout-component text-serif-m layout-normal text-serif-m layout-padded\">Dersom gjennomsnittet av de 13 nasjonale meningsm\u00e5lingene hadde v\u00e6rt fasit, ville r\u00f8dgr\u00f8nn side f\u00e5tt 88 mandater og borgerlig side 81 mandater, viser beregninger fra <a href=\"https:\/\/www.pollofpolls.no\/?cmd=Stortinget&amp;do=snitt&amp;yw=202509\" class=\"_link_ew2ao_39\" rel=\"nofollow noopener\" target=\"_blank\">Poll of polls.<\/a><\/p>\n<p class=\"_paragraph_ew2ao_4 _paragraph_xtcu6_10 layout-component text-serif-m layout-normal text-serif-m layout-padded\">Mandatfordelingen har den siste tiden gradvis skj\u00f8vet seg mot r\u00f8dgr\u00f8nn side. Beregningene basert p\u00e5 septemberm\u00e5lingene gir de borgerlige bare fire prosent sjanse for \u00e5 f\u00e5 flertall.<\/p>\n<p><img alt=\"Foto: Heiko Junge \/ NTB\" class=\"_image_qp4xg_65 layout-component layout-normal\" data-fullscreen- data-track-element-type=\"Article image fullscreen\" data-track-name=\"ImageFullscreen\" decoding=\"async\" loading=\"lazy\" height=\"5760\" itemprop=\"image\"  src=\"https:\/\/www.europesays.com\/no\/wp-content\/uploads\/2025\/09\/46123039-7d27-4680-bd65-dc7ee444edd7\"  style=\"object-position:0% 0%\" width=\"8640\"\/>Foto: Heiko Junge \/ NTB<\/p>\n<p class=\"_paragraph_ew2ao_4 _paragraph_xtcu6_10 layout-component text-serif-m layout-normal text-serif-m layout-padded\"> Prosjektleder i Respons Analyse Thore Gaard Olaussen sier at de fleste velgere er opptatt av stabilitet b\u00e5de i landets \u00f8konomi og sin egen og h\u00e5per \u00e5 f\u00e5 det litt bedre fremover.<\/p>\n<p class=\"_paragraph_ew2ao_4 _paragraph_xtcu6_10 layout-component text-serif-m layout-normal text-serif-m layout-padded\">\u2013 I denne unders\u00f8kelsen ser det ut som at venstre- og h\u00f8yresiden fordeler seg ganske likt. Ut fra disse tallene er det d\u00f8dt l\u00f8p mellom blokkene i Stortinget, sier tallknuseren i Respons.<\/p>\n<p class=\"_paragraph_ew2ao_4 _paragraph_xtcu6_10 layout-component text-serif-m layout-normal text-serif-m layout-padded\">Han vil ikke sp\u00e5 utfallet, men viser til at siste partim\u00e5lingen til Respons sp\u00e5dde r\u00f8dgr\u00f8nt flertall.<\/p>\n<p class=\"_paragraph_ew2ao_4 _paragraph_xtcu6_10 layout-component text-serif-m layout-normal text-serif-m layout-padded\">For ham er det overraskende at saker som energi og str\u00f8m og samferdsel faller langt ned p\u00e5 listen over hvilke saker som er viktige for velgerne.<\/p>\n<p class=\"_paragraph_ew2ao_4 _paragraph_xtcu6_10 layout-component text-serif-m layout-normal text-serif-m layout-padded\">\u2013 Interessen for forsvar og sikkerhet har ogs\u00e5 falt sterkt i l\u00f8pet av denne valgkampen.<\/p>\n<p class=\"_paragraph_ew2ao_4 _paragraph_xtcu6_10 layout-component text-serif-m layout-normal text-serif-m layout-padded\">Valgforsker Johannes Bergh merker seg at interessen for milj\u00f8 og klima er veldig lav, sammenlignet med klimavalget for fire \u00e5r siden.<\/p>\n<p class=\"_paragraph_ew2ao_4 _paragraph_xtcu6_10 layout-component text-serif-m layout-normal text-serif-m layout-padded\">\u2013 Det er nok en konsekvens av at andre saker er blitt viktigere. Flere opplever st\u00f8rre utrygghet og er blitt mer opptatt av egen \u00f8konomi.<\/p>\n<p><img decoding=\"async\" alt=\"Bilde av Johannes Bergh\" class=\"_image_ygndg_42\" height=\"27\" itemprop=\"image\" loading=\"lazy\"  src=\"https:\/\/www.europesays.com\/no\/wp-content\/uploads\/2025\/09\/4e86bc35-0c1d-4208-9594-cae483c63eaf\"  width=\"40\"\/><strong class=\"_name_ygndg_51 title-serif-xs\">Johannes Bergh<\/strong><\/p>\n<p class=\"_paragraph_ew2ao_4 text-sans-m _description_ygndg_56\">Valgforsker ved Institutt for samfunnsforskning<\/p>\n<p class=\"_paragraph_ew2ao_4 _paragraph_xtcu6_10 layout-component text-serif-m layout-normal text-serif-m layout-padded\">Bergh sier at hvilke saker folk er opptatt av kan v\u00e6re med og forklare valgresultatet i ettertid, fordi partiene har ulik troverdighet i ulike saker.<\/p>\n<p class=\"_paragraph_ew2ao_4 _paragraph_xtcu6_10 layout-component text-serif-m layout-normal text-serif-m layout-padded\">\u2013 Hvis mange er opptatt av innvandring, er det bra for Frp. Mange flere enn dem som stemmer p\u00e5 partiet, mener at Frp har den beste innvandringspolitikken.<\/p>\n<p class=\"_paragraph_ew2ao_4 _paragraph_xtcu6_10 layout-component text-serif-m layout-normal text-serif-m layout-padded\">Bergh sier at Ap tilsvarende vinner n\u00e5r mange er opptatt av trygg \u00f8konomisk styring, mens H\u00f8yre og Frp tjener p\u00e5 at mange er opptatt av skatt og skattepolitikk.<\/p>\n<p class=\"_paragraph_ew2ao_4 _paragraph_xtcu6_10 layout-component text-serif-m layout-normal text-serif-m layout-padded\">\u2013 Dersom mange er opptatt av sosial ulikhet, vil SV og R\u00f8dt kunne tjene p\u00e5 det, fordi mange mener at disse partiene har best politikk til \u00e5 bekjempe ulikheter.<\/p>\n<p class=\"_paragraph_ew2ao_4 _paragraph_xtcu6_10 layout-component text-serif-m layout-normal text-serif-m layout-padded\">P\u00e5 <a href=\"https:\/\/www.vg.no\/nyheter\/i\/B0g3WE\/vgs-partimaaling-to-dager-foer-valget-ap-avslutter-paa-topp\" data-track-element-type=\"Link\" data-track-id=\"link:B0g3WE\" class=\"_link_ew2ao_39\" rel=\"nofollow noopener\" target=\"_blank\">VGs siste partim\u00e5ling<\/a> to dager f\u00f8r valget vinner Ap kampen om de usikre velgerne. St\u00f8re &amp; co. n\u00e6rmer seg 30-tallet, mens H\u00f8yre ikke har klart \u00e5 snu krisetallene.<\/p>\n<p class=\"_paragraph_ew2ao_4 _paragraph_xtcu6_10 layout-component text-serif-m layout-normal text-serif-m layout-padded\"><a href=\"https:\/\/www.vg.no\/nyheter\/i\/8qnB5E\/vgs-siste-statsministermaaling-foer-valget-sylvi-listhaug-styrker-seg-jonas-gahr-stoere-er-mest-populaer\" data-track-element-type=\"Link\" data-track-id=\"link:8qnB5E\" class=\"_link_ew2ao_39\" rel=\"nofollow noopener\" target=\"_blank\">Den siste statsministerm\u00e5lingen<\/a> til VG viser at Jonas Gahr St\u00f8re fortsatt er mer popul\u00e6r enn Sylvi Listhaug og Erna Solberg til sammen. Men m\u00e5lingen er en opptur for Frp-lederen.<\/p>\n<p class=\"_paragraph_ew2ao_4 _paragraph_xtcu6_10 layout-component text-serif-m layout-normal text-serif-m layout-padded\">Fortsatt ikke bestemt deg? Ta VGs valgomat her:<\/p>\n","protected":false},"excerpt":{"rendered":"\u00d8konomi er saken som avgj\u00f8r valget. Det handler b\u00e5de om formuer \u2013 og forskjeller. Foto: Lise \u00c5serud \/&hellip;\n","protected":false},"author":2,"featured_media":29871,"comment_status":"","ping_status":"","sticky":false,"template":"","format":"standard","meta":{"footnotes":""},"categories":[5],"tags":[20,21,24,25,15,19,22,23,17,18,1312,13,30,28,281,29,14,16,199,26,27],"class_list":{"0":"post-29870","1":"post","2":"type-post","3":"status-publish","4":"format-standard","5":"has-post-thumbnail","7":"category-overskrifter","8":"tag-breaking-news","9":"tag-breakingnews","10":"tag-featured-news","11":"tag-featurednews","12":"tag-headlines","13":"tag-hovedoppslag","14":"tag-latest-news","15":"tag-latestnews","16":"tag-main-news","17":"tag-mainnews","18":"tag-meningsmalinger","19":"tag-news","20":"tag-no","21":"tag-norge","22":"tag-norsk-politikk","23":"tag-norway","24":"tag-nyheter","25":"tag-overskrifter","26":"tag-stortingsvalg","27":"tag-top-stories","28":"tag-topstories"},"share_on_mastodon":{"url":"","error":""},"_links":{"self":[{"href":"https:\/\/www.europesays.com\/no\/wp-json\/wp\/v2\/posts\/29870","targetHints":{"allow":["GET"]}}],"collection":[{"href":"https:\/\/www.europesays.com\/no\/wp-json\/wp\/v2\/posts"}],"about":[{"href":"https:\/\/www.europesays.com\/no\/wp-json\/wp\/v2\/types\/post"}],"author":[{"embeddable":true,"href":"https:\/\/www.europesays.com\/no\/wp-json\/wp\/v2\/users\/2"}],"replies":[{"embeddable":true,"href":"https:\/\/www.europesays.com\/no\/wp-json\/wp\/v2\/comments?post=29870"}],"version-history":[{"count":0,"href":"https:\/\/www.europesays.com\/no\/wp-json\/wp\/v2\/posts\/29870\/revisions"}],"wp:featuredmedia":[{"embeddable":true,"href":"https:\/\/www.europesays.com\/no\/wp-json\/wp\/v2\/media\/29871"}],"wp:attachment":[{"href":"https:\/\/www.europesays.com\/no\/wp-json\/wp\/v2\/media?parent=29870"}],"wp:term":[{"taxonomy":"category","embeddable":true,"href":"https:\/\/www.europesays.com\/no\/wp-json\/wp\/v2\/categories?post=29870"},{"taxonomy":"post_tag","embeddable":true,"href":"https:\/\/www.europesays.com\/no\/wp-json\/wp\/v2\/tags?post=29870"}],"curies":[{"name":"wp","href":"https:\/\/api.w.org\/{rel}","templated":true}]}}