{"id":29878,"date":"2025-09-08T17:35:12","date_gmt":"2025-09-08T17:35:12","guid":{"rendered":"https:\/\/www.europesays.com\/no\/29878\/"},"modified":"2025-09-08T17:35:12","modified_gmt":"2025-09-08T17:35:12","slug":"det-kommer-til-a-holje-ned-i-sor-norge","status":"publish","type":"post","link":"https:\/\/www.europesays.com\/no\/29878\/","title":{"rendered":"Det kommer til \u00e5 h\u00f8lje ned i S\u00f8r-Norge"},"content":{"rendered":"\n<p class=\"_lead_ew2ao_2 _lead_xtcu6_50 layout-component text-serif-m layout-normal text-serif-l layout-component layout-wide layout-padded _wide_17hqh_1 layout-padded\">Det er bare \u00e5 finne fram regnkl\u00e6rne. Denne uken blir det opp til 200 millimeter med nedb\u00f8r i s\u00f8r. <\/p>\n<p><img alt=\" Foto: G\u00f8ran Bohlin \/ VG\" class=\"_image_qp4xg_65 layout-component layout-wide\" data-fullscreen- data-track-element-type=\"Article image fullscreen\" data-track-name=\"ImageFullscreen\" fetchpriority=\"high\" decoding=\"sync\" loading=\"eager\" height=\"2048\" itemprop=\"image\"  src=\"https:\/\/www.europesays.com\/no\/wp-content\/uploads\/2025\/09\/fe5b6dc2-c9c0-4425-92bf-d1a54a9a6b59\"  style=\"object-position:0% 0%\" width=\"3072\"\/> Foto: G\u00f8ran Bohlin \/ VG<\/p>\n<ul aria-hidden=\"true\" class=\"_images_1y6fe_106\">\n<li><a class=\"_link_1y6fe_111\" href=\"https:\/\/www.vg.no\/forfatter\/preben-soerensen-olsen\" style=\"z-index:1\" title=\"Preben S\u00f8rensen Olsen\" rel=\"nofollow noopener\" target=\"_blank\"><img alt=\"Bilde av Preben S\u00f8rensen Olsen\" class=\"_image_1y6fe_88\" fetchpriority=\"low\" loading=\"lazy\" decoding=\"async\" itemprop=\"image\"  src=\"https:\/\/www.europesays.com\/no\/wp-content\/uploads\/2025\/09\/1757352911_830_64aa1fb4-b39a-43ab-9306-fd34402fdbb9\"  width=\"480\"\/><\/a><\/li>\n<\/ul>\n<p> Oppdatert mandag 8. september kl. 17:52     <\/p>\n<p class=\"_paragraph_ew2ao_4 _paragraph_xtcu6_10 layout-component text-serif-m layout-normal text-serif-m layout-padded\">Det melder Meteorologisk institutt. <\/p>\n<p class=\"_paragraph_ew2ao_4 _paragraph_xtcu6_10 layout-component text-serif-m layout-normal text-serif-m layout-padded\">\u2013 Det er mye vind fra s\u00f8r denne uken \u2013 og det gj\u00f8r at den varme og fuktige luften som inneholder en god del regn kommer nordover, sier meteorolog Magnus Ovhed. <\/p>\n<p class=\"_paragraph_ew2ao_4 _paragraph_xtcu6_10 layout-component text-serif-m layout-normal text-serif-m layout-padded\">Mesteparten av regnet havner i Agder, Rogaland og p\u00e5 Vestlandet \u2013 men det er ogs\u00e5 en god del som kommer inn over \u00d8stlandet. <\/p>\n<p class=\"_paragraph_ew2ao_4 _paragraph_xtcu6_10 layout-component text-serif-m layout-normal text-serif-m layout-padded\">\u2013 Da blir det rimelig v\u00e5tt. Det er ikke striregn hele tiden, men det regner godt jevnt og trutt, sier han. <\/p>\n<blockquote class=\"twitter-tweet\">\n<p lang=\"no\" dir=\"ltr\">Regnt\u00f8y i s\u00f8r, solbriller i nord!\u2602\ufe0f\ud83d\udd76\ufe0f<\/p>\n<p>For hele uka kan det samlet komme opp mot 200 mm nedb\u00f8r i s\u00f8r\ud83c\udf27\ufe0f Mens Finnmark kan f\u00e5 det helt t\u00f8rt! <\/p>\n<p>Liker du sol og varme og bor i S\u00f8r-Norge er det bare \u00e5 nyte dagen i dag\u2600\ufe0f <a href=\"https:\/\/t.co\/ArsrNbSPUo\" rel=\"nofollow\">pic.twitter.com\/ArsrNbSPUo<\/a><\/p>\n<p>\u2014 Meteorologene (@Meteorologene) <a href=\"https:\/\/twitter.com\/Meteorologene\/status\/1965004963379134710?ref_src=twsrc%5Etfw\" rel=\"nofollow noopener\" target=\"_blank\">September 8, 2025<\/a><\/p><\/blockquote>\n<p class=\"_paragraph_ew2ao_4 _paragraph_xtcu6_10 layout-component text-serif-m layout-normal text-serif-m layout-padded\">Nord-Norge blir ukens v\u00e6rvinner, avsl\u00f8rer Ovhed. <\/p>\n<p class=\"_paragraph_ew2ao_4 _paragraph_xtcu6_10 layout-component text-serif-m layout-normal text-serif-m layout-padded\">\u2013 P\u00e5 Nordm\u00f8re, i Tr\u00f8ndelag og nordover blir det vesentlig t\u00f8rrere. S\u00e5 blir det t\u00f8rrere jo lenger nord du kommer. I Finnmark blir det ikke nedb\u00f8r i det hele tatt. Temperaturene blir ogs\u00e5 veldig h\u00f8ye. Rundt 20 grader fra Tr\u00f8ndelag og opp til \u00d8st-Finnmark. <\/p>\n<p class=\"_paragraph_ew2ao_4 _paragraph_xtcu6_10 layout-component text-serif-m layout-normal text-serif-m layout-padded\">\u2013 S\u00e5 sommeren i nord er p\u00e5 ingen m\u00e5ter avlyst?<\/p>\n<p class=\"_paragraph_ew2ao_4 _paragraph_xtcu6_10 layout-component text-serif-m layout-normal text-serif-m layout-padded\">\u2013 Nei, nei, nei. Definitivt ikke, svarer Ovehed. <\/p>\n<p class=\"_paragraph_ew2ao_4 _paragraph_xtcu6_10 layout-component text-serif-m layout-normal text-serif-m layout-padded\">\u2013 Selv om det blir v\u00e5tt og litt kj\u00f8ligere s\u00f8r i Norge, er det langt fra noe h\u00f8stv\u00e6r p\u00e5 gang. Det er fortsatt temperaturer p\u00e5 15\u201320 grader, sier han. <\/p>\n<p class=\"_paragraph_ew2ao_4 _paragraph_xtcu6_10 layout-component text-serif-m layout-normal text-serif-m layout-padded\">Se hva som skjedde da uv\u00e6re herjet p\u00e5 N\u00f8tter\u00f8y i sommer: <\/p>\n<p>       <img decoding=\"async\" alt=\"Tips oss illustrasjon\" width=\"62px\" height=\"auto\" src=\"https:\/\/www.europesays.com\/no\/wp-content\/uploads\/2025\/08\/1754784428_95_W9avJzE.png\"\/>    <\/p>\n<p class=\"title-serif-s\">Har du tips til oss?<\/p>\n<p class=\"text-sans-m\">Send oss informasjon, bilder eller video<\/p>\n<p>  <a href=\"https:\/\/www.vg.no\/tips-oss\" rel=\"nofollow noopener\" target=\"_blank\"> Tips oss <\/a>      <script async src=\"https:\/\/platform.twitter.com\/widgets.js\" charset=\"utf-8\"><\/script><\/p>\n","protected":false},"excerpt":{"rendered":"Det er bare \u00e5 finne fram regnkl\u00e6rne. Denne uken blir det opp til 200 millimeter med nedb\u00f8r i&hellip;\n","protected":false},"author":2,"featured_media":29879,"comment_status":"","ping_status":"","sticky":false,"template":"","format":"standard","meta":{"footnotes":""},"categories":[10],"tags":[31,20,21,24,25,15,22,23,13,30,28,29,14,16,26,27],"class_list":{"0":"post-29878","1":"post","2":"type-post","3":"status-publish","4":"format-standard","5":"has-post-thumbnail","7":"category-norge","8":"tag-breaking","9":"tag-breaking-news","10":"tag-breakingnews","11":"tag-featured-news","12":"tag-featurednews","13":"tag-headlines","14":"tag-latest-news","15":"tag-latestnews","16":"tag-news","17":"tag-no","18":"tag-norge","19":"tag-norway","20":"tag-nyheter","21":"tag-overskrifter","22":"tag-top-stories","23":"tag-topstories"},"share_on_mastodon":{"url":"","error":""},"_links":{"self":[{"href":"https:\/\/www.europesays.com\/no\/wp-json\/wp\/v2\/posts\/29878","targetHints":{"allow":["GET"]}}],"collection":[{"href":"https:\/\/www.europesays.com\/no\/wp-json\/wp\/v2\/posts"}],"about":[{"href":"https:\/\/www.europesays.com\/no\/wp-json\/wp\/v2\/types\/post"}],"author":[{"embeddable":true,"href":"https:\/\/www.europesays.com\/no\/wp-json\/wp\/v2\/users\/2"}],"replies":[{"embeddable":true,"href":"https:\/\/www.europesays.com\/no\/wp-json\/wp\/v2\/comments?post=29878"}],"version-history":[{"count":0,"href":"https:\/\/www.europesays.com\/no\/wp-json\/wp\/v2\/posts\/29878\/revisions"}],"wp:featuredmedia":[{"embeddable":true,"href":"https:\/\/www.europesays.com\/no\/wp-json\/wp\/v2\/media\/29879"}],"wp:attachment":[{"href":"https:\/\/www.europesays.com\/no\/wp-json\/wp\/v2\/media?parent=29878"}],"wp:term":[{"taxonomy":"category","embeddable":true,"href":"https:\/\/www.europesays.com\/no\/wp-json\/wp\/v2\/categories?post=29878"},{"taxonomy":"post_tag","embeddable":true,"href":"https:\/\/www.europesays.com\/no\/wp-json\/wp\/v2\/tags?post=29878"}],"curies":[{"name":"wp","href":"https:\/\/api.w.org\/{rel}","templated":true}]}}