{"id":29884,"date":"2025-09-08T17:41:10","date_gmt":"2025-09-08T17:41:10","guid":{"rendered":"https:\/\/www.europesays.com\/no\/29884\/"},"modified":"2025-09-08T17:41:10","modified_gmt":"2025-09-08T17:41:10","slug":"ikke-skjedd-siden-2017","status":"publish","type":"post","link":"https:\/\/www.europesays.com\/no\/29884\/","title":{"rendered":"Ikke skjedd siden 2017"},"content":{"rendered":"<p>  Ny nedtur for Elon Musk og Tesla i USA.<\/p>\n<p>\n    FORTSETTER FALLET: Teslas markedsandel i USA falt til det laveste p\u00e5 nesten \u00e5tte \u00e5r i august. Foto: Nathan Howard \/ Reuters \/ NTB\n  <\/p>\n<p>Elon Musk og Tesla g\u00e5r p\u00e5 nok en smell i det amerikanske elbilmarkedet i august. Det melder Reuters.<\/p>\n<p data-lab-font_weight=\"font-weight-bold\" class=\"font-weight-bold m-font-weight-bold\">Tesla, som en gang hadde mer enn 80 prosent av det amerikanske elbilmarkedet, sto for bare 38 prosent av det totale elbilsalget i USA forrige m\u00e5ned.<\/p>\n<p>    <a itemprop=\"url\" href=\"https:\/\/borsen.dagbladet.no\/nyheter\/kriseuke-for-musk-totalt-kaos\/83413963\" rel=\"nofollow noopener\" target=\"_blank\"><\/p>\n<p>      <img loading=\"lazy\" decoding=\"async\" src=\"https:\/\/www.europesays.com\/no\/wp-content\/uploads\/2025\/09\/83204269.webp\" width=\"980\" height=\"441\" title=\"Kriseuke for Musk: - Totalt kaos\" alt=\"\" class=\"lazyload\" style=\"--aspect-ratio-image: 2.22; \"\/><\/p>\n<p>        Kriseuke for Musk: &#8211; Totalt kaos<\/p>\n<p>    <\/a><\/p>\n<p>Dermed har markedsandelen falt til under 40 prosent for f\u00f8rste gang siden oktober 2017, da selskapet \u00f8kte produksjonen av Model 3, if\u00f8lge data fra Cox.<\/p>\n<p>USA-tallene st\u00e5r i sterk kontrast til Tesla-salget i Norge. Med 16 891 solgte biler i landet i \u00e5r, registrer merket en \u00f8kning p\u00e5 25,7 prosent i Norge i \u00e5r, if\u00f8lge Finansavisen.<\/p>\n<p>Vekker oppsikt\t<\/p>\n<p>At Norge topper \u00aballe\u00bb Tesla-statistikker, har ogs\u00e5 vakt internasjonal oppsikt.\u00a0<\/p>\n<p class=\"font-weight-bold m-font-weight-bold\" data-lab-font_weight=\"font-weight-bold\">\u00abNorges Tesla-besettelse trosser Europas Musk-motstand\u00bb, l\u00f8d tittelen til den amerikanske nyhetsgiganten\u00a0<a href=\"https:\/\/www.cnbc.com\/2025\/07\/11\/tesla-norways-obsession-defies-europes-elon-musk-backlash.html\" rel=\"nofollow noopener\" target=\"_blank\">CNBC<\/a>\u00a0i en artikkel tidligere i sommer.<\/p>\n<p>    <a itemprop=\"url\" href=\"https:\/\/borsen.dagbladet.no\/nyheter\/dette-stemmer-ikke\/83380275\" rel=\"nofollow noopener\" target=\"_blank\"><\/p>\n<p>      <img loading=\"lazy\" decoding=\"async\" src=\"https:\/\/www.europesays.com\/no\/wp-content\/uploads\/2025\/09\/83380348.webp\" width=\"980\" height=\"441\" title=\"- Dette stemmer ikke\" alt=\"\" class=\"lazyload\" style=\"--aspect-ratio-image: 2.22; \"\/><\/p>\n<p>        &#8211; Dette stemmer ikke<\/p>\n<p>    <\/a><\/p>\n<p>I saken heter det at Tesla fortsatt \u00abfinner tr\u00f8st i elbilvennlige Norge\u00bb &#8211; til tross for en vedvarende salgssvikt i resten av Europa.\u00a0<\/p>\n<p> Generalsekret\u00e6r i\u00a0Norsk\u00a0Elbilforening. Christina Bu, pekte den gang p\u00e5 den oppgraderte Model Y som en viktig del av forklaringen p\u00e5 den siste salgs\u00f8kningen i Norge. <\/p>\n","protected":false},"excerpt":{"rendered":"Ny nedtur for Elon Musk og Tesla i USA. FORTSETTER FALLET: Teslas markedsandel i USA falt til det&hellip;\n","protected":false},"author":2,"featured_media":29885,"comment_status":"","ping_status":"","sticky":false,"template":"","format":"standard","meta":{"footnotes":""},"categories":[56],"tags":[60,61,4814,129,4813,62,30,28,29,14,272,50],"class_list":{"0":"post-29884","1":"post","2":"type-post","3":"status-publish","4":"format-standard","5":"has-post-thumbnail","7":"category-naeringsliv","8":"tag-business","9":"tag-economy","10":"tag-elbilsalget","11":"tag-elon-musk","12":"tag-markedsandel","13":"tag-naeringsliv","14":"tag-no","15":"tag-norge","16":"tag-norway","17":"tag-nyheter","18":"tag-tesla","19":"tag-usa"},"share_on_mastodon":{"url":"","error":""},"_links":{"self":[{"href":"https:\/\/www.europesays.com\/no\/wp-json\/wp\/v2\/posts\/29884","targetHints":{"allow":["GET"]}}],"collection":[{"href":"https:\/\/www.europesays.com\/no\/wp-json\/wp\/v2\/posts"}],"about":[{"href":"https:\/\/www.europesays.com\/no\/wp-json\/wp\/v2\/types\/post"}],"author":[{"embeddable":true,"href":"https:\/\/www.europesays.com\/no\/wp-json\/wp\/v2\/users\/2"}],"replies":[{"embeddable":true,"href":"https:\/\/www.europesays.com\/no\/wp-json\/wp\/v2\/comments?post=29884"}],"version-history":[{"count":0,"href":"https:\/\/www.europesays.com\/no\/wp-json\/wp\/v2\/posts\/29884\/revisions"}],"wp:featuredmedia":[{"embeddable":true,"href":"https:\/\/www.europesays.com\/no\/wp-json\/wp\/v2\/media\/29885"}],"wp:attachment":[{"href":"https:\/\/www.europesays.com\/no\/wp-json\/wp\/v2\/media?parent=29884"}],"wp:term":[{"taxonomy":"category","embeddable":true,"href":"https:\/\/www.europesays.com\/no\/wp-json\/wp\/v2\/categories?post=29884"},{"taxonomy":"post_tag","embeddable":true,"href":"https:\/\/www.europesays.com\/no\/wp-json\/wp\/v2\/tags?post=29884"}],"curies":[{"name":"wp","href":"https:\/\/api.w.org\/{rel}","templated":true}]}}