{"id":298904,"date":"2026-07-21T13:35:15","date_gmt":"2026-07-21T13:35:15","guid":{"rendered":"https:\/\/www.europesays.com\/no\/298904\/"},"modified":"2026-07-21T13:35:15","modified_gmt":"2026-07-21T13:35:15","slug":"sami-sheen-avviser-okonomisk-hjelp-fra-charlie-sheen-forsorger-seg-selv-med-onlyfans","status":"publish","type":"post","link":"https:\/\/www.europesays.com\/no\/298904\/","title":{"rendered":"Sami Sheen avviser \u00f8konomisk hjelp fra Charlie Sheen: Fors\u00f8rger seg selv med OnlyFans"},"content":{"rendered":"<p class=\"kicker \" style=\"\">Sami Sheen:<\/p>\n<p class=\"subtitle \" style=\"\">Kjendisdatteren sl\u00e5r tilbake mot ryktene om at faren, Charlie Sheen, fors\u00f8rger henne.<\/p>\n<p>\n    UT MOT RYKTENE: Sami Sheen er klar p\u00e5 at hun klarer seg selv \u00f8konomisk. Foto: @samisheen \/ Instagram\n  <\/p>\n<p>Charlie Sheen (60) og Denise Richards (55) var i noen \u00e5r Hollywoods st\u00f8rste stjernepar.<\/p>\n<p>Romansen varte ikke, men duoen fikk to d\u00f8tre sammen: Sami (22) og Lola (21).<\/p>\n<p>    <a itemprop=\"url\" href=\"https:\/\/www.seher.no\/kjendis\/bitter-familiekonflikt\/84110386\" rel=\"nofollow noopener\" target=\"_blank\"><\/p>\n<p>        <img loading=\"lazy\" decoding=\"async\" src=\"https:\/\/www.europesays.com\/no\/wp-content\/uploads\/2026\/07\/84110601.webp\" width=\"980\" height=\"441\" alt=\"\" class=\"lazyload\" style=\"--aspect-ratio-image: 2.22; \"\/><\/p>\n<p>        Bitter familiekonflikt <\/p>\n<p>    <\/a><\/p>\n<p>Sami har de siste \u00e5rene v\u00e6rt \u00e5pen om at hun holder p\u00e5 med OnlyFans, og hun bor n\u00e5 for seg selv &#8211; og holder p\u00e5 med sitt.<\/p>\n<p>Flere fans hevder n\u00e5 at Sami har f\u00e5tt \u00f8konomisk hjelp fra Charlie for \u00e5 opprettholde livsstilen sin.<\/p>\n<p>        <img loading=\"lazy\" decoding=\"async\" src=\"https:\/\/www.europesays.com\/no\/wp-content\/uploads\/2026\/07\/84927504.webp\" width=\"667\" height=\"601\" alt=\"\" class=\"\" style=\"--aspect-ratio-image: 1.11; \"\/><\/p>\n<p>\n        IT-PAR: Charlie og Denise skapte overskrifter verden over med forholdet sitt. Foto: Matt Baron \/ BEI \/ REX \/ NTB\n    <\/p>\n<p>N\u00e5 avviser hun disse p\u00e5standene, og sier at hun har fors\u00f8rget seg selv siden hun var 18 \u00e5r.<\/p>\n<p>&#8211; Denne mannen har ikke gitt meg en krone p\u00e5 over fire \u00e5r. Jeg har v\u00e6rt fullstendig \u00f8konomisk selvfors\u00f8rget siden jeg var 18, sier hun i en TikTok-video, if\u00f8lge <a href=\"https:\/\/pagesix.com\/2026\/07\/19\/celebrity-news\/charlie-sheens-daughter-sami-says-dad-hasnt-given-me-a-dime-touts-supporting-herself-with-onlyfans\/\" rel=\"nofollow noopener\" target=\"_blank\">Page Six<\/a>.<\/p>\n<p>        \u00c5PNER OPP: Charlie Sheen forteller om det skandal\u00f8se livet i ny dokumentar p\u00e5 Netflix. Video: \u00abaka Charlie Sheen\u00bb\/Netflix<\/p>\n<p>Sami forklarte at hun nylig ba faren om \u00e5 kj\u00f8pe en hest henne, til samme pris som bilen han kj\u00f8pte til s\u00f8steren Lola.\u00a0<\/p>\n<p>Det var siste gang de snakket sammen, for et par uker siden, if\u00f8lge henne.<\/p>\n<p>        <img loading=\"lazy\" decoding=\"async\" src=\"https:\/\/www.europesays.com\/no\/wp-content\/uploads\/2026\/07\/84927577.webp\" width=\"667\" height=\"647\" alt=\"\" class=\"\" style=\"--aspect-ratio-image: 1.03; \"\/><\/p>\n<p>\n        D\u00d8TRENE: Lola og Sami er d\u00f8trene til Charlie Sheen og Denise Richards. I tillegg har de en adoptert lilles\u00f8ster, Eloise, p\u00e5 morssiden. Foto: Albert L Ortega \/ SOPA Images \/ Shutterstock \/ NTB\n    <\/p>\n<p>&#8211; S\u00e5 hvis ikke det setter det i perspektiv, at faren min ikke hjelper meg med noe som helst, vet jeg ikke hva som gj\u00f8r det, sier hun.<\/p>\n<p>Sami har kj\u00f8pt et strandn\u00e6rt hus, og avviser at faren bidro.<\/p>\n<p>    <a itemprop=\"url\" href=\"https:\/\/www.seher.no\/kjendis\/lever-mot-alle-odds\/83671627\" rel=\"nofollow noopener\" target=\"_blank\"><\/p>\n<p>        <img loading=\"lazy\" decoding=\"async\" src=\"https:\/\/www.europesays.com\/no\/wp-content\/uploads\/2026\/07\/83671633.webp\" width=\"980\" height=\"441\" alt=\"\" class=\"lazyload\" style=\"--aspect-ratio-image: 2.22; \"\/><\/p>\n<p>        Lever \u2013 mot alle odds<\/p>\n<p>    <\/a><\/p>\n<p>&#8211; Disse puppene gjorde det, sier hun, og peker mot brystet sitt.\u00a0<\/p>\n<p>Hun skal ha tjent over tre millioner dollar p\u00e5 OnlyFans i februar 2025, tre \u00e5r etter at hun startet kontoen, if\u00f8lge Page Six.<\/p>\n<p>        FERDIG: Da influenseren stoppet \u00e5 drikke alkohol, inns\u00e5 hun at hun ikke lenger ville kapitalisere p\u00e5 sin st\u00f8rste usikkerhet. Video: Sanne Holt\/ Brage Hegg\u00f8y\/ @bbyekra\/ TikTok\/ Instagram<\/p>\n<p>Charlie Sheen uttalte til Page Six i 2022 at han ikke st\u00f8tter datterens karriere.<\/p>\n<p>&#8211; Jeg oppfordret henne til \u00e5 holde det stilfullt, kreativt og ikke ofre sin integritet, sa skuespilleren.<\/p>\n","protected":false},"excerpt":{"rendered":"Sami Sheen: Kjendisdatteren sl\u00e5r tilbake mot ryktene om at faren, Charlie Sheen, fors\u00f8rger henne. UT MOT RYKTENE: Sami&hellip;\n","protected":false},"author":2,"featured_media":298905,"comment_status":"","ping_status":"","sticky":false,"template":"","format":"standard","meta":{"footnotes":"","_share_on_mastodon":"0"},"categories":[58],"tags":[4632,71,14616,479,2543,30,28,29,15889,72],"class_list":["post-298904","post","type-post","status-publish","format-standard","has-post-thumbnail","category-underholdning","tag-charlie-sheen","tag-entertainment","tag-familiekonflikt","tag-kjendis","tag-kjendisdesken","tag-no","tag-norge","tag-norway","tag-sami-sheen","tag-underholdning"],"share_on_mastodon":{"url":"https:\/\/pubeurope.com\/@no\/116958234701759491","error":""},"_links":{"self":[{"href":"https:\/\/www.europesays.com\/no\/wp-json\/wp\/v2\/posts\/298904","targetHints":{"allow":["GET"]}}],"collection":[{"href":"https:\/\/www.europesays.com\/no\/wp-json\/wp\/v2\/posts"}],"about":[{"href":"https:\/\/www.europesays.com\/no\/wp-json\/wp\/v2\/types\/post"}],"author":[{"embeddable":true,"href":"https:\/\/www.europesays.com\/no\/wp-json\/wp\/v2\/users\/2"}],"replies":[{"embeddable":true,"href":"https:\/\/www.europesays.com\/no\/wp-json\/wp\/v2\/comments?post=298904"}],"version-history":[{"count":0,"href":"https:\/\/www.europesays.com\/no\/wp-json\/wp\/v2\/posts\/298904\/revisions"}],"wp:featuredmedia":[{"embeddable":true,"href":"https:\/\/www.europesays.com\/no\/wp-json\/wp\/v2\/media\/298905"}],"wp:attachment":[{"href":"https:\/\/www.europesays.com\/no\/wp-json\/wp\/v2\/media?parent=298904"}],"wp:term":[{"taxonomy":"category","embeddable":true,"href":"https:\/\/www.europesays.com\/no\/wp-json\/wp\/v2\/categories?post=298904"},{"taxonomy":"post_tag","embeddable":true,"href":"https:\/\/www.europesays.com\/no\/wp-json\/wp\/v2\/tags?post=298904"}],"curies":[{"name":"wp","href":"https:\/\/api.w.org\/{rel}","templated":true}]}}