{"id":298913,"date":"2026-07-21T13:51:15","date_gmt":"2026-07-21T13:51:15","guid":{"rendered":"https:\/\/www.europesays.com\/no\/298913\/"},"modified":"2026-07-21T13:51:15","modified_gmt":"2026-07-21T13:51:15","slug":"kvinne-21-mistet-livet","status":"publish","type":"post","link":"https:\/\/www.europesays.com\/no\/298913\/","title":{"rendered":"Kvinne (21) mistet livet"},"content":{"rendered":"<p class=\"subtitle \" style=\"\">Bryter tausheten etter VM-finalen: &#8211; Jeg elsker deg s\u00e5 h\u00f8yt.<\/p>\n<p>\n    FULGTE HELE VM: Antonela Roccuzzo var vitne til at ektemannen Lionel Messi brast i gr\u00e5t etter VM-finalen. Foto: NTB\n  <\/p>\n<p>NEW YORK (Dagbladet): Lionel Messi (39) var utr\u00f8stelig etter 0-1-tapet mot Spania i VM-finalen. Han gr\u00e5t og gr\u00e5t, og n\u00e5 vet ingen hva som skjer.<\/p>\n<p>Har han spilt sin siste kamp for Argentina? Eller satser han videre? Verden venter p\u00e5 et svar.\u00a0<\/p>\n<p>Kona Antonela Roccuzzo (38) har st\u00e5tt ved ektemannens side gjennom hele VM. N\u00e5 har hun skrevet et emosjonelt innlegg p\u00e5 Instagram som f\u00e5r selv David Beckham til \u00e5 svare. Han og Messi kjenner hverandre godt fra Inter Miami.<\/p>\n<p>&#8211; Du vil alltid v\u00e6re den beste, Lionel Messi, erkl\u00e6rer kona.<\/p>\n<p>&#8211; Ikke bare p\u00e5 grunn av talentet ditt, men fordi du aldri slutter \u00e5 v\u00e6re deg selv. Uansett hva som skjer gir du aldri opp. Du kjemper alltid til siste slutt og gir alt av deg helt til siste sekund. Den styrken, den mentaliteten og m\u00e5ten du reiser deg p\u00e5 igjen og igjen er det som gj\u00f8r deg unik.<\/p>\n<p>    <a itemprop=\"url\" href=\"https:\/\/www.dagbladet.no\/sport\/pinlig\/84922367\" rel=\"nofollow noopener\" target=\"_blank\"><\/p>\n<p>        <img loading=\"lazy\" decoding=\"async\" src=\"https:\/\/www.europesays.com\/no\/wp-content\/uploads\/2026\/07\/1784641874_721_84922384.webp\" width=\"147\" height=\"98\" alt=\"\" class=\"lazyload\" style=\"--aspect-ratio-image: 1.50; \"\/><\/p>\n<p>        &#8211; Pinlig<\/p>\n<p>    <\/a><\/p>\n<p>Hun fortsetter:<\/p>\n<p>&#8211; Takk for at du hver dag l\u00e6rer oss at ekte suksess bygges med arbeid, offer, utholdenhet og uten \u00e5 miste essensen. Du er det beste eksempelet for barna v\u00e5re og en inspirasjon for millioner av mennesker. Jeg beundrer deg mer enn ord kan uttrykke. Jeg er utrolig stolt over \u00e5 g\u00e5 gjennom livet ved din side. Jeg elsker deg s\u00e5 h\u00f8yt.<\/p>\n<p>        <img loading=\"lazy\" decoding=\"async\" src=\"https:\/\/www.europesays.com\/no\/wp-content\/uploads\/2026\/07\/84926018.webp\" width=\"667\" height=\"487\" alt=\"\" class=\"\" style=\"--aspect-ratio-image: 1.37; \"\/><\/p>\n<p>\n        FAMILIEN MESSI: Lionel Messi og Antonela Roccuzzo har tre s\u00f8nner. Foto: NTB\n    <\/p>\n<p>Innlegget hadde natt til tirsdag f\u00e5tt over 5,3 millioner \u00ablikes\u00bb. Inter Miami-eier David Beckham er blant dem som har svart.<\/p>\n<p>&#8211; Dere er begge spesielle mennesker. Det st\u00f8rste dere har oppn\u00e5dd er guttene deres. Vi er alle s\u00e5 stolte av ektemannen din, sier Beckham. Paret ble sammen i 2008 og har tre s\u00f8nner.\u00a0<\/p>\n<p>Dagbladet var blant mediene som ventet p\u00e5 Messi i pressesonen p\u00e5 MetLife Stadium etter VM-finalen. Men spillerne <a href=\"https:\/\/www.dagbladet.no\/sport\/romte-fra-skandalen\/84921275\" rel=\"nofollow noopener\" target=\"_blank\">sneik seg ut <\/a>bakveien.<\/p>\n<p>        P\u00c5 FELTET: Lionel Messi lader opp til semifinalen for Argentina. Video: Simensen, Dagbladet TV-sporten<\/p>\n<p>I l\u00f8pet av de siste 24 timene har mannen med 207 Argentina-kamper selv rykket ut p\u00e5 Instagram.<\/p>\n<p>&#8211; Smerten er veldig stor. Det vil ta tid f\u00f8r dette s\u00e5ret leges. Men jeg sitter ogs\u00e5 igjen med alt det gode, sier Messi etter finaletapet.<\/p>\n<p>&#8211; I dag er det vanskelig \u00e5 verdsette hva vi gjorde, men denne gruppa n\u00e5dde to strake VM-finaler. Tusen takk av hele mitt hjerte for hver hilsen og hver melding. Nok en gang klarte vi \u00e5 st\u00e5 sammen som et land og v\u00e6re samlet. Vi delte den enorme stoltheten over \u00e5 v\u00e6re fra Argentina.<\/p>\n<p>    <a itemprop=\"url\" href=\"https:\/\/www.dagbladet.no\/sport\/vekker-avsky\/84925372\" rel=\"nofollow noopener\" target=\"_blank\"><\/p>\n<p>        <img loading=\"lazy\" decoding=\"async\" src=\"https:\/\/www.europesays.com\/no\/wp-content\/uploads\/2026\/07\/84925379.webp\" width=\"147\" height=\"98\" alt=\"\" class=\"lazyload\" style=\"--aspect-ratio-image: 1.50; \"\/><\/p>\n<p>        Vekker avsky<\/p>\n<p>    <\/a><\/p>\n<p>Messi har kontrakt med Inter Miami ut desember 2028.<\/p>\n","protected":false},"excerpt":{"rendered":"Bryter tausheten etter VM-finalen: &#8211; Jeg elsker deg s\u00e5 h\u00f8yt. FULGTE HELE VM: Antonela Roccuzzo var vitne til&hellip;\n","protected":false},"author":2,"featured_media":298914,"comment_status":"","ping_status":"","sticky":false,"template":"","format":"standard","meta":{"footnotes":"","_share_on_mastodon":"0"},"categories":[59],"tags":[753,32,2539,30,28,29,14,83,82],"class_list":["post-298913","post","type-post","status-publish","format-standard","has-post-thumbnail","category-sport","tag-dodsulykke","tag-finnmark","tag-innenriks","tag-no","tag-norge","tag-norway","tag-nyheter","tag-sport","tag-sports"],"share_on_mastodon":{"url":"https:\/\/pubeurope.com\/@no\/116958297788899353","error":""},"_links":{"self":[{"href":"https:\/\/www.europesays.com\/no\/wp-json\/wp\/v2\/posts\/298913","targetHints":{"allow":["GET"]}}],"collection":[{"href":"https:\/\/www.europesays.com\/no\/wp-json\/wp\/v2\/posts"}],"about":[{"href":"https:\/\/www.europesays.com\/no\/wp-json\/wp\/v2\/types\/post"}],"author":[{"embeddable":true,"href":"https:\/\/www.europesays.com\/no\/wp-json\/wp\/v2\/users\/2"}],"replies":[{"embeddable":true,"href":"https:\/\/www.europesays.com\/no\/wp-json\/wp\/v2\/comments?post=298913"}],"version-history":[{"count":0,"href":"https:\/\/www.europesays.com\/no\/wp-json\/wp\/v2\/posts\/298913\/revisions"}],"wp:featuredmedia":[{"embeddable":true,"href":"https:\/\/www.europesays.com\/no\/wp-json\/wp\/v2\/media\/298914"}],"wp:attachment":[{"href":"https:\/\/www.europesays.com\/no\/wp-json\/wp\/v2\/media?parent=298913"}],"wp:term":[{"taxonomy":"category","embeddable":true,"href":"https:\/\/www.europesays.com\/no\/wp-json\/wp\/v2\/categories?post=298913"},{"taxonomy":"post_tag","embeddable":true,"href":"https:\/\/www.europesays.com\/no\/wp-json\/wp\/v2\/tags?post=298913"}],"curies":[{"name":"wp","href":"https:\/\/api.w.org\/{rel}","templated":true}]}}