{"id":299532,"date":"2026-07-22T10:48:14","date_gmt":"2026-07-22T10:48:14","guid":{"rendered":"https:\/\/www.europesays.com\/no\/299532\/"},"modified":"2026-07-22T10:48:14","modified_gmt":"2026-07-22T10:48:14","slug":"marc-anthony-blir-pappa-for-attende-gang-med-nadia-ferreira","status":"publish","type":"post","link":"https:\/\/www.europesays.com\/no\/299532\/","title":{"rendered":"Marc Anthony blir pappa for \u00e5ttende gang med Nadia Ferreira"},"content":{"rendered":"<p class=\"kicker \" style=\"\">Marc Anthony:\u00a0<\/p>\n<p class=\"subtitle \" style=\"\">Den latinamerikanske superstjernen har \u00f8nsket sitt \u00e5ttende barn velkommen til verden.<\/p>\n<p>\n    \u00c5TTEBARNSFAR: Marc Anthony har \u00f8nsket sitt \u00e5ttende barn velkommen til verden. Her er den latinamerikanske popstjernen under et FIFA-arrangement i Miami i 2025.\n  <\/p>\n<p> Marc Anthony (57) har all grunn til \u00e5 smile. Den latinamerikanske superstjernen har blitt pappa for \u00e5ttende gang, denne gangen sammen med sin 30 \u00e5r yngre kone, modellen Nadia Ferreira (27). <\/p>\n<p data-lab-font_weight=\"\"> Paret delte den store gladnyheten p\u00e5 <a href=\"https:\/\/www.instagram.com\/p\/DbD5Yp7EZnI\/?img_index=1\" rel=\"nofollow noopener\" target=\"_blank\">Instagram <\/a>tirsdag, hvor de kunne avsl\u00f8re at de har \u00f8nsket en liten datter velkommen til verden.<\/p>\n<p class=\"font-weight-bold m-font-weight-bold\" data-lab-font_weight=\"font-weight-bold\">Den lille jenta har f\u00e5tt det nydelige navnet Myla. <\/p>\n<p>\u00abFor en stor velsignelse \u00e5 kunne dele ankomsten til v\u00e5r dyrebare Myla med dere. Dere kan ikke forestille dere lykken vi har hjemme, vi er helt over oss av glede\u00bb, skriver paret i innlegget.\u00a0<\/p>\n<p class=\"font-weight-bold m-font-weight-bold\" data-lab-font_weight=\"font-weight-bold\">P\u00e5 bildene ser man parets tre \u00e5r gamle s\u00f8nn Marco holde sin nyf\u00f8dte lilles\u00f8ster, mens foreldrene forsiktig holder rundt den lille h\u00e5nden hennes.<\/p>\n<p>        T\u00c5REV\u00c5TT: Skuespiller Anne Hathaway tar til t\u00e5rene da hun hylles p\u00e5 direktesendt TV. Video: Karolina Grace\/R\u00f8d L\u00f8per, \u00abThe View\u00bb\/ABC. <\/p>\n<p>Navnet Myla skal if\u00f8lge navneeksperter bety \u00abbarmhjertig\u00bb eller \u00abn\u00e5dig\u00bb \u2013 et passende navn for parets nye familiemedlem.<\/p>\n<p>For Anthony er dette barn nummer \u00e5tte. Sangeren har fra f\u00f8r syv barn fra tidligere forhold, blant andre tvillingene Emme og Max (18), som han fikk sammen med superstjernen Jennifer Lopez (56).<\/p>\n<p>        <img loading=\"lazy\" decoding=\"async\" src=\"https:\/\/www.europesays.com\/no\/wp-content\/uploads\/2026\/07\/84930406.webp\" width=\"686\" height=\"1029\" alt=\"\" class=\"\" style=\"--aspect-ratio-image: 0.67; \"\/><\/p>\n<p>\n        EKSER: Marc Anthony og Jennifer Lopez var et av Hollywoods mest omtalte par f\u00f8r de gikk hver til sitt etter ti \u00e5rs ekteskap. Her er de avbildet under Oscar-utdelingen i 2006. Foto: NTB\n    <\/p>\n<p>Anthony og Lopez var gift fra 2004 til 2014, og forholdet var i mange \u00e5r et av Hollywoods mest omtalte ekteskap. De fikk tvillinger f\u00f8r de gikk hver til sitt.<\/p>\n<p class=\"font-weight-bold m-font-weight-bold\" data-lab-font_weight=\"font-weight-bold\">I dag har Marc funnet kj\u00e6rligheten p\u00e5 nytt med Nadia Ferreira.\u00a0<\/p>\n<p> <a href=\"https:\/\/www.seher.no\/kjendis\/54-aringen-giftet-seg-med-nadia-23\/78384650\" rel=\"nofollow noopener\" target=\"_blank\">Paret ga hverandre sitt ja i januar 2023<\/a>, etter en kort forlovelse, under en storsl\u00e5tt bryllupsseremoni i Miami.\u00a0<\/p>\n<p>        <img loading=\"lazy\" decoding=\"async\" src=\"https:\/\/www.europesays.com\/no\/wp-content\/uploads\/2026\/07\/84930423.webp\" width=\"686\" height=\"1029\" alt=\"\" class=\"\" style=\"--aspect-ratio-image: 0.67; \"\/><\/p>\n<p>\n        BABYLYKKE: Marc Anthony og Nadia Ferreira har allerede s\u00f8nnen Marco sammen fra 2023. N\u00e5 har paret, som har hele 30 \u00e5rs aldersforskjell, \u00f8nsket sitt andre barn velkommen.\n    <\/p>\n<p>Den stjernespekkede feiringen samlet flere kjente navn, blant andre David Beckham (51), Maluma (32) og Salma Hayek (59). <\/p>\n<p><script async src=\"\/\/www.instagram.com\/embed.js\"><\/script><\/p>\n","protected":false},"excerpt":{"rendered":"Marc Anthony:\u00a0 Den latinamerikanske superstjernen har \u00f8nsket sitt \u00e5ttende barn velkommen til verden. \u00c5TTEBARNSFAR: Marc Anthony har \u00f8nsket&hellip;\n","protected":false},"author":2,"featured_media":299533,"comment_status":"","ping_status":"","sticky":false,"template":"","format":"standard","meta":{"footnotes":"","_share_on_mastodon":"0"},"categories":[58],"tags":[7490,71,479,2543,16349,30,28,29,72],"class_list":["post-299532","post","type-post","status-publish","format-standard","has-post-thumbnail","category-underholdning","tag-babynyhet","tag-entertainment","tag-kjendis","tag-kjendisdesken","tag-marc-anthony","tag-no","tag-norge","tag-norway","tag-underholdning"],"share_on_mastodon":{"url":"https:\/\/pubeurope.com\/@no\/116963240462514380","error":""},"_links":{"self":[{"href":"https:\/\/www.europesays.com\/no\/wp-json\/wp\/v2\/posts\/299532","targetHints":{"allow":["GET"]}}],"collection":[{"href":"https:\/\/www.europesays.com\/no\/wp-json\/wp\/v2\/posts"}],"about":[{"href":"https:\/\/www.europesays.com\/no\/wp-json\/wp\/v2\/types\/post"}],"author":[{"embeddable":true,"href":"https:\/\/www.europesays.com\/no\/wp-json\/wp\/v2\/users\/2"}],"replies":[{"embeddable":true,"href":"https:\/\/www.europesays.com\/no\/wp-json\/wp\/v2\/comments?post=299532"}],"version-history":[{"count":0,"href":"https:\/\/www.europesays.com\/no\/wp-json\/wp\/v2\/posts\/299532\/revisions"}],"wp:featuredmedia":[{"embeddable":true,"href":"https:\/\/www.europesays.com\/no\/wp-json\/wp\/v2\/media\/299533"}],"wp:attachment":[{"href":"https:\/\/www.europesays.com\/no\/wp-json\/wp\/v2\/media?parent=299532"}],"wp:term":[{"taxonomy":"category","embeddable":true,"href":"https:\/\/www.europesays.com\/no\/wp-json\/wp\/v2\/categories?post=299532"},{"taxonomy":"post_tag","embeddable":true,"href":"https:\/\/www.europesays.com\/no\/wp-json\/wp\/v2\/tags?post=299532"}],"curies":[{"name":"wp","href":"https:\/\/api.w.org\/{rel}","templated":true}]}}